{"id":2980,"date":"2026-02-10T20:09:49","date_gmt":"2026-02-10T20:09:49","guid":{"rendered":"https:\/\/lifevery.biz.ua\/?p=2980"},"modified":"2026-02-10T20:09:49","modified_gmt":"2026-02-10T20:09:49","slug":"tragiczny-wypadek-na-dk-nie-zyje-jedna-osoba-maszyna-rozpadla-sie-na-kawalki","status":"publish","type":"post","link":"https:\/\/lifevery.biz.ua\/?p=2980","title":{"rendered":"Tragiczny wypadek na DK. Nie \u017cyje jedna osoba, maszyna rozpad\u0142a si\u0119 na kawa\u0142ki"},"content":{"rendered":"\n<p>Wypadki drogowe z udzia\u0142em motocyklist\u00f3w cz\u0119sto ko\u0144cz\u0105 si\u0119 tragicznie. Teraz Polsk\u0119 obieg\u0142y informacje o kolejnym fatalnym zdarzeniu. Kierowca nie ust\u0105pi\u0142 pierwsze\u0144stwa, a motocyklista zgin\u0105\u0142 na miejscu. Z jedno\u015bladu zosta\u0142y tylko kawa\u0142ki, a zdj\u0119cie z miejsca wypadku przera\u017caj\u0105.<\/p>\n\n\n\n<p>Wypadki drogowe z udzia\u0142em motocyklist\u00f3w cz\u0119sto ko\u0144cz\u0105 si\u0119 tragicznie<br>Wypadki z udzia\u0142em motocyklist\u00f3w w Polsce staj\u0105 si\u0119 coraz powa\u017cniejszym problemem, szczeg\u00f3lnie w sezonie wiosenno-letnim, kiedy liczba jedno\u015blad\u00f3w na drogach gwa\u0142townie ro\u015bnie. Wed\u0142ug danych Komendy G\u0142\u00f3wnej Policji, w 2024 roku dosz\u0142o do 2 455 wypadk\u00f3w z udzia\u0142em motocyklist\u00f3w \u2013 zgin\u0119\u0142o w nich 230 os\u00f3b, a ponad 2 300 zosta\u0142o rannych. To wyra\u017any wzrost w por\u00f3wnaniu z 2023 rokiem, kiedy takich zdarze\u0144 by\u0142o 1 947, a liczba ofiar \u015bmiertelnych wynios\u0142a 196.<\/p>\n\n\n\n<p><\/p>\n\n\n\n<p>W pierwszych czterech miesi\u0105cach 2025 roku sytuacja wci\u0105\u017c budzi niepok\u00f3j \u2013 odnotowano ju\u017c 356 wypadk\u00f3w z udzia\u0142em motocyklist\u00f3w, w kt\u00f3rych \u015bmier\u0107 ponios\u0142o 21 os\u00f3b. Cho\u0107 liczba zabitych nieznacznie spad\u0142a, to wzrost og\u00f3lnej liczby zdarze\u0144 mo\u017ce sugerowa\u0107 pogarszaj\u0105cy si\u0119 stan bezpiecze\u0144stwa na drogach. G\u0142\u00f3wne przyczyny wypadk\u00f3w to wci\u0105\u017c nadmierna pr\u0119dko\u015b\u0107, brak do\u015bwiadczenia, ryzykowne manewry oraz b\u0142\u0119dy kierowc\u00f3w aut \u2013 zw\u0142aszcza nieudzielenie pierwsze\u0144stwa przejazdu.<br><\/p>\n\n\n\n<p>Eksperci i s\u0142u\u017cby drogowe apeluj\u0105 zar\u00f3wno do motocyklist\u00f3w, jak i kierowc\u00f3w samochod\u00f3w o wi\u0119ksz\u0105 ostro\u017cno\u015b\u0107, wzajemny szacunek i przewidywanie sytuacji drogowych. Przypominaj\u0105 te\u017c, \u017ce ka\u017cdy sezon motocyklowy powinien zaczyna\u0107 si\u0119 nie tylko od przegl\u0105du technicznego maszyny, ale te\u017c od przypomnienia zasad bezpiecznej jazdy. W obliczu rosn\u0105cych statystyk odpowiedzialno\u015b\u0107 wszystkich uczestnik\u00f3w ruchu drogowego jest wa\u017cniejsza ni\u017c kiedykolwiek.<br><\/p>\n\n\n\n<p>Tragiczny wypadek z udzia\u0142em motocyklisty<br>Tragiczny wypadek, do kt\u00f3rego dosz\u0142o na drodze krajowej nr 46 w miejscowo\u015bci Blachownia, ponownie zwr\u00f3ci\u0142 uwag\u0119 opinii publicznej na problem bezpiecze\u0144stwa motocyklist\u00f3w w Polsce. Zdarzenie mia\u0142o miejsce w sobot\u0119 24 maja na ulicy Cz\u0119stochowskiej \u2013 wed\u0142ug relacji \u015bl\u0105skiej policji, kierowca busa, wykonuj\u0105c manewr skr\u0119tu w lewo, nie ust\u0105pi\u0142 pierwsze\u0144stwa nadje\u017cd\u017caj\u0105cemu z naprzeciwka motocykli\u015bcie. Dosz\u0142o do pot\u0119\u017cnego zderzenia.<\/p>\n\n\n\n<p>Motocykl zosta\u0142 dos\u0142ownie rozerwany na cz\u0119\u015bci, a wed\u0142ug \u015bwiadk\u00f3w, kieruj\u0105cy jedno\u015bladem przelecia\u0142 kilka metr\u00f3w i uderzy\u0142 z impetem w asfalt. Niestety zgin\u0105\u0142 na miejscu, mimo b\u0142yskawicznej reakcji s\u0142u\u017cb ratunkowych.<br><\/p>\n\n\n\n<p>Na miejscu interweniowa\u0142y wszystkie odpowiednie s\u0142u\u017cby: stra\u017c po\u017carna, pogotowie ratunkowe oraz policja, kt\u00f3ra natychmiast zablokowa\u0142a odcinek drogi w miejscu wypadku. Kierowcy zostali skierowani na objazdy, a funkcjonariusze apeluj\u0105 o szczeg\u00f3ln\u0105 ostro\u017cno\u015b\u0107, szczeg\u00f3lnie w sezonie wiosenno-letnim, kiedy znacznie ro\u015bnie liczba motocykli na drogach. Mundurowi przypominaj\u0105, \u017ce motocykli\u015bci, cho\u0107 cz\u0119sto poruszaj\u0105 si\u0119 szybciej, maj\u0105 ograniczone mo\u017cliwo\u015bci ochrony swojego cia\u0142a w razie kolizji, dlatego ka\u017cdy b\u0142\u0105d \u2013 zar\u00f3wno ich, jak i innych kierowc\u00f3w \u2013 mo\u017ce sko\u0144czy\u0107 si\u0119 tragicznie.<br><\/p>\n\n\n\n<p>Kierowcy musz\u0105 zwraca\u0107 szczeg\u00f3ln\u0105 uwag\u0119 na motocyklist\u00f3w<br>Zwracanie uwagi na motocyklist\u00f3w na drodze ma kluczowe znaczenie dla bezpiecze\u0144stwa wszystkich uczestnik\u00f3w ruchu. Motocykle, z racji swoich niewielkich rozmiar\u00f3w, mog\u0105 by\u0107 trudniej dostrzegalne w lusterkach czy martwych punktach, co sprawia, \u017ce \u0142atwo je przeoczy\u0107 \u2013 zw\u0142aszcza podczas zmiany pasa ruchu, skr\u0119tu czy wyprzedzania.<\/p>\n\n\n\n<p>Ka\u017cdy manewr wykonany bez upewnienia si\u0119, czy nie nadje\u017cd\u017ca motocyklista, mo\u017ce sko\u0144czy\u0107 si\u0119 powa\u017cnym wypadkiem. Warto pami\u0119ta\u0107, \u017ce osoby poruszaj\u0105ce si\u0119 jedno\u015bladami s\u0105 znacznie bardziej nara\u017cone na obra\u017cenia ni\u017c kierowcy aut, poniewa\u017c nie chroni ich karoseria ani systemy bezpiecze\u0144stwa. Dlatego kierowcy samochod\u00f3w powinni zachowa\u0107 szczeg\u00f3ln\u0105 ostro\u017cno\u015b\u0107, patrze\u0107 w lusterka i respektowa\u0107 pierwsze\u0144stwo \u2013 a motocykli\u015bci je\u017adzi\u0107 bardzo ostro\u017cnie i przewidywa\u0107 zagro\u017cenia. Tylko wzajemny szacunek i koncentracja na drodze mog\u0105 realnie zmniejszy\u0107 liczb\u0119 tragicznych zdarze\u0144.<br><\/p>\n","protected":false},"excerpt":{"rendered":"Wypadki drogowe z udzia\u0142em motocyklist\u00f3w cz\u0119sto ko\u0144cz\u0105 si\u0119 tragicznie. Teraz Polsk\u0119 obieg\u0142y informacje o kolejnym fatalnym zdarzeniu. Kierowca nie ust\u0105pi\u0142 pierwsze\u0144stwa, a motocyklista \n<a class=\"moretag\" href=\"https:\/\/lifevery.biz.ua\/?p=2980\"> [...]<\/a>","protected":false},"author":1,"featured_media":2981,"comment_status":"open","ping_status":"open","sticky":false,"template":"","format":"standard","meta":{"footnotes":""},"categories":[1],"tags":[],"class_list":["post-2980","post","type-post","status-publish","format-standard","has-post-thumbnail","hentry","category-blog"],"_links":{"self":[{"href":"https:\/\/lifevery.biz.ua\/index.php?rest_route=\/wp\/v2\/posts\/2980","targetHints":{"allow":["GET"]}}],"collection":[{"href":"https:\/\/lifevery.biz.ua\/index.php?rest_route=\/wp\/v2\/posts"}],"about":[{"href":"https:\/\/lifevery.biz.ua\/index.php?rest_route=\/wp\/v2\/types\/post"}],"author":[{"embeddable":true,"href":"https:\/\/lifevery.biz.ua\/index.php?rest_route=\/wp\/v2\/users\/1"}],"replies":[{"embeddable":true,"href":"https:\/\/lifevery.biz.ua\/index.php?rest_route=%2Fwp%2Fv2%2Fcomments&post=2980"}],"version-history":[{"count":1,"href":"https:\/\/lifevery.biz.ua\/index.php?rest_route=\/wp\/v2\/posts\/2980\/revisions"}],"predecessor-version":[{"id":2982,"href":"https:\/\/lifevery.biz.ua\/index.php?rest_route=\/wp\/v2\/posts\/2980\/revisions\/2982"}],"wp:featuredmedia":[{"embeddable":true,"href":"https:\/\/lifevery.biz.ua\/index.php?rest_route=\/wp\/v2\/media\/2981"}],"wp:attachment":[{"href":"https:\/\/lifevery.biz.ua\/index.php?rest_route=%2Fwp%2Fv2%2Fmedia&parent=2980"}],"wp:term":[{"taxonomy":"category","embeddable":true,"href":"https:\/\/lifevery.biz.ua\/index.php?rest_route=%2Fwp%2Fv2%2Fcategories&post=2980"},{"taxonomy":"post_tag","embeddable":true,"href":"https:\/\/lifevery.biz.ua\/index.php?rest_route=%2Fwp%2Fv2%2Ftags&post=2980"}],"curies":[{"name":"wp","href":"https:\/\/api.w.org\/{rel}","templated":true}]}}