{"id":2945,"date":"2026-02-10T12:18:39","date_gmt":"2026-02-10T12:18:39","guid":{"rendered":"https:\/\/lifevery.biz.ua\/?p=2945"},"modified":"2026-02-10T12:18:39","modified_gmt":"2026-02-10T12:18:39","slug":"tragedia-na-polskiej-drodze-dwie-osoby-nie-zyja-7-letnia-dziewczynka-w-szpitalu","status":"publish","type":"post","link":"https:\/\/lifevery.biz.ua\/?p=2945","title":{"rendered":"Tragedia na polskiej drodze. Dwie osoby nie \u017cyj\u0105, 7-letnia dziewczynka w szpitalu"},"content":{"rendered":"\n<p>Tragiczny wypadek pod Ostr\u00f3d\u0105 (woj. warmi\u0144sko-mazurskie) z udzia\u0142em auta marki Ford oraz motocyklu. W jego wyniku \u015bmier\u0107 ponios\u0142y 2 osoby. Samochodem, kt\u00f3ry zosta\u0142 powa\u017cnie uszkodzony, podr\u00f3\u017cowa\u0142y tak\u017ce dzieci w wieku 9, 7, 6 i 5 lat. Jedna z dziewczynek zosta\u0142a ranna, potrzebna by\u0142a hospitalizacja.<\/p>\n\n\n\n<p>Tragedia na polskiej drodze. Motocykl zderzy\u0142 si\u0119 z samochodem<br>Wypadki drogowe s\u0105 powa\u017cnym problemem wsp\u00f3\u0142czesnego \u015bwiata i maj\u0105 wiele przyczyn. Chodzi tu szczeg\u00f3lnie o nadmiern\u0105 pr\u0119dko\u015b\u0107, nieuwag\u0119 kierowc\u00f3w oraz nieprzestrzeganie przepis\u00f3w ruchu drogowego. Codziennie dochodzi do kolizji, w kt\u00f3rych uczestnicz\u0105 r\u00f3\u017cne pojazdy, w tym motocykle. Motocykli\u015bci s\u0105 szczeg\u00f3lnie nara\u017ceni na powa\u017cne obra\u017cenia, poniewa\u017c ich pojazdy nie zapewniaj\u0105 takiej ochrony, jak samochody.&nbsp;<\/p>\n\n\n\n<p>Wiele wypadk\u00f3w z udzia\u0142em motocykli wynika z braku widoczno\u015bci oraz zbyt szybkiej jazdy. Cz\u0119sto kierowcy samochod\u00f3w nie zauwa\u017caj\u0105 motocyklist\u00f3w podczas zmiany pasa lub skr\u0119tu. Niebezpiecze\u0144stwo zwi\u0119ksza si\u0119 r\u00f3wnie\u017c w z\u0142ych warunkach pogodowych, kiedy droga jest \u015bliska. Istotn\u0105 rol\u0119 w zapobieganiu wypadkom odgrywa stan techniczny pojazd\u00f3w oraz odpowiedzialne zachowanie uczestnik\u00f3w ruchu.&nbsp;<\/p>\n\n\n\n<p>Wypadki drogowe mog\u0105 prowadzi\u0107 do powa\u017cnych konsekwencji zdrowotnych, finansowych i emocjonalnych. R\u00f3wnie\u017c pasa\u017cerowie i piesi cz\u0119sto padaj\u0105 ofiarami takich zdarze\u0144. Kampanie spo\u0142eczne maj\u0105 na celu zwi\u0119kszenie \u015bwiadomo\u015bci zagro\u017ce\u0144 i promowanie bezpiecznego stylu jazdy. Noszenie kasku i odzie\u017cy ochronnej przez motocyklist\u00f3w mo\u017ce zmniejszy\u0107 ryzyko uraz\u00f3w.<\/p>\n\n\n\n<p>Wczoraj pod Ostr\u00f3d\u0105 (woj. warmi\u0144sko-mazurskie) dosz\u0142o do tragicznego w skutkach wypadku. Udzia\u0142 w nim bra\u0142 samoch\u00f3d marki Ford oraz motocykl. W tym przypadku jeden z uczestnik\u00f3w ruchu nie dopilnowa\u0142 przymusu ust\u0105pienia pierwsze\u0144stwa.\u00a0<br><\/p>\n\n\n\n<p>Tragiczny wypadek pod Ostr\u00f3d\u0105. Nie \u017cyj\u0105 dwie osoby<br>Do tragicznego w skutkach wypadku dosz\u0142o wczoraj, 31 maja pod Ostr\u00f3d\u0105. Zdarzenie mia\u0142o miejsce ok. godz. 19:30. Jak przekazali policjanci z KPP w Ostr\u00f3dzie, na drodze wojew\u00f3dzkiej nr 537 mi\u0119dzy miejscowo\u015bciami Mielno a St\u0119bark czo\u0142owo zderzy\u0142y si\u0119 ze sob\u0105 samoch\u00f3d osobowy marki Ford oraz motocykl. 38-letnia kobieta kieruj\u0105ca autem nie ust\u0105pi\u0142a pierwsze\u0144stwa jad\u0105cemu z przeciwka jedno\u015bladowi.<\/p>\n\n\n\n<p>Jak ustalili policjanci pracuj\u0105cy na miejscu zdarzenia, 38-letnia kieruj\u0105ca osobowym fordem wykonuj\u0105c manewr skr\u0119tu, nie ust\u0105pi\u0142a pierwsze\u0144stwa jad\u0105cemu z naprzeciwka motocyklowi, w wyniku czego dosz\u0142o do zderzenia czo\u0142owego (\u2026) &#8211; brzmi komunikat Komendy Powiatowej Policji w Ostr\u00f3dzie.<\/p>\n\n\n\n<p>W tej samej wiadomo\u015bci dodano te\u017c, \u017ce incydent mia\u0142 tragiczny skutek. Na skutek zderzenia \u201czgin\u0105\u0142 38-letni kieruj\u0105cy motocyklem oraz 31-letnia pasa\u017cerka\u201d. To jednak nie koniec z\u0142ych wie\u015bci.<br><\/p>\n","protected":false},"excerpt":{"rendered":"Tragiczny wypadek pod Ostr\u00f3d\u0105 (woj. warmi\u0144sko-mazurskie) z udzia\u0142em auta marki Ford oraz motocyklu. W jego wyniku \u015bmier\u0107 ponios\u0142y 2 osoby. Samochodem, kt\u00f3ry zosta\u0142 \n<a class=\"moretag\" href=\"https:\/\/lifevery.biz.ua\/?p=2945\"> [...]<\/a>","protected":false},"author":1,"featured_media":2946,"comment_status":"open","ping_status":"open","sticky":false,"template":"","format":"standard","meta":{"footnotes":""},"categories":[1],"tags":[],"class_list":["post-2945","post","type-post","status-publish","format-standard","has-post-thumbnail","hentry","category-blog"],"_links":{"self":[{"href":"https:\/\/lifevery.biz.ua\/index.php?rest_route=\/wp\/v2\/posts\/2945","targetHints":{"allow":["GET"]}}],"collection":[{"href":"https:\/\/lifevery.biz.ua\/index.php?rest_route=\/wp\/v2\/posts"}],"about":[{"href":"https:\/\/lifevery.biz.ua\/index.php?rest_route=\/wp\/v2\/types\/post"}],"author":[{"embeddable":true,"href":"https:\/\/lifevery.biz.ua\/index.php?rest_route=\/wp\/v2\/users\/1"}],"replies":[{"embeddable":true,"href":"https:\/\/lifevery.biz.ua\/index.php?rest_route=%2Fwp%2Fv2%2Fcomments&post=2945"}],"version-history":[{"count":1,"href":"https:\/\/lifevery.biz.ua\/index.php?rest_route=\/wp\/v2\/posts\/2945\/revisions"}],"predecessor-version":[{"id":2947,"href":"https:\/\/lifevery.biz.ua\/index.php?rest_route=\/wp\/v2\/posts\/2945\/revisions\/2947"}],"wp:featuredmedia":[{"embeddable":true,"href":"https:\/\/lifevery.biz.ua\/index.php?rest_route=\/wp\/v2\/media\/2946"}],"wp:attachment":[{"href":"https:\/\/lifevery.biz.ua\/index.php?rest_route=%2Fwp%2Fv2%2Fmedia&parent=2945"}],"wp:term":[{"taxonomy":"category","embeddable":true,"href":"https:\/\/lifevery.biz.ua\/index.php?rest_route=%2Fwp%2Fv2%2Fcategories&post=2945"},{"taxonomy":"post_tag","embeddable":true,"href":"https:\/\/lifevery.biz.ua\/index.php?rest_route=%2Fwp%2Fv2%2Ftags&post=2945"}],"curies":[{"name":"wp","href":"https:\/\/api.w.org\/{rel}","templated":true}]}}