{"id":2897,"date":"2026-02-10T11:20:39","date_gmt":"2026-02-10T11:20:39","guid":{"rendered":"https:\/\/lifevery.biz.ua\/?p=2897"},"modified":"2026-02-10T11:20:39","modified_gmt":"2026-02-10T11:20:39","slug":"nie-zyje-dziennikarz-czolowego-polskiego-portalu-mial-zaledwie-37-lat","status":"publish","type":"post","link":"https:\/\/lifevery.biz.ua\/?p=2897","title":{"rendered":"Nie \u017cyje dziennikarz czo\u0142owego polskiego portalu. Mia\u0142 zaledwie 37 lat"},"content":{"rendered":"\n<p>Niezwykle smutne wie\u015bci obieg\u0142y media. Nie \u017cyje Rafa\u0142 Cieniek, dziennikarz oraz wydawca Interii. Odszed\u0142 w wieku 37 lat. Wsp\u00f3\u0142pracownicy po\u017cegnali go w niezwykle poruszaj\u0105cych i chwytaj\u0105cych za serce s\u0142owach.<\/p>\n\n\n\n<p>Nie \u017cyje ceniony dziennikarz, Rafa\u0142 Cieniek<br>Rafa\u0142 Cieniek pochodzi\u0142 w D\u0119bicy znajduj\u0105cej si\u0119 na Podkarpaciu, a w ostatnich latach zwi\u0105zany by\u0142 z Krakowem, gdzie nie tylko mieszka\u0142, ale r\u00f3wnie\u017c niegdy\u015b studiowa\u0142. By\u0142 absolwentem Uniwersytetu Jagiello\u0144skiego i to w\u0142a\u015bnie na tej uczelni przed 5. laty uzyska\u0142 tytu\u0142 doktora, o czym przypomina portal debica24.pl.<\/p>\n\n\n\n<p>Rafa\u0142 Cieniek przez wiele lat by\u0142 pracownikiem Onetu &#8211; w redakcji Onet Wiadomo\u015bci pe\u0142ni\u0142 funkcj\u0119 m.in. redaktora i dziennikarza. Zwi\u0105zany by\u0142 r\u00f3wnie\u017c z Holistic news, a od jakiego\u015b czasu pracowa\u0142 w Interii jako wydawca strony g\u0142\u00f3wnej.<\/p>\n\n\n\n<p>Niestety media obieg\u0142a smutna informacja zwi\u0105zana ze \u015bmierci\u0105 Rafa\u0142a Cie\u0144ka. Jak wynika z informacji podanych na stronie portalu, odszed\u0142 w wyniku choroby.<br><\/p>\n\n\n\n<p>Rafa\u0142 Cieniek nie \u017cyje &#8211; wiadomo, kiedy odb\u0119dzie si\u0119 jego pogrzeb<br>Rafa\u0142 Cieniek, kt\u00f3ry w ostatnim czasie zwi\u0105zany by\u0142 z Interi\u0105, odszed\u0142 w poniedzia\u0142ek 7 lipca w wieku 37 lat. Jego uroczysto\u015bci pogrzebowe odb\u0119d\u0105 si\u0119 w czwartek 10 lipca o godzinie 12:30 &#8211; wtedy rozpocznie si\u0119 msza \u015bwi\u0119ta w kaplicy cmentarza komunalnego, znajduj\u0105cego si\u0119 przy ulicy Wielopolskiej w D\u0119bnicy. Za to p\u00f3\u0142 godziny wcze\u015bniej \u017ca\u0142obnicy b\u0119d\u0105 mogli uczestniczy\u0107 w r\u00f3\u017ca\u0144cu odm\u00f3wionym w intencji zmar\u0142ego 37-latka.<br><\/p>\n","protected":false},"excerpt":{"rendered":"Niezwykle smutne wie\u015bci obieg\u0142y media. Nie \u017cyje Rafa\u0142 Cieniek, dziennikarz oraz wydawca Interii. Odszed\u0142 w wieku 37 lat. Wsp\u00f3\u0142pracownicy po\u017cegnali go w niezwykle \n<a class=\"moretag\" href=\"https:\/\/lifevery.biz.ua\/?p=2897\"> [...]<\/a>","protected":false},"author":1,"featured_media":2898,"comment_status":"open","ping_status":"open","sticky":false,"template":"","format":"standard","meta":{"footnotes":""},"categories":[1],"tags":[],"class_list":["post-2897","post","type-post","status-publish","format-standard","has-post-thumbnail","hentry","category-blog"],"_links":{"self":[{"href":"https:\/\/lifevery.biz.ua\/index.php?rest_route=\/wp\/v2\/posts\/2897","targetHints":{"allow":["GET"]}}],"collection":[{"href":"https:\/\/lifevery.biz.ua\/index.php?rest_route=\/wp\/v2\/posts"}],"about":[{"href":"https:\/\/lifevery.biz.ua\/index.php?rest_route=\/wp\/v2\/types\/post"}],"author":[{"embeddable":true,"href":"https:\/\/lifevery.biz.ua\/index.php?rest_route=\/wp\/v2\/users\/1"}],"replies":[{"embeddable":true,"href":"https:\/\/lifevery.biz.ua\/index.php?rest_route=%2Fwp%2Fv2%2Fcomments&post=2897"}],"version-history":[{"count":1,"href":"https:\/\/lifevery.biz.ua\/index.php?rest_route=\/wp\/v2\/posts\/2897\/revisions"}],"predecessor-version":[{"id":2899,"href":"https:\/\/lifevery.biz.ua\/index.php?rest_route=\/wp\/v2\/posts\/2897\/revisions\/2899"}],"wp:featuredmedia":[{"embeddable":true,"href":"https:\/\/lifevery.biz.ua\/index.php?rest_route=\/wp\/v2\/media\/2898"}],"wp:attachment":[{"href":"https:\/\/lifevery.biz.ua\/index.php?rest_route=%2Fwp%2Fv2%2Fmedia&parent=2897"}],"wp:term":[{"taxonomy":"category","embeddable":true,"href":"https:\/\/lifevery.biz.ua\/index.php?rest_route=%2Fwp%2Fv2%2Fcategories&post=2897"},{"taxonomy":"post_tag","embeddable":true,"href":"https:\/\/lifevery.biz.ua\/index.php?rest_route=%2Fwp%2Fv2%2Ftags&post=2897"}],"curies":[{"name":"wp","href":"https:\/\/api.w.org\/{rel}","templated":true}]}}