{"id":2814,"date":"2026-02-09T15:17:53","date_gmt":"2026-02-09T15:17:53","guid":{"rendered":"https:\/\/lifevery.biz.ua\/?p=2814"},"modified":"2026-02-09T15:17:53","modified_gmt":"2026-02-09T15:17:53","slug":"szef-mswia-oficjalnie-potwierdzil-chodzi-o-przedluzenie-kontroli-na-granicach-jest-nowa-data","status":"publish","type":"post","link":"https:\/\/lifevery.biz.ua\/?p=2814","title":{"rendered":"Szef MSWiA oficjalnie potwierdzi\u0142. Chodzi o przed\u0142u\u017cenie kontroli na granicach. Jest nowa data"},"content":{"rendered":"\n<p>Napi\u0119cia na granicy polsko-niemieckiej w ostatnich tygodniach by\u0142y a\u017c nadto widoczne i zaowocowa\u0142y wprowadzeniem kontroli na granicy. Stra\u017c Graniczna sprawdza ludzi wyrywkowo, lecz czasami mo\u017ce sprawi\u0107 to problemy i op\u00f3\u017anienia. Teraz szef MSWiA przekaza\u0142, do kiedy przed\u0142u\u017cono kontrole.<\/p>\n\n\n\n<p>Napi\u0119cia na granicy polsko-niemieckiej<br>W ca\u0142ym kraju nie ustaj\u0105 napi\u0119cia zwi\u0105zane z tematyk\u0105 migracji, kt\u00f3re w ostatnim czasie znacz\u0105co si\u0119 nasili\u0142y. Cho\u0107 niech\u0119\u0107 wobec nielegalnych migrant\u00f3w narasta\u0142a od dawna, to ostatnie doniesienia dotycz\u0105ce dzia\u0142a\u0144 niemieckich s\u0142u\u017cb granicznych tylko dola\u0142y oliwy do ognia.&nbsp;<\/p>\n\n\n\n<p>ZOBACZ: Niepokoj\u0105ce, co mo\u017ce zrobi\u0107 Putin. Ukrai\u0144ski wywiad w\u0142a\u015bnie to ujawni\u0142, chodzi o wojn\u0119 z NATO<\/p>\n\n\n\n<p>Jak relacjonowano, funkcjonariusze z Niemiec mieli odstawia\u0107 nielegalnych migrant\u00f3w na terytorium Polski, gdzie trafiali oni pod opiek\u0119 polskich s\u0142u\u017cb. Pocz\u0105tkowo przedstawiciele rz\u0105du bagatelizowali spraw\u0119, zapewniaj\u0105c, \u017ce sytuacja jest pod kontrol\u0105. Jednak z czasem premier Donald Tusk zdecydowa\u0142 si\u0119 na bardziej stanowcze dzia\u0142ania, wprowadzaj\u0105c dodatkowe kontrole na granicy z Niemcami.<\/p>\n\n\n\n<p>&#8220;Od mniej wi\u0119cej miesi\u0105ca praktyka dzia\u0142ania na granicy polsko-niemieckiej uleg\u0142a znacz\u0105cej zmianie i spowodowa\u0142a napi\u0119cia, o czym uprzedza\u0142em stron\u0119 niemieck\u0105 w marcu (\u2026)&#8221;<\/p>\n\n\n\n<p>&#8220;Podj\u0119li\u015bmy decyzje o przywr\u00f3ceniu czasowej kontroli na granicy z Niemcami i Litw\u0105 (\u2026) Odpowiednie rozporz\u0105dzenie przygotowuje MSWiA (\u2026)\u201d \u2013 poinformowa\u0142 kilkana\u015bcie dni temu Donald Tusk.<\/p>\n\n\n\n<p>Narastaj\u0105ce obawy spo\u0142eczne oraz nieufno\u015b\u0107 wobec polityki migracyjnej doprowadzi\u0142y do mobilizacji \u015brodowisk narodowych. Szczeg\u00f3ln\u0105 aktywno\u015b\u0107 wykaza\u0142 tzw. Ruch Obrony Granic, zainicjowany przez Roberta B\u0105kiewicza. Cz\u0142onkowie organizacji, wspierani przez ochotnik\u00f3w, rozpocz\u0119li spo\u0142eczne &#8220;patrole&#8221; w rejonach przygranicznych, co spotka\u0142o si\u0119 z krytyk\u0105 ze strony w\u0142adz pa\u0144stwowych.&nbsp;<\/p>\n\n\n\n<p>Premier Tusk komentuj\u0105c te dzia\u0142ania, podkre\u015bli\u0142, \u017ce kwestie bezpiecze\u0144stwa granic s\u0105 kompetencj\u0105 s\u0142u\u017cb pa\u0144stwowych, a samowolne akcje mog\u0105 jedynie pog\u0142\u0119bia\u0107 chaos i zagro\u017cenia.<\/p>\n\n\n\n<p>Im bardziej pa\u0144stwo polskie odzyskuje kontrol\u0119 na granicach, tym mocniej jest atakowane przez PiS, Konfederacj\u0119 i ich boj\u00f3wki. Wpierw wpu\u015bcili setki tysi\u0119cy migrant\u00f3w z Azji i Afryki, zarabiaj\u0105c na wizach, a teraz pr\u00f3buj\u0105 sparali\u017cowa\u0107 nasz\u0105 Stra\u017c Graniczn\u0105. Nie pozwolimy na to. &#8211; pisa\u0142 na portalu X Donald Tusk.<br><\/p>\n\n\n\n<p>Kontrole na granicach przed\u0142u\u017cone<br>Obowi\u0105zuj\u0105ce kontrole na granicach nadal s\u0105 utrzymywane i cho\u0107 maj\u0105 charakter wyrywkowy \u2013 bywaj\u0105 uci\u0105\u017cliwe dla os\u00f3b przekraczaj\u0105cych granic\u0119. W wielu przypadkach wi\u0105\u017c\u0105 si\u0119 z dodatkowymi przestojami, wyd\u0142u\u017ceniem czasu przejazdu oraz tworzeniem si\u0119 zator\u00f3w, szczeg\u00f3lnie w godzinach wzmo\u017conego ruchu. Sytuacja ta dotyczy zar\u00f3wno podr\u00f3\u017cnych prywatnych, jak i transportu towarowego, co niekiedy rodzi frustracj\u0119 i pytania o zasadno\u015b\u0107 dalszego utrzymywania tego rozwi\u0105zania.<\/p>\n\n\n\n<p>Pomimo cyklicznych trudno\u015bci, z relacji os\u00f3b korzystaj\u0105cych z przej\u015b\u0107 granicznych wynika, \u017ce funkcjonariusze Stra\u017cy Granicznej dzia\u0142aj\u0105 sprawnie, profesjonalnie i z wyczuciem, staraj\u0105c si\u0119 mo\u017cliwie jak najmniej zak\u0142\u00f3ca\u0107 codzienne \u017cycie mieszka\u0144c\u00f3w pogranicza. Wielu obywateli dostrzega ich wysi\u0142ki i zrozumieniem podchodzi do konieczno\u015bci prowadzonych dzia\u0142a\u0144, maj\u0105cych na celu zapewnienie bezpiecze\u0144stwa pa\u0144stwa.<\/p>\n\n\n\n<p>Niepok\u00f3j i niepewno\u015b\u0107 budzi jednak pytanie: jak d\u0142ugo jeszcze potrwaj\u0105 kontrole? To kwestia, kt\u00f3ra regularnie powraca w debacie publicznej, zw\u0142aszcza w regionach przygranicznych, gdzie \u017cycie wielu os\u00f3b na co dzie\u0144 zwi\u0105zane jest z przekraczaniem granicy.<\/p>\n\n\n\n<p>Obecnie wiadomo ju\u017c, \u017ce kontrole graniczne zostan\u0105 przed\u0142u\u017cone Szef MSWiA poda\u0142 dat\u0119.<\/p>\n\n\n\n<p> Andrzej Duda zabra\u0142 g\u0142os ws. Trzaskowskiego. Pad\u0142y zdumiewaj\u0105ce s\u0142owa<br><\/p>\n\n\n\n<p>Wiadomo, do kiedy przed\u0142u\u017cono kontrole na granicy<br>Minister spraw wewn\u0119trznych i administracji Marcin Kierwi\u0144ski poinformowa\u0142, \u017ce kontrole na granicach z Niemcami i Litw\u0105 zosta\u0142y oficjalnie przed\u0142u\u017cone do 4 pa\u017adziernika.<\/p>\n\n\n\n<p>Kontrole na granicy z Niemcami i Litw\u0105 wprowadzone by\u0142y na miesi\u0105c, ale nie b\u0119dzie wielkim zaskoczeniem, bo m\u00f3wili\u015bmy o tym, \u017ce zdecydowali\u015bmy, aby t\u0119 czasow\u0105 kontrol\u0119 utrzyma\u0107 jeszcze przez kolejne dwa miesi\u0105ce &#8211; m\u00f3wi\u0142 szef MSWiA Marcin Kierwi\u0144ski.<\/p>\n\n\n\n<p>Decyzja ta zapad\u0142a po odprawie z udzia\u0142em wojewod\u00f3w oraz szef\u00f3w s\u0142u\u017cb odpowiedzialnych za bezpiecze\u0144stwo. Jednym z kluczowych temat\u00f3w spotkania by\u0142a sytuacja na wschodnim szlaku migracyjnym. Szef MSWiA zaznaczy\u0142, \u017ce dzia\u0142ania podejmowane przez rz\u0105d maj\u0105 na celu uszczelnienie granic i przeciwdzia\u0142anie nielegalnej migracji, kt\u00f3ra mog\u0142aby zagra\u017ca\u0107 stabilno\u015bci wewn\u0119trznej kraju.<\/p>\n\n\n\n<p>We wrze\u015bniu b\u0119dziemy podejmowa\u0107 decyzje w oparciu o dane, kt\u00f3re b\u0119dzie dostarcza\u0142a nam Stra\u017c Graniczna, wojsko, policja, czy i jakie b\u0119d\u0105 kolejne nasze kroki w tym zakresie (\u2026) &#8211; poinformowa\u0142 Marcin Kierwi\u0144ski.<\/p>\n\n\n\n<p>Jak poinformowa\u0142 minister, w pi\u0105tek podpisano odpowiednie rozporz\u0105dzenie przed\u0142u\u017caj\u0105ce kontrole. Dokument ten zosta\u0142 r\u00f3wnie\u017c przekazany Komisji Europejskiej w ramach procedury notyfikacyjnej. Dzi\u0119ki temu Polska formalnie poinformowa\u0142a unijne instytucje o dalszym stosowaniu tymczasowych kontroli na wybranych odcinkach granicy wewn\u0119trznej UE.<\/p>\n\n\n\n<p>Kierowali\u015bmy pisma na \u0141otw\u0119 i do Estonii, rozmawia\u0142em osobi\u015bcie z moim odpowiednikiem na Litwie, pan minister Maciej Duszczyk rozmawia\u0142 z wiceministrem spraw wewn\u0119trznych Niemiec. Jest pe\u0142ne zrozumienie naszych europejskich partner\u00f3w, bo te decyzje maj\u0105 domyka\u0107 szlak migracyjny, kt\u00f3ry dzi\u015b odtworzy\u0142 si\u0119 przez Litw\u0119 i \u0141otw\u0119 &#8211; m\u00f3wi\u0142 Kierwi\u0144ski, cytowany przez portal Interia.pl.<br><\/p>\n","protected":false},"excerpt":{"rendered":"Napi\u0119cia na granicy polsko-niemieckiej w ostatnich tygodniach by\u0142y a\u017c nadto widoczne i zaowocowa\u0142y wprowadzeniem kontroli na granicy. Stra\u017c Graniczna sprawdza ludzi wyrywkowo, lecz \n<a class=\"moretag\" href=\"https:\/\/lifevery.biz.ua\/?p=2814\"> [...]<\/a>","protected":false},"author":1,"featured_media":2815,"comment_status":"open","ping_status":"open","sticky":false,"template":"","format":"standard","meta":{"footnotes":""},"categories":[1],"tags":[],"class_list":["post-2814","post","type-post","status-publish","format-standard","has-post-thumbnail","hentry","category-blog"],"_links":{"self":[{"href":"https:\/\/lifevery.biz.ua\/index.php?rest_route=\/wp\/v2\/posts\/2814","targetHints":{"allow":["GET"]}}],"collection":[{"href":"https:\/\/lifevery.biz.ua\/index.php?rest_route=\/wp\/v2\/posts"}],"about":[{"href":"https:\/\/lifevery.biz.ua\/index.php?rest_route=\/wp\/v2\/types\/post"}],"author":[{"embeddable":true,"href":"https:\/\/lifevery.biz.ua\/index.php?rest_route=\/wp\/v2\/users\/1"}],"replies":[{"embeddable":true,"href":"https:\/\/lifevery.biz.ua\/index.php?rest_route=%2Fwp%2Fv2%2Fcomments&post=2814"}],"version-history":[{"count":1,"href":"https:\/\/lifevery.biz.ua\/index.php?rest_route=\/wp\/v2\/posts\/2814\/revisions"}],"predecessor-version":[{"id":2816,"href":"https:\/\/lifevery.biz.ua\/index.php?rest_route=\/wp\/v2\/posts\/2814\/revisions\/2816"}],"wp:featuredmedia":[{"embeddable":true,"href":"https:\/\/lifevery.biz.ua\/index.php?rest_route=\/wp\/v2\/media\/2815"}],"wp:attachment":[{"href":"https:\/\/lifevery.biz.ua\/index.php?rest_route=%2Fwp%2Fv2%2Fmedia&parent=2814"}],"wp:term":[{"taxonomy":"category","embeddable":true,"href":"https:\/\/lifevery.biz.ua\/index.php?rest_route=%2Fwp%2Fv2%2Fcategories&post=2814"},{"taxonomy":"post_tag","embeddable":true,"href":"https:\/\/lifevery.biz.ua\/index.php?rest_route=%2Fwp%2Fv2%2Ftags&post=2814"}],"curies":[{"name":"wp","href":"https:\/\/api.w.org\/{rel}","templated":true}]}}