{"id":2738,"date":"2026-02-09T05:30:12","date_gmt":"2026-02-09T05:30:12","guid":{"rendered":"https:\/\/lifevery.biz.ua\/?p=2738"},"modified":"2026-02-09T05:30:12","modified_gmt":"2026-02-09T05:30:12","slug":"nie-zyje-ceniony-wojskowy-jednostka-przekazala-tragiczne-wiesci","status":"publish","type":"post","link":"https:\/\/lifevery.biz.ua\/?p=2738","title":{"rendered":"Nie \u017cyje ceniony wojskowy. Jednostka przekaza\u0142a tragiczne wie\u015bci"},"content":{"rendered":"\n<p>Polskie wojsko straci\u0142o do\u015bwiadczonego oficera. W wieku 45 lat zmar\u0142 podpu\u0142kownik Konrad Barna\u015b, szef sztabu 12. Bazy Bezza\u0142ogowych Statk\u00f3w Powietrznych w Miros\u0142awcu. Jego odej\u015bcie to bolesny cios dla ca\u0142ej formacji.<\/p>\n\n\n\n<p>Nie \u017cyje polski wojskowy<br>Podpu\u0142kownik Konrad Barna\u015b by\u0142 zwi\u0105zany z armi\u0105 od wielu lat i przeszed\u0142 przez najtrudniejsze zadania, jakie stawia\u0142a przed nim s\u0142u\u017cba. W 2011 roku dowodzi\u0142 kluczem BSR w Grupie Rozpoznawczej Polskich Si\u0142 Zadaniowych podczas misji w Afganistanie. By\u0142 tak\u017ce spadochroniarzem, co podkre\u015bla\u0142o jego wszechstronne przygotowanie i gotowo\u015b\u0107 do dzia\u0142ania w ka\u017cdych warunkach.<br><\/p>\n\n\n\n<p>D\u0142ugoletnia s\u0142u\u017cba<br>W ostatnich latach pp\u0142k. Konrad Bana\u015b pe\u0142ni\u0142 funkcj\u0119 szefa sztabu w 12. Bazie Bezza\u0142ogowych Statk\u00f3w Powietrznych, jednostce odpowiedzialnej za zbieranie i analiz\u0119 danych rozpoznawczo-wywiadowczych.<br><\/p>\n\n\n\n<p>Jednostka \u017cegna oficera<br>\u015amier\u0107 podpu\u0142kownika Barnasia wywo\u0142a\u0142a ogromne poruszenie w\u015br\u00f3d koleg\u00f3w i prze\u0142o\u017conych. W oficjalnym komunikacie jednostki podkre\u015blono, \u017ce \u201enie umiera ten, kto trwa w sercach i pami\u0119ci naszej\u201d.\u00a0<br><\/p>\n\n\n\n<p>Konrad Barna\u015b zmar\u0142 12 wrze\u015bnia 2025 roku w wieku 45 lat. Pogrzeb zaplanowano na pi\u0105tek, 19 wrze\u015bnia, w ko\u015bciele pw. Matki Bo\u017cej Nieustaj\u0105cej Pomocy w Czarnej. W uroczysto\u015bci wezm\u0105 udzia\u0142 bliscy, przyjaciele oraz wojskowi, z kt\u00f3rymi przez lata dzieli\u0142 s\u0142u\u017cb\u0119.<\/p>\n\n\n\n<p><\/p>\n","protected":false},"excerpt":{"rendered":"Polskie wojsko straci\u0142o do\u015bwiadczonego oficera. W wieku 45 lat zmar\u0142 podpu\u0142kownik Konrad Barna\u015b, szef sztabu 12. Bazy Bezza\u0142ogowych Statk\u00f3w Powietrznych w Miros\u0142awcu. Jego \n<a class=\"moretag\" href=\"https:\/\/lifevery.biz.ua\/?p=2738\"> [...]<\/a>","protected":false},"author":1,"featured_media":2739,"comment_status":"open","ping_status":"open","sticky":false,"template":"","format":"standard","meta":{"footnotes":""},"categories":[1],"tags":[],"class_list":["post-2738","post","type-post","status-publish","format-standard","has-post-thumbnail","hentry","category-blog"],"_links":{"self":[{"href":"https:\/\/lifevery.biz.ua\/index.php?rest_route=\/wp\/v2\/posts\/2738","targetHints":{"allow":["GET"]}}],"collection":[{"href":"https:\/\/lifevery.biz.ua\/index.php?rest_route=\/wp\/v2\/posts"}],"about":[{"href":"https:\/\/lifevery.biz.ua\/index.php?rest_route=\/wp\/v2\/types\/post"}],"author":[{"embeddable":true,"href":"https:\/\/lifevery.biz.ua\/index.php?rest_route=\/wp\/v2\/users\/1"}],"replies":[{"embeddable":true,"href":"https:\/\/lifevery.biz.ua\/index.php?rest_route=%2Fwp%2Fv2%2Fcomments&post=2738"}],"version-history":[{"count":1,"href":"https:\/\/lifevery.biz.ua\/index.php?rest_route=\/wp\/v2\/posts\/2738\/revisions"}],"predecessor-version":[{"id":2740,"href":"https:\/\/lifevery.biz.ua\/index.php?rest_route=\/wp\/v2\/posts\/2738\/revisions\/2740"}],"wp:featuredmedia":[{"embeddable":true,"href":"https:\/\/lifevery.biz.ua\/index.php?rest_route=\/wp\/v2\/media\/2739"}],"wp:attachment":[{"href":"https:\/\/lifevery.biz.ua\/index.php?rest_route=%2Fwp%2Fv2%2Fmedia&parent=2738"}],"wp:term":[{"taxonomy":"category","embeddable":true,"href":"https:\/\/lifevery.biz.ua\/index.php?rest_route=%2Fwp%2Fv2%2Fcategories&post=2738"},{"taxonomy":"post_tag","embeddable":true,"href":"https:\/\/lifevery.biz.ua\/index.php?rest_route=%2Fwp%2Fv2%2Ftags&post=2738"}],"curies":[{"name":"wp","href":"https:\/\/api.w.org\/{rel}","templated":true}]}}