{"id":2735,"date":"2026-02-09T05:28:08","date_gmt":"2026-02-09T05:28:08","guid":{"rendered":"https:\/\/lifevery.biz.ua\/?p=2735"},"modified":"2026-02-09T05:28:08","modified_gmt":"2026-02-09T05:28:08","slug":"nie-zyje-dwoch-chlopcow-trzech-kolejnych-walczy-o-zycie-tragiczny-wypadek","status":"publish","type":"post","link":"https:\/\/lifevery.biz.ua\/?p=2735","title":{"rendered":"Nie \u017cyje dw\u00f3ch ch\u0142opc\u00f3w, trzech kolejnych walczy o \u017cycie. Tragiczny wypadek"},"content":{"rendered":"\n<p>Do koszmarnego wypadku dosz\u0142o w miejscowo\u015bci Wielowie\u015b w powiecie Gliwickim. Samoch\u00f3d, kt\u00f3rym jecha\u0142o pi\u0119ciu uczni\u00f3w technikum, wbi\u0142 si\u0119 w ci\u0105gnik siod\u0142owy z naczep\u0105. Niestety, \u015bmier\u0107 na miejscu ponios\u0142o dw\u00f3ch ch\u0142opc\u00f3w, trzech kolejnych walczy o \u017cycie w szpitalu.<\/p>\n\n\n\n<p>Powa\u017cny wypadek w Wielowsi<br>W czwartek 18 wrze\u015bnia oko\u0142o godziny 16:00 dosz\u0142o do tragicznego w skutkach zdarzenia. Na skrzy\u017cowaniu dr\u00f3g wojew\u00f3dzkich nr 901 i 907 w miejscowo\u015bci Wielowie\u015b jad\u0105cy Oplem Cors\u0105 kierowca nie zatrzyma\u0142 si\u0119 na znaku STOP. W konsekwencji uderzy\u0142 w ci\u0105gnik siod\u0142owy marki Mercedes z naczep\u0105. Samochodem osobowym podr\u00f3\u017cowa\u0142o pi\u0119ciu uczni\u00f3w Technikum Le\u015bnego w Brynku.<\/p>\n\n\n\n<p>Jak podaje portal \u201cGliwice Nasze Miasto\u201d, czynno\u015bci na miejscu zdarzenia zako\u0144czy\u0142y si\u0119 o godzinie 00:55. Policja potwierdzi\u0142a, \u017ce dwie osoby podr\u00f3\u017cuj\u0105ce Oplem Cors\u0105 ponios\u0142y \u015bmier\u0107 na miejscu, z kolei troje pozosta\u0142ych pasa\u017cer\u00f3w zosta\u0142o przetransportowanych do szpitala: dw\u00f3ch przez za\u0142og\u0119 Lotniczego Pogotowia Ratunkowego, jeden przez karetk\u0119 pogotowia. Mercedesem podr\u00f3\u017cowa\u0142y dwie osoby, \u017cadna nie odnios\u0142a powa\u017cnych obra\u017ce\u0144.<\/p>\n\n\n\n<p>Wed\u0142ug ustale\u0144 dziennikarzy, 19-latek kieruj\u0105cy Oplem posiada\u0142 prawo jazdy od 14. roku \u017cycia, kategori\u0119 AM (motorowery i lekkie k\u0142ady), oraz od 16. roku \u017cycia posiada\u0142 uprawnienia do kategorii A1 (lekkie pojazdy o masie do 550 kg).<br><\/p>\n\n\n\n<p>Spo\u0142eczno\u015b\u0107 szko\u0142y w \u017ca\u0142obie<br>Spo\u0142eczno\u015b\u0107 Technikum Le\u015bnego w Brynku nie mo\u017ce si\u0119 otrz\u0105sn\u0105\u0107 w obliczu tak wielkiej tragedii. W mediach spo\u0142eczno\u015bciowych nie brakuje wielu s\u0142\u00f3w niedowierzania w to, \u017ce taka tragedia mog\u0142a dosi\u0119gn\u0105\u0107 pi\u0119ciu m\u0142odych ch\u0142opc\u00f3w.<\/p>\n\n\n\n<p>Dzi\u015b p\u0119k\u0142o mi serce, bo tym osobowym samochodem jecha\u0142o 5 uczni\u00f3w naszego Technikum Le\u015bnego w Brynku, z kt\u00f3rym jestem emocjonalnie zwi\u0105zana. Czterech uczni\u00f3w z klas czwartych i jeden z pierwszej. Stracili\u015bmy wspania\u0142ych m\u0142odych m\u0119\u017cczyzn (\u2026) Zna\u0142am osobi\u015bcie tr\u00f3jk\u0119 \u2013 to wspania\u0142a m\u0142odzie\u017c \u2013 to by\u0142 zwyk\u0142y dzie\u0144, sprawny samoch\u00f3d, tylko kierowca mia\u0142 uko\u0144czone 18 lat. Mieszkali w internacie, bo technik\u00f3w le\u015bnych jest tylko 11 w Polsce, a to wyj\u0105tkowa m\u0142odzie\u017c z pasjami: samodzielna, pracowita, odpowiedzialna. To nie mia\u0142o prawa si\u0119 zdarzy\u0107 \u2013 i nie spos\u00f3b si\u0119 z tym pogodzi\u0107 &#8211; czytamy we wpisie p. Gra\u017cyny Klimaczk.<br><\/p>\n\n\n\n<p>Spo\u0142eczno\u015b\u0107 szko\u0142y w \u017ca\u0142obie<br>Spo\u0142eczno\u015b\u0107 Technikum Le\u015bnego w Brynku nie mo\u017ce si\u0119 otrz\u0105sn\u0105\u0107 w obliczu tak wielkiej tragedii. W mediach spo\u0142eczno\u015bciowych nie brakuje wielu s\u0142\u00f3w niedowierzania w to, \u017ce taka tragedia mog\u0142a dosi\u0119gn\u0105\u0107 pi\u0119ciu m\u0142odych ch\u0142opc\u00f3w.<\/p>\n\n\n\n<p>Dzi\u015b p\u0119k\u0142o mi serce, bo tym osobowym samochodem jecha\u0142o 5 uczni\u00f3w naszego Technikum Le\u015bnego w Brynku, z kt\u00f3rym jestem emocjonalnie zwi\u0105zana. Czterech uczni\u00f3w z klas czwartych i jeden z pierwszej. Stracili\u015bmy wspania\u0142ych m\u0142odych m\u0119\u017cczyzn (\u2026) Zna\u0142am osobi\u015bcie tr\u00f3jk\u0119 \u2013 to wspania\u0142a m\u0142odzie\u017c \u2013 to by\u0142 zwyk\u0142y dzie\u0144, sprawny samoch\u00f3d, tylko kierowca mia\u0142 uko\u0144czone 18 lat. Mieszkali w internacie, bo technik\u00f3w le\u015bnych jest tylko 11 w Polsce, a to wyj\u0105tkowa m\u0142odzie\u017c z pasjami: samodzielna, pracowita, odpowiedzialna. To nie mia\u0142o prawa si\u0119 zdarzy\u0107 \u2013 i nie spos\u00f3b si\u0119 z tym pogodzi\u0107 &#8211; czytamy we wpisie p. Gra\u017cyny Klimaczk.<br><\/p>\n","protected":false},"excerpt":{"rendered":"Do koszmarnego wypadku dosz\u0142o w miejscowo\u015bci Wielowie\u015b w powiecie Gliwickim. Samoch\u00f3d, kt\u00f3rym jecha\u0142o pi\u0119ciu uczni\u00f3w technikum, wbi\u0142 si\u0119 w ci\u0105gnik siod\u0142owy z naczep\u0105. \n<a class=\"moretag\" href=\"https:\/\/lifevery.biz.ua\/?p=2735\"> [...]<\/a>","protected":false},"author":1,"featured_media":2736,"comment_status":"open","ping_status":"open","sticky":false,"template":"","format":"standard","meta":{"footnotes":""},"categories":[1],"tags":[],"class_list":["post-2735","post","type-post","status-publish","format-standard","has-post-thumbnail","hentry","category-blog"],"_links":{"self":[{"href":"https:\/\/lifevery.biz.ua\/index.php?rest_route=\/wp\/v2\/posts\/2735","targetHints":{"allow":["GET"]}}],"collection":[{"href":"https:\/\/lifevery.biz.ua\/index.php?rest_route=\/wp\/v2\/posts"}],"about":[{"href":"https:\/\/lifevery.biz.ua\/index.php?rest_route=\/wp\/v2\/types\/post"}],"author":[{"embeddable":true,"href":"https:\/\/lifevery.biz.ua\/index.php?rest_route=\/wp\/v2\/users\/1"}],"replies":[{"embeddable":true,"href":"https:\/\/lifevery.biz.ua\/index.php?rest_route=%2Fwp%2Fv2%2Fcomments&post=2735"}],"version-history":[{"count":1,"href":"https:\/\/lifevery.biz.ua\/index.php?rest_route=\/wp\/v2\/posts\/2735\/revisions"}],"predecessor-version":[{"id":2737,"href":"https:\/\/lifevery.biz.ua\/index.php?rest_route=\/wp\/v2\/posts\/2735\/revisions\/2737"}],"wp:featuredmedia":[{"embeddable":true,"href":"https:\/\/lifevery.biz.ua\/index.php?rest_route=\/wp\/v2\/media\/2736"}],"wp:attachment":[{"href":"https:\/\/lifevery.biz.ua\/index.php?rest_route=%2Fwp%2Fv2%2Fmedia&parent=2735"}],"wp:term":[{"taxonomy":"category","embeddable":true,"href":"https:\/\/lifevery.biz.ua\/index.php?rest_route=%2Fwp%2Fv2%2Fcategories&post=2735"},{"taxonomy":"post_tag","embeddable":true,"href":"https:\/\/lifevery.biz.ua\/index.php?rest_route=%2Fwp%2Fv2%2Ftags&post=2735"}],"curies":[{"name":"wp","href":"https:\/\/api.w.org\/{rel}","templated":true}]}}