{"id":2656,"date":"2026-02-08T13:28:40","date_gmt":"2026-02-08T13:28:40","guid":{"rendered":"https:\/\/lifevery.biz.ua\/?p=2656"},"modified":"2026-02-08T13:28:40","modified_gmt":"2026-02-08T13:28:40","slug":"powazny-wypadek-na-polskiej-trasie-samochod-stanal-w-ogniu-ladowal-lpr","status":"publish","type":"post","link":"https:\/\/lifevery.biz.ua\/?p=2656","title":{"rendered":"Powa\u017cny wypadek na polskiej trasie. Samoch\u00f3d stan\u0105\u0142 w ogniu, l\u0105dowa\u0142 LPR"},"content":{"rendered":"\n<p>Powa\u017cny wypadek na polskiej trasie. Samoch\u00f3d stan\u0105\u0142 w ogniu, l\u0105dowa\u0142 LPR<\/p>\n\n\n\n<p>W pi\u0105tkowy wiecz\u00f3r na jednej z ruchliwych tras w polskiej miejscowo\u015bci dosz\u0142o do powa\u017cnego wypadku. W wyniku zderzenia kilku pojazd\u00f3w cz\u0119\u015b\u0107 drogi zosta\u0142a zablokowana, a na miejsce ruszy\u0142y liczne s\u0142u\u017cby ratunkowe.<\/p>\n\n\n\n<p>Wypadek na S8<br>Do zdarzenia dosz\u0142o w pi\u0105tkowy wiecz\u00f3r, 3 pa\u017adziernika tu\u017c przed godzin\u0105 19:00, na trasie ekspresowej S8 mi\u0119dzy w\u0119z\u0142ami Ole\u015bnica Zach\u00f3d i Ole\u015bnica P\u00f3\u0142noc. Z nieustalonych jeszcze przyczyn zderzy\u0142y si\u0119 cztery pojazdy: dwa samochody osobowe i dwa busy. Jeden z bus\u00f3w po zderzeniu zapali\u0142 si\u0119, a ogie\u0144 szybko obj\u0105\u0142 wi\u0119ksz\u0105 cz\u0119\u015b\u0107 pojazdu.<br><\/p>\n\n\n\n<p>W akcji \u015bmig\u0142owiec LPR<br>Na miejscu b\u0142yskawicznie pojawi\u0142y si\u0119 zast\u0119py stra\u017cy po\u017carnej, ratownicy medyczni oraz policja. Stra\u017cacy ugasili p\u0142on\u0105cy pojazd i zabezpieczyli teren, a ratownicy udzielili pomocy poszkodowanym. \u0141\u0105cznie rannych zosta\u0142o pi\u0119\u0107 os\u00f3b, kt\u00f3re trafi\u0142y do szpitala \u2014 cz\u0119\u015b\u0107 karetkami, a jedna osoba \u015bmig\u0142owcem Lotniczego Pogotowia Ratunkowego.<\/p>\n\n\n\n<p>W wyniku zderzenia pi\u0119\u0107 os\u00f3b zosta\u0142o poszkodowanych. Decyzj\u0105 lekarza ranne osoby zosta\u0142y przetransportowane do szpitali \u015bmig\u0142owcem LPR oraz karetkami \u2013 przekaza\u0142 w rozmowie z serwisem tuwroclaw.pl Krystian We\u0142dzi\u0144ski z Komendy Powiatowej Pa\u0144stwowej Stra\u017cy Po\u017carnej w Ole\u015bnicy.\u00a0<br><\/p>\n\n\n\n<p>Policja ustala przyczyny wypadku<br>Po wypadku trasa S8 w kierunku Wroc\u0142awia zosta\u0142a ca\u0142kowicie zablokowana. Kierowcy utkn\u0119li w d\u0142ugim korku, a objazdy prowadzi\u0142a policja. Na miejscu pracowa\u0142y cztery zast\u0119py stra\u017cy po\u017carnej, ratownicy medyczni i funkcjonariusze drog\u00f3wki, kt\u00f3rzy przez kilka godzin prowadzili czynno\u015bci dochodzeniowe.<\/p>\n\n\n\n<p>Jak informuj\u0105 s\u0142u\u017cby, droga by\u0142a nieprzejezdna przez kilka godzin, a kierowcy musieli uzbroi\u0107 si\u0119 w cierpliwo\u015b\u0107. Dopiero po uprz\u0105tni\u0119ciu wrak\u00f3w i zako\u0144czeniu ogl\u0119dzin bieg\u0142ych przywr\u00f3cono ruch jednym pasem.<\/p>\n\n\n\n<p>Dok\u0142adne okoliczno\u015bci i przyczyny wypadku s\u0105 wci\u0105\u017c ustalane. Policja nie ujawnia jeszcze, kt\u00f3ry z kierowc\u00f3w m\u00f3g\u0142 zapocz\u0105tkowa\u0107 zderzenie ani czy na zdarzenie wp\u0142yn\u0119\u0142y warunki pogodowe lub nadmierna pr\u0119dko\u015b\u0107.<\/p>\n\n\n\n<p><\/p>\n","protected":false},"excerpt":{"rendered":"Powa\u017cny wypadek na polskiej trasie. Samoch\u00f3d stan\u0105\u0142 w ogniu, l\u0105dowa\u0142 LPR W pi\u0105tkowy wiecz\u00f3r na jednej z ruchliwych tras w polskiej miejscowo\u015bci dosz\u0142o \n<a class=\"moretag\" href=\"https:\/\/lifevery.biz.ua\/?p=2656\"> [...]<\/a>","protected":false},"author":1,"featured_media":2657,"comment_status":"open","ping_status":"open","sticky":false,"template":"","format":"standard","meta":{"footnotes":""},"categories":[1],"tags":[],"class_list":["post-2656","post","type-post","status-publish","format-standard","has-post-thumbnail","hentry","category-blog"],"_links":{"self":[{"href":"https:\/\/lifevery.biz.ua\/index.php?rest_route=\/wp\/v2\/posts\/2656","targetHints":{"allow":["GET"]}}],"collection":[{"href":"https:\/\/lifevery.biz.ua\/index.php?rest_route=\/wp\/v2\/posts"}],"about":[{"href":"https:\/\/lifevery.biz.ua\/index.php?rest_route=\/wp\/v2\/types\/post"}],"author":[{"embeddable":true,"href":"https:\/\/lifevery.biz.ua\/index.php?rest_route=\/wp\/v2\/users\/1"}],"replies":[{"embeddable":true,"href":"https:\/\/lifevery.biz.ua\/index.php?rest_route=%2Fwp%2Fv2%2Fcomments&post=2656"}],"version-history":[{"count":1,"href":"https:\/\/lifevery.biz.ua\/index.php?rest_route=\/wp\/v2\/posts\/2656\/revisions"}],"predecessor-version":[{"id":2658,"href":"https:\/\/lifevery.biz.ua\/index.php?rest_route=\/wp\/v2\/posts\/2656\/revisions\/2658"}],"wp:featuredmedia":[{"embeddable":true,"href":"https:\/\/lifevery.biz.ua\/index.php?rest_route=\/wp\/v2\/media\/2657"}],"wp:attachment":[{"href":"https:\/\/lifevery.biz.ua\/index.php?rest_route=%2Fwp%2Fv2%2Fmedia&parent=2656"}],"wp:term":[{"taxonomy":"category","embeddable":true,"href":"https:\/\/lifevery.biz.ua\/index.php?rest_route=%2Fwp%2Fv2%2Fcategories&post=2656"},{"taxonomy":"post_tag","embeddable":true,"href":"https:\/\/lifevery.biz.ua\/index.php?rest_route=%2Fwp%2Fv2%2Ftags&post=2656"}],"curies":[{"name":"wp","href":"https:\/\/api.w.org\/{rel}","templated":true}]}}