{"id":259,"date":"2026-01-17T15:42:34","date_gmt":"2026-01-17T15:42:34","guid":{"rendered":"https:\/\/lifevery.biz.ua\/?p=259"},"modified":"2026-01-17T15:42:34","modified_gmt":"2026-01-17T15:42:34","slug":"ostrow-wielkopolski-anite-zal-nietrzezwy-kierowca-prezydent-miasta-zegna-37-latke-wzruszajacymi-slowami","status":"publish","type":"post","link":"https:\/\/lifevery.biz.ua\/?p=259","title":{"rendered":"Ostr\u00f3w Wielkopolski: Anit\u0119 za**\u0142 nietrze\u017awy kierowca. Prezydent miasta \u017cegna 37-latk\u0119 wzruszaj\u0105cymi s\u0142owami"},"content":{"rendered":"\n<p>W sylwestrow\u0105 noc Ostr\u00f3w Wielkopolski sta\u0142 si\u0119 miejscem tragicznego wypadku, kt\u00f3ry wstrz\u0105sn\u0105\u0142 lokaln\u0105 spo\u0142eczno\u015bci\u0105. 37-letnia Anita Idziorek straci\u0142a \u017cycie w wyniku uderzenia przez rozp\u0119dzone auto. Jej \u015bmier\u0107 poruszy\u0142a wielu mieszka\u0144c\u00f3w, a po\u017cegnanie kobiety odby\u0142o si\u0119 kilka dni p\u00f3\u017aniej w Wysocku Wielkim.<\/p>\n\n\n\n<p>Tragiczny wypadek w Ostrowie Wielkopolskim w sylwestra<br>Anita Idziorek \u2013 spo\u0142eczniczka i wolontariuszka WO\u015aP<br>Pogrzeb i wspomnienia bliskich po \u015bmierci 37-latki<br>Tragiczny wypadek w Ostrowie Wielkopolskim w sylwestra<br>Anita Idziorek by\u0142a osob\u0105 aktywn\u0105 spo\u0142ecznie i pe\u0142n\u0105 pasji. Zaanga\u017cowana w dzia\u0142alno\u015b\u0107 Wielkiej Orkiestry \u015awi\u0105tecznej Pomocy odpowiada\u0142a m.in. za przygotowanie i publikacj\u0119 materia\u0142\u00f3w wideo w mediach spo\u0142eczno\u015bciowych miejskiego sztabu. Prezydentka Ostrowa Wielkopolskiego Beata Klimek podkre\u015bli\u0142a jej wyj\u0105tkowe cechy w mediach spo\u0142eczno\u015bciowych:<\/p>\n\n\n\n<p>Dzi\u015b \u017cegnamy Anit\u0119 Idziorek, zmar\u0142\u0105 w tragicznych okoliczno\u015bciach w sylwestrow\u0105 noc. Anita by\u0142a osob\u0105 pe\u0142n\u0105 \u017cycia, ciep\u0142a i energii \u2013 niezwykle u\u015bmiechni\u0119t\u0105, kreatywn\u0105, zaanga\u017cowan\u0105 \u2013 napisa\u0142a na swoim oficjalnym profilu na portalu Facebooku.<br><\/p>\n","protected":false},"excerpt":{"rendered":"W sylwestrow\u0105 noc Ostr\u00f3w Wielkopolski sta\u0142 si\u0119 miejscem tragicznego wypadku, kt\u00f3ry wstrz\u0105sn\u0105\u0142 lokaln\u0105 spo\u0142eczno\u015bci\u0105. 37-letnia Anita Idziorek straci\u0142a \u017cycie w wyniku uderzenia przez \n<a class=\"moretag\" href=\"https:\/\/lifevery.biz.ua\/?p=259\"> [...]<\/a>","protected":false},"author":1,"featured_media":260,"comment_status":"open","ping_status":"open","sticky":false,"template":"","format":"standard","meta":{"footnotes":""},"categories":[1],"tags":[],"class_list":["post-259","post","type-post","status-publish","format-standard","has-post-thumbnail","hentry","category-blog"],"_links":{"self":[{"href":"https:\/\/lifevery.biz.ua\/index.php?rest_route=\/wp\/v2\/posts\/259","targetHints":{"allow":["GET"]}}],"collection":[{"href":"https:\/\/lifevery.biz.ua\/index.php?rest_route=\/wp\/v2\/posts"}],"about":[{"href":"https:\/\/lifevery.biz.ua\/index.php?rest_route=\/wp\/v2\/types\/post"}],"author":[{"embeddable":true,"href":"https:\/\/lifevery.biz.ua\/index.php?rest_route=\/wp\/v2\/users\/1"}],"replies":[{"embeddable":true,"href":"https:\/\/lifevery.biz.ua\/index.php?rest_route=%2Fwp%2Fv2%2Fcomments&post=259"}],"version-history":[{"count":1,"href":"https:\/\/lifevery.biz.ua\/index.php?rest_route=\/wp\/v2\/posts\/259\/revisions"}],"predecessor-version":[{"id":261,"href":"https:\/\/lifevery.biz.ua\/index.php?rest_route=\/wp\/v2\/posts\/259\/revisions\/261"}],"wp:featuredmedia":[{"embeddable":true,"href":"https:\/\/lifevery.biz.ua\/index.php?rest_route=\/wp\/v2\/media\/260"}],"wp:attachment":[{"href":"https:\/\/lifevery.biz.ua\/index.php?rest_route=%2Fwp%2Fv2%2Fmedia&parent=259"}],"wp:term":[{"taxonomy":"category","embeddable":true,"href":"https:\/\/lifevery.biz.ua\/index.php?rest_route=%2Fwp%2Fv2%2Fcategories&post=259"},{"taxonomy":"post_tag","embeddable":true,"href":"https:\/\/lifevery.biz.ua\/index.php?rest_route=%2Fwp%2Fv2%2Ftags&post=259"}],"curies":[{"name":"wp","href":"https:\/\/api.w.org\/{rel}","templated":true}]}}