{"id":2555,"date":"2026-02-07T18:36:37","date_gmt":"2026-02-07T18:36:37","guid":{"rendered":"https:\/\/lifevery.biz.ua\/?p=2555"},"modified":"2026-02-07T18:36:37","modified_gmt":"2026-02-07T18:36:37","slug":"jedna-osoba-nie-zyje-dwie-sa-ranne-smiertelny-wypadek-w-centrum-polski","status":"publish","type":"post","link":"https:\/\/lifevery.biz.ua\/?p=2555","title":{"rendered":"Jedna osoba nie \u017cyje, dwie s\u0105 ranne. \u015amiertelny wypadek w centrum Polski"},"content":{"rendered":"\n<p>Na alei 600\u2011lecia w \u0141odzi dosz\u0142o do powa\u017cnego zderzenia dw\u00f3ch aut osobowych. W wyniku wypadku s\u0105 ofiary \u015bmiertelne i ranni, a s\u0142u\u017cby wyja\u015bniaj\u0105 przebieg oraz przyczyny zdarzenia.<\/p>\n\n\n\n<p>Okoliczno\u015bci zdarzenia<br>Do bardzo powa\u017cnego wypadku dosz\u0142o w niedziel\u0119, 26 pa\u017adziernika, przed godzin\u0105 14:00 w alei 600\u2011lecia w \u0141odzi, na wysoko\u015bci ul. Bromisin. W wypadku zgin\u0119\u0142a jedna osoba, a dwie zosta\u0142y ranne.<br><\/p>\n\n\n\n<p>Przebieg i pierwsze ustalenia<br>Wed\u0142ug wst\u0119pnych ustale\u0144, do zderzenia dosz\u0142o po manewrze jednego z kierowc\u00f3w, kt\u00f3ry naruszy\u0142 podstawowe zasady bezpiecze\u0144stwa na drodze. Kieruj\u0105cy mercedesem, 47\u2011latek, zjecha\u0142 na przeciwleg\u0142y pas ruchu i uderzy\u0142 w prawid\u0142owo jad\u0105cego Opla. Po zabezpieczeniu miejsca zdarzenia policja przekaza\u0142a kr\u00f3tk\u0105 informacj\u0119 o zderzeniu, wskazuj\u0105c na prawid\u0142owe zachowanie drugiego uczestnika.<\/p>\n\n\n\n<ul class=\"wp-block-list\">\n<li>M\u0119\u017cczyzna zderzy\u0142 si\u0119 z prawid\u0142owo poruszaj\u0105cym si\u0119 oplem corsa, kt\u00f3rym podr\u00f3\u017cowa\u0142 kieruj\u0105cy wraz z pasa\u017cerk\u0105 &#8211; poinformowa\u0142a kom. Edyta Machnik z zespo\u0142u prasowego KWP w \u0141odzi w rozmowie z \u201cSuper Expressem\u201d.<\/li>\n<\/ul>\n\n\n\n<p>W wyniku zderzenia obra\u017cenia odnie\u015bli uczestnicy obu aut, a skutki by\u0142y szczeg\u00f3lnie powa\u017cne dla kierowcy opla.<br><\/p>\n\n\n\n<p>Jedna osoba nie \u017cyje, dwie zosta\u0142y ranne<br>Jedna z os\u00f3b poszkodowanych wymaga\u0142a natychmiastowej ewakuacji powietrznej, co wskazuje na powa\u017cny charakter uraz\u00f3w. Pasa\u017cerk\u0119 opla zabra\u0142 \u015bmig\u0142owiec Lotniczego Pogotowia Ratunkowego. Kieruj\u0105cy mercedesem r\u00f3wnie\u017c odni\u00f3s\u0142 obra\u017cenia i wymaga\u0142 pilnej pomocy medycznej na miejscu, a nast\u0119pnie transportu l\u0105dowego. Ranny 47\u2011latek z mercedesa zosta\u0142 przewieziony do szpitala karetk\u0105. Niestety, pomimo szybko udzielonej mu pomocy, kierowca Opla zgin\u0105\u0142 na miejscu.<\/p>\n\n\n\n<p>R\u00f3wnolegle policjanci prowadzili rutynowe badania trze\u017awo\u015bci i testy narkotykowe, kt\u00f3re s\u0105 standardem przy tego typu zdarzeniach. Wst\u0119pne wyniki by\u0142y jednoznaczne w cz\u0119\u015bci dotycz\u0105cej alkoholu, a dodatkowy test wskaza\u0142 w\u0105tek wymagaj\u0105cy dalszej weryfikacji laboratoryjnej.<\/p>\n\n\n\n<p>M\u0119\u017cczyzna by\u0142 trze\u017awy, ale badanie narkotesterem da\u0142o pozytywny wynik &#8211; dodaje kom. Edyta Machnik<br><\/p>\n","protected":false},"excerpt":{"rendered":"Na alei 600\u2011lecia w \u0141odzi dosz\u0142o do powa\u017cnego zderzenia dw\u00f3ch aut osobowych. W wyniku wypadku s\u0105 ofiary \u015bmiertelne i ranni, a s\u0142u\u017cby wyja\u015bniaj\u0105 \n<a class=\"moretag\" href=\"https:\/\/lifevery.biz.ua\/?p=2555\"> [...]<\/a>","protected":false},"author":1,"featured_media":2556,"comment_status":"open","ping_status":"open","sticky":false,"template":"","format":"standard","meta":{"footnotes":""},"categories":[1],"tags":[],"class_list":["post-2555","post","type-post","status-publish","format-standard","has-post-thumbnail","hentry","category-blog"],"_links":{"self":[{"href":"https:\/\/lifevery.biz.ua\/index.php?rest_route=\/wp\/v2\/posts\/2555","targetHints":{"allow":["GET"]}}],"collection":[{"href":"https:\/\/lifevery.biz.ua\/index.php?rest_route=\/wp\/v2\/posts"}],"about":[{"href":"https:\/\/lifevery.biz.ua\/index.php?rest_route=\/wp\/v2\/types\/post"}],"author":[{"embeddable":true,"href":"https:\/\/lifevery.biz.ua\/index.php?rest_route=\/wp\/v2\/users\/1"}],"replies":[{"embeddable":true,"href":"https:\/\/lifevery.biz.ua\/index.php?rest_route=%2Fwp%2Fv2%2Fcomments&post=2555"}],"version-history":[{"count":1,"href":"https:\/\/lifevery.biz.ua\/index.php?rest_route=\/wp\/v2\/posts\/2555\/revisions"}],"predecessor-version":[{"id":2557,"href":"https:\/\/lifevery.biz.ua\/index.php?rest_route=\/wp\/v2\/posts\/2555\/revisions\/2557"}],"wp:featuredmedia":[{"embeddable":true,"href":"https:\/\/lifevery.biz.ua\/index.php?rest_route=\/wp\/v2\/media\/2556"}],"wp:attachment":[{"href":"https:\/\/lifevery.biz.ua\/index.php?rest_route=%2Fwp%2Fv2%2Fmedia&parent=2555"}],"wp:term":[{"taxonomy":"category","embeddable":true,"href":"https:\/\/lifevery.biz.ua\/index.php?rest_route=%2Fwp%2Fv2%2Fcategories&post=2555"},{"taxonomy":"post_tag","embeddable":true,"href":"https:\/\/lifevery.biz.ua\/index.php?rest_route=%2Fwp%2Fv2%2Ftags&post=2555"}],"curies":[{"name":"wp","href":"https:\/\/api.w.org\/{rel}","templated":true}]}}