{"id":2531,"date":"2026-02-07T18:17:52","date_gmt":"2026-02-07T18:17:52","guid":{"rendered":"https:\/\/lifevery.biz.ua\/?p=2531"},"modified":"2026-02-07T18:17:52","modified_gmt":"2026-02-07T18:17:52","slug":"13-latek-jechal-rowerem-nie-zyje-tragedia-w-polskim-miescie","status":"publish","type":"post","link":"https:\/\/lifevery.biz.ua\/?p=2531","title":{"rendered":"13-latek jecha\u0142 rowerem, nie \u017cyje. Tragedia w polskim mie\u015bcie"},"content":{"rendered":"\n<p>Na po\u0142udniu Ma\u0142opolski dosz\u0142o do tragicznego wypadku, kt\u00f3ry wstrz\u0105sn\u0105\u0142 mieszka\u0144cami regionu. W pi\u0105tkowy wiecz\u00f3r na jednej z g\u0142\u00f3wnych dr\u00f3g krajowych zgin\u0119\u0142o dziecko. S\u0142u\u017cby natychmiast pojawi\u0142y si\u0119 na miejscu, jednak mimo ich wysi\u0142k\u00f3w nie uda\u0142o si\u0119 unikn\u0105\u0107 dramatu.<\/p>\n\n\n\n<p>Dramat na DK7. Nie \u017cyje 13-letni rowerzysta<br>Do tragedii dosz\u0142o 2 listopada oko\u0142o godziny 18:00 w Spytkowicach, na drodze krajowej nr 7 pomi\u0119dzy Rabk\u0105-Zdr\u00f3j a Chy\u017cnem. Jak informuje Komenda Powiatowa Policji w Nowym Targu, 13-letni rowerzysta zosta\u0142 potr\u0105cony przez ci\u0119\u017car\u00f3wk\u0119 marki Volvo z naczep\u0105, kt\u00f3r\u0105 kierowa\u0142 66-letni m\u0119\u017cczyzna.<\/p>\n\n\n\n<p>Na miejscu b\u0142yskawicznie pojawi\u0142y si\u0119 s\u0142u\u017cby ratunkowe. Mimo natychmiastowej reanimacji i wysi\u0142k\u00f3w ratownik\u00f3w, \u017cycia ch\u0142opca nie uda\u0142o si\u0119 uratowa\u0107.<\/p>\n\n\n\n<p>To tragiczne zdarzenie ponownie zwraca uwag\u0119 na problem bezpiecze\u0144stwa najm\u0142odszych uczestnik\u00f3w ruchu drogowego, szczeg\u00f3lnie na ruchliwych trasach o ograniczonej widoczno\u015bci.<\/p>\n\n\n\n<p>Utrudnienia na DK7 i apel o ostro\u017cno\u015b\u0107<br>Po wypadku droga krajowa nr 7 zosta\u0142a cz\u0119\u015bciowo zablokowana. Wprowadzono ruch wahad\u0142owy, kt\u00f3ry spowodowa\u0142 znaczne utrudnienia w obu kierunkach. Policjanci, prokurator oraz bieg\u0142y z zakresu wypadk\u00f3w drogowych przez kilka godzin prowadzili ogl\u0119dziny i zabezpieczali \u015blady.<\/p>\n\n\n\n<p>S\u0142u\u017cby apeluj\u0105 do kierowc\u00f3w o zachowanie szczeg\u00f3lnej ostro\u017cno\u015bci i rozwag\u0119, szczeg\u00f3lnie po zmroku. Policja przypomina r\u00f3wnie\u017c o obowi\u0105zku odpowiedniego o\u015bwietlenia i element\u00f3w odblaskowych, kt\u00f3re mog\u0105 uratowa\u0107 \u017cycie na drodze.<br><\/p>\n\n\n\n<p>\u015aledztwo trwa &#8211; s\u0142u\u017cby wyja\u015bniaj\u0105 okoliczno\u015bci tragedii<br>Trwa dochodzenie maj\u0105ce na celu ustalenie wszystkich okoliczno\u015bci wypadku. \u015aledczy analizuj\u0105 nagrania i zeznania \u015bwiadk\u00f3w, by odtworzy\u0107 przebieg zdarzenia i okre\u015bli\u0107, czy dosz\u0142o do naruszenia przepis\u00f3w.<\/p>\n\n\n\n<p>Rodzinie 13-latka oraz \u015bwiadkom zapewniono wsparcie psychologiczne. Policja z Nowego Targu apeluje, by podobne tragedie sta\u0142y si\u0119 przestrog\u0105 dla wszystkich u\u017cytkownik\u00f3w dr\u00f3g.&nbsp;<\/p>\n\n\n\n<p>Wzajemny szacunek, czujno\u015b\u0107 i przestrzeganie zasad bezpiecze\u0144stwa to jedyny spos\u00f3b, by unikn\u0105\u0107 podobnych dramat\u00f3w w przysz\u0142o\u015bci.<br><\/p>\n","protected":false},"excerpt":{"rendered":"Na po\u0142udniu Ma\u0142opolski dosz\u0142o do tragicznego wypadku, kt\u00f3ry wstrz\u0105sn\u0105\u0142 mieszka\u0144cami regionu. W pi\u0105tkowy wiecz\u00f3r na jednej z g\u0142\u00f3wnych dr\u00f3g krajowych zgin\u0119\u0142o dziecko. S\u0142u\u017cby \n<a class=\"moretag\" href=\"https:\/\/lifevery.biz.ua\/?p=2531\"> [...]<\/a>","protected":false},"author":1,"featured_media":2532,"comment_status":"open","ping_status":"open","sticky":false,"template":"","format":"standard","meta":{"footnotes":""},"categories":[1],"tags":[],"class_list":["post-2531","post","type-post","status-publish","format-standard","has-post-thumbnail","hentry","category-blog"],"_links":{"self":[{"href":"https:\/\/lifevery.biz.ua\/index.php?rest_route=\/wp\/v2\/posts\/2531","targetHints":{"allow":["GET"]}}],"collection":[{"href":"https:\/\/lifevery.biz.ua\/index.php?rest_route=\/wp\/v2\/posts"}],"about":[{"href":"https:\/\/lifevery.biz.ua\/index.php?rest_route=\/wp\/v2\/types\/post"}],"author":[{"embeddable":true,"href":"https:\/\/lifevery.biz.ua\/index.php?rest_route=\/wp\/v2\/users\/1"}],"replies":[{"embeddable":true,"href":"https:\/\/lifevery.biz.ua\/index.php?rest_route=%2Fwp%2Fv2%2Fcomments&post=2531"}],"version-history":[{"count":1,"href":"https:\/\/lifevery.biz.ua\/index.php?rest_route=\/wp\/v2\/posts\/2531\/revisions"}],"predecessor-version":[{"id":2533,"href":"https:\/\/lifevery.biz.ua\/index.php?rest_route=\/wp\/v2\/posts\/2531\/revisions\/2533"}],"wp:featuredmedia":[{"embeddable":true,"href":"https:\/\/lifevery.biz.ua\/index.php?rest_route=\/wp\/v2\/media\/2532"}],"wp:attachment":[{"href":"https:\/\/lifevery.biz.ua\/index.php?rest_route=%2Fwp%2Fv2%2Fmedia&parent=2531"}],"wp:term":[{"taxonomy":"category","embeddable":true,"href":"https:\/\/lifevery.biz.ua\/index.php?rest_route=%2Fwp%2Fv2%2Fcategories&post=2531"},{"taxonomy":"post_tag","embeddable":true,"href":"https:\/\/lifevery.biz.ua\/index.php?rest_route=%2Fwp%2Fv2%2Ftags&post=2531"}],"curies":[{"name":"wp","href":"https:\/\/api.w.org\/{rel}","templated":true}]}}