{"id":253,"date":"2026-01-17T15:39:23","date_gmt":"2026-01-17T15:39:23","guid":{"rendered":"https:\/\/lifevery.biz.ua\/?p=253"},"modified":"2026-01-17T15:39:23","modified_gmt":"2026-01-17T15:39:23","slug":"tragiczny-final-poszukiwan-w-gminie-popow-odnaleziono-cialo","status":"publish","type":"post","link":"https:\/\/lifevery.biz.ua\/?p=253","title":{"rendered":"Tragiczny fina\u0142 poszukiwa\u0144 w gminie Pop\u00f3w. Odnaleziono cia\u0142o"},"content":{"rendered":"\n<p>Jak informuje Komenda Powiatowa Policji w K\u0142obucku, poszukiwania 36-letniego mieszka\u0144ca Zawad zako\u0144czy\u0142y si\u0119 tragicznie. Po kilku dniach intensywnych dzia\u0142a\u0144 prowadzonych przez s\u0142u\u017cby, w poniedzia\u0142ek odnaleziono cia\u0142o m\u0119\u017cczyzny. To smutny koniec akcji, w kt\u00f3r\u0105 zaanga\u017cowana by\u0142a lokalna spo\u0142eczno\u015b\u0107 oraz funkcjonariusze z ca\u0142ego regionu.<\/p>\n\n\n\n<p>Mobilizacja s\u0142u\u017cb i mieszka\u0144c\u00f3w gminy Pop\u00f3w<br>Przebieg akcji poszukiwawczej w terenie<br>Wyja\u015bnianie przyczyn i okoliczno\u015bci zdarzenia<br>Mobilizacja s\u0142u\u017cb i mieszka\u0144c\u00f3w gminy Pop\u00f3w<br>Poszukiwania Kamila rozpocz\u0119\u0142y si\u0119 natychmiast po zg\u0142oszeniu jego zagini\u0119cia, gdy m\u0119\u017cczyzna przesta\u0142 kontaktowa\u0107 si\u0119 z rodzin\u0105. Funkcjonariusze z KPP w K\u0142obucku opublikowali rysopis 36-latka, a apel o pomoc w jego odnalezieniu b\u0142yskawicznie obieg\u0142 lokalne media i portale spo\u0142eczno\u015bciowe. Mieszka\u0144cy gminy Pop\u00f3w oraz okolicznych miejscowo\u015bci aktywnie w\u0142\u0105czyli si\u0119 w udost\u0119pnianie informacji, maj\u0105c nadziej\u0119 na szcz\u0119\u015bliwy powr\u00f3t m\u0119\u017cczyzny do domu.<br><\/p>\n\n\n\n<p>Przebieg akcji poszukiwawczej w terenie<br>W dzia\u0142ania terenowe zaanga\u017cowane by\u0142y liczne patrole policji, kt\u00f3re wspiera\u0142y jednostki stra\u017cy po\u017carnej oraz ochotnicy. Mundurowi szczeg\u00f3\u0142owo przeczesywali wytypowane sektory, w tym obszary le\u015bne oraz okolice zbiornik\u00f3w wodnych, staraj\u0105c si\u0119 odtworzy\u0107 tras\u0119, kt\u00f3r\u0105 m\u00f3g\u0142 porusza\u0107 si\u0119 zaginiony. Niestety, mimo szeroko zakrojonej operacji i zaanga\u017cowania wielu os\u00f3b, w poniedzia\u0142ek 5 stycznia nadesz\u0142a oficjalna wiadomo\u015b\u0107 o odnalezieniu cia\u0142a 36-latka.<\/p>\n\n\n\n<p>W poniedzia\u0142ek 5 stycznia,\u00a0w godzinach popo\u0142udniowych,\u00a0oficer dy\u017curny k\u0142obuckiej komendy Policji otrzyma\u0142 informacj\u0119 o zagini\u0119ciu 36-letniego\u00a0mieszka\u0144ca Zawad, kt\u00f3ry\u00a0ostatni raz by\u0142\u00a0widziany\u00a0tego samego dnia oko\u0142o godziny 09.00-09.30. Dzia\u0142ania poszukiwawcze rozpocz\u0119to od razu po otrzymaniu informacji o zagini\u0119ciu. Niestety\u00a0fina\u0142\u00a0poszukiwa\u0144\u00a0nie by\u0142 szcz\u0119\u015bliwy, gdy\u017c przed godzin\u0105 20:00 policjanci znale\u017ali\u00a0cia\u0142o m\u0119\u017cczyzny. &#8211; KPP w K\u0142obucku<br><\/p>\n\n\n\n<p>Wyja\u015bnianie przyczyn i okoliczno\u015bci zdarzenia<br>Po potwierdzeniu to\u017csamo\u015bci zmar\u0142ego, na miejscu odnalezienia zw\u0142ok czynno\u015bci podj\u0105\u0142 prokurator oraz policyjna grupa dochodzeniowo-\u015bledcza. Zabezpieczono \u015blady, kt\u00f3re maj\u0105 pom\u00f3c w precyzyjnym ustaleniu przebiegu tej tragedii oraz bezpo\u015bredniej przyczyny zgonu. Zgodnie z procedurami, cia\u0142o zosta\u0142o zabezpieczone do sekcji zw\u0142ok, a dalsze post\u0119powanie w tej sprawie prowadzi k\u0142obucka policja pod nadzorem prokuratury.<br><\/p>\n","protected":false},"excerpt":{"rendered":"Jak informuje Komenda Powiatowa Policji w K\u0142obucku, poszukiwania 36-letniego mieszka\u0144ca Zawad zako\u0144czy\u0142y si\u0119 tragicznie. Po kilku dniach intensywnych dzia\u0142a\u0144 prowadzonych przez s\u0142u\u017cby, w \n<a class=\"moretag\" href=\"https:\/\/lifevery.biz.ua\/?p=253\"> [...]<\/a>","protected":false},"author":1,"featured_media":254,"comment_status":"open","ping_status":"open","sticky":false,"template":"","format":"standard","meta":{"footnotes":""},"categories":[1],"tags":[],"class_list":["post-253","post","type-post","status-publish","format-standard","has-post-thumbnail","hentry","category-blog"],"_links":{"self":[{"href":"https:\/\/lifevery.biz.ua\/index.php?rest_route=\/wp\/v2\/posts\/253","targetHints":{"allow":["GET"]}}],"collection":[{"href":"https:\/\/lifevery.biz.ua\/index.php?rest_route=\/wp\/v2\/posts"}],"about":[{"href":"https:\/\/lifevery.biz.ua\/index.php?rest_route=\/wp\/v2\/types\/post"}],"author":[{"embeddable":true,"href":"https:\/\/lifevery.biz.ua\/index.php?rest_route=\/wp\/v2\/users\/1"}],"replies":[{"embeddable":true,"href":"https:\/\/lifevery.biz.ua\/index.php?rest_route=%2Fwp%2Fv2%2Fcomments&post=253"}],"version-history":[{"count":1,"href":"https:\/\/lifevery.biz.ua\/index.php?rest_route=\/wp\/v2\/posts\/253\/revisions"}],"predecessor-version":[{"id":255,"href":"https:\/\/lifevery.biz.ua\/index.php?rest_route=\/wp\/v2\/posts\/253\/revisions\/255"}],"wp:featuredmedia":[{"embeddable":true,"href":"https:\/\/lifevery.biz.ua\/index.php?rest_route=\/wp\/v2\/media\/254"}],"wp:attachment":[{"href":"https:\/\/lifevery.biz.ua\/index.php?rest_route=%2Fwp%2Fv2%2Fmedia&parent=253"}],"wp:term":[{"taxonomy":"category","embeddable":true,"href":"https:\/\/lifevery.biz.ua\/index.php?rest_route=%2Fwp%2Fv2%2Fcategories&post=253"},{"taxonomy":"post_tag","embeddable":true,"href":"https:\/\/lifevery.biz.ua\/index.php?rest_route=%2Fwp%2Fv2%2Ftags&post=253"}],"curies":[{"name":"wp","href":"https:\/\/api.w.org\/{rel}","templated":true}]}}