{"id":2296,"date":"2026-02-06T10:23:08","date_gmt":"2026-02-06T10:23:08","guid":{"rendered":"https:\/\/lifevery.biz.ua\/?p=2296"},"modified":"2026-02-06T10:23:08","modified_gmt":"2026-02-06T10:23:08","slug":"o-530-wezwali-pomoc-do-huberta-mlody-strazak-nie-przezyl-do-dzisiaj-tragedia-porusza","status":"publish","type":"post","link":"https:\/\/lifevery.biz.ua\/?p=2296","title":{"rendered":"O 5:30 wezwali pomoc do Huberta, m\u0142ody stra\u017cak nie prze\u017cy\u0142. Do dzisiaj tragedia porusza"},"content":{"rendered":"\n<p>\u015awi\u0105teczny poranek 2022 roku przyni\u00f3s\u0142 dramatyczne wie\u015bci dla spo\u0142eczno\u015bci powiatu tarnobrzeskiego. Mimo szybkiej reakcji s\u0142u\u017cb ratunkowych, \u017cycia m\u0142odego m\u0119\u017cczyzny nie uda\u0142o si\u0119 uratowa\u0107. \u015aledztwo w sprawie nag\u0142ego zgonu 21-latka, b\u0119d\u0105cego aktywnym druhem lokalnej OSP, zosta\u0142o ju\u017c zako\u0144czone. Prokuratura jednoznacznie wskaza\u0142a przyczyn\u0119 tragedii oraz okoliczno\u015bci towarzysz\u0105ce temu zdarzeniu.<\/p>\n\n\n\n<p>Tragedia w drugi dzie\u0144 \u015bwi\u0105t<br>Niewidzialny zab\u00f3jca i trudno\u015bci z pomiarem<br>Oficjalne ustalenia prokuratury<br>Ostatnia s\u0142u\u017cba i po\u017cegnanie druha<br>Tragedia w drugi dzie\u0144 \u015bwi\u0105t<br>Rankiem 26 grudnia 2022 roku, kr\u00f3tko po godzinie 5:30, s\u0142u\u017cby ratunkowe otrzyma\u0142y dramatyczne zg\u0142oszenie z miejscowo\u015bci Wrzawy w powiecie tarnobrzeskim. 21-letni Hubert, aktywny druh miejscowej Ochotniczej Stra\u017cy Po\u017carnej, straci\u0142 przytomno\u015b\u0107 podczas k\u0105pieli w \u0142azience. Mimo b\u0142yskawicznej mobilizacji koleg\u00f3w z jednostki OSP Wrzawy, przybycia zast\u0119pu Pa\u0144stwowej Stra\u017cy Po\u017carnej z Tarnobrzega oraz interwencji zespo\u0142u ratownictwa medycznego, m\u0142odego m\u0119\u017cczyzny nie uda\u0142o si\u0119 uratowa\u0107. Lekarz stwierdzi\u0142 zgon, a informacj\u0119 o tragicznym finale akcji potwierdzi\u0142 rzecznik prasowy tarnobrzeskich stra\u017cak\u00f3w, brygadier Jacek Widuch.<br><\/p>\n\n\n\n<p>Niewidzialny zab\u00f3jca i trudno\u015bci z pomiarem<br>Od pocz\u0105tku przypuszczano, \u017ce przyczyn\u0105 zas\u0142abni\u0119cia by\u0142o zatrucie tlenkiem w\u0119gla, potocznie zwanym czadem. Sytuacja by\u0142a jednak o tyle skomplikowana, \u017ce pierwsze badania profesjonalnym sprz\u0119tem wykonane przez stra\u017cak\u00f3w na miejscu zdarzenia nie wykaza\u0142y ju\u017c obecno\u015bci gazu w powietrzu. S\u0142u\u017cby wyja\u015bni\u0142y jednak, \u017ce wynika\u0142o to z faktu przewietrzenia pomieszcze\u0144 jeszcze przed przybyciem ratownik\u00f3w. To cz\u0119sta sytuacja w przypadku \u201ecichego zab\u00f3jcy\u201d, kt\u00f3ry jest bezwonny i bezbarwny, co czyni go skrajnie niebezpiecznym, zw\u0142aszcza w zamkni\u0119tych przestrzeniach takich jak \u0142azienki.<br><\/p>\n\n\n\n<p>Oficjalne ustalenia prokuratury<br>Wszelkie w\u0105tpliwo\u015bci dotycz\u0105ce przyczyn \u015bmierci 21-latka rozwia\u0142o \u015bledztwo prowadzone przez Prokuratur\u0119 Rejonow\u0105 w Tarnobrzegu. Jak donosi Super Express, prokurator Artur Kozio\u0142 jednoznacznie potwierdzi\u0142, \u017ce bezpo\u015bredni\u0105 przyczyn\u0105 zgonu Huberta R. by\u0142o zatrucie tlenkiem w\u0119gla. Post\u0119powanie wyja\u015bniaj\u0105ce w tej sprawie trwa\u0142o kilka miesi\u0119cy i zako\u0144czy\u0142o si\u0119 formalnym umorzeniem 22 marca 2023 roku. \u015aledczy uznali, \u017ce do tragedii dosz\u0142o bez udzia\u0142u os\u00f3b trzecich, co pozwoli\u0142o na zamkni\u0119cie sprawy od strony prawnej.<\/p>\n\n\n\n<p>Ostatnia s\u0142u\u017cba i po\u017cegnanie druha<br>\u015amier\u0107 m\u0142odego stra\u017caka pogr\u0105\u017cy\u0142a w \u017ca\u0142obie ca\u0142\u0105 jednostk\u0119 OSP Wrzawy, kt\u00f3ra po\u017cegna\u0142a koleg\u0119 wzruszaj\u0105cym wpisem o jego odej\u015bciu na \u201ewieczn\u0105 s\u0142u\u017cb\u0119\u201d. Uroczysto\u015bci pogrzebowe odby\u0142y si\u0119 30 grudnia 2022 roku. W ostatniej drodze Hubertowi towarzyszyli rodzina, koledzy ze szko\u0142y oraz wsp\u00f3\u0142bracia stra\u017cacy. Gr\u00f3b 21-latka zosta\u0142 niemal w ca\u0142o\u015bci pokryty bia\u0142ymi kwiatami, stanowi\u0105cymi symbol czysto\u015bci i m\u0142odego wieku zmar\u0142ego, a liczne delegacje z\u0142o\u017cy\u0142y wie\u0144ce, oddaj\u0105c ho\u0142d cz\u0142owiekowi, kt\u00f3ry sam ni\u00f3s\u0142 pomoc innym jako ochotnik.<br><\/p>\n","protected":false},"excerpt":{"rendered":"\u015awi\u0105teczny poranek 2022 roku przyni\u00f3s\u0142 dramatyczne wie\u015bci dla spo\u0142eczno\u015bci powiatu tarnobrzeskiego. Mimo szybkiej reakcji s\u0142u\u017cb ratunkowych, \u017cycia m\u0142odego m\u0119\u017cczyzny nie uda\u0142o si\u0119 uratowa\u0107. \n<a class=\"moretag\" href=\"https:\/\/lifevery.biz.ua\/?p=2296\"> [...]<\/a>","protected":false},"author":1,"featured_media":2297,"comment_status":"open","ping_status":"open","sticky":false,"template":"","format":"standard","meta":{"footnotes":""},"categories":[1],"tags":[],"class_list":["post-2296","post","type-post","status-publish","format-standard","has-post-thumbnail","hentry","category-blog"],"_links":{"self":[{"href":"https:\/\/lifevery.biz.ua\/index.php?rest_route=\/wp\/v2\/posts\/2296","targetHints":{"allow":["GET"]}}],"collection":[{"href":"https:\/\/lifevery.biz.ua\/index.php?rest_route=\/wp\/v2\/posts"}],"about":[{"href":"https:\/\/lifevery.biz.ua\/index.php?rest_route=\/wp\/v2\/types\/post"}],"author":[{"embeddable":true,"href":"https:\/\/lifevery.biz.ua\/index.php?rest_route=\/wp\/v2\/users\/1"}],"replies":[{"embeddable":true,"href":"https:\/\/lifevery.biz.ua\/index.php?rest_route=%2Fwp%2Fv2%2Fcomments&post=2296"}],"version-history":[{"count":1,"href":"https:\/\/lifevery.biz.ua\/index.php?rest_route=\/wp\/v2\/posts\/2296\/revisions"}],"predecessor-version":[{"id":2298,"href":"https:\/\/lifevery.biz.ua\/index.php?rest_route=\/wp\/v2\/posts\/2296\/revisions\/2298"}],"wp:featuredmedia":[{"embeddable":true,"href":"https:\/\/lifevery.biz.ua\/index.php?rest_route=\/wp\/v2\/media\/2297"}],"wp:attachment":[{"href":"https:\/\/lifevery.biz.ua\/index.php?rest_route=%2Fwp%2Fv2%2Fmedia&parent=2296"}],"wp:term":[{"taxonomy":"category","embeddable":true,"href":"https:\/\/lifevery.biz.ua\/index.php?rest_route=%2Fwp%2Fv2%2Fcategories&post=2296"},{"taxonomy":"post_tag","embeddable":true,"href":"https:\/\/lifevery.biz.ua\/index.php?rest_route=%2Fwp%2Fv2%2Ftags&post=2296"}],"curies":[{"name":"wp","href":"https:\/\/api.w.org\/{rel}","templated":true}]}}