{"id":2255,"date":"2026-02-06T05:51:01","date_gmt":"2026-02-06T05:51:01","guid":{"rendered":"https:\/\/lifevery.biz.ua\/?p=2255"},"modified":"2026-02-06T05:51:01","modified_gmt":"2026-02-06T05:51:01","slug":"wypadek-w-polskiej-miejscowosci-bus-uderzyl-w-ciezarowke-jest-wielu-rannych-2","status":"publish","type":"post","link":"https:\/\/lifevery.biz.ua\/?p=2255","title":{"rendered":"Wypadek w polskiej miejscowo\u015bci. Bus uderzy\u0142 w ci\u0119\u017car\u00f3wk\u0119, jest wielu rannych"},"content":{"rendered":"\n<p>W niedzielny poranek w jednej z polskich miejscowo\u015bci dosz\u0142o do gro\u017anego wypadku z udzia\u0142em busa i samochodu ci\u0119\u017carowego. Lokalne s\u0142u\u017cby przekaza\u0142y, \u017ce w wyniku zdarzenia rannych zosta\u0142o kilka os\u00f3b. Szczeg\u00f3\u0142owe informacje o przebiegu akcji oraz drastyczne zdj\u0119cia z miejsca zdarzenia zosta\u0142y opublikowane w mediach spo\u0142eczno\u015bciowych na profilu OSP Granowo.<\/p>\n\n\n\n<p>Przebieg porannego zderzenia na DK32<br>Pi\u0119ciu poszkodowanych przetransportowano do szpitali<br>Skala dzia\u0142a\u0144 s\u0142u\u017cb ratunkowych<br>Dochodzenie pod nadzorem prokuratora<br>Niebezpieczny wypadek na polskiej trasie. Bus zderzy\u0142 si\u0119 z ci\u0119\u017car\u00f3wk\u0105<br>Do wypadku dosz\u0142o w niedziel\u0119 4 stycznia 2026 roku oko\u0142o godziny 6:36 na drodze krajowej nr 32. Volkswagen Transporter, kt\u00f3rym podr\u00f3\u017cowa\u0142o \u0142\u0105cznie siedem os\u00f3b, z du\u017c\u0105 si\u0142\u0105 uderzy\u0142 w ty\u0142 naczepy samochodu ci\u0119\u017carowego marki Scania. Na fotografiach udost\u0119pnionych przez stra\u017cak\u00f3w wida\u0107 kompletnie zmia\u017cd\u017cony prz\u00f3d busa, co \u015bwiadczy o ogromnej sile uderzenia w trudnych, zimowych warunkach przy zalegaj\u0105cym na poboczach \u015bniegu.<br><\/p>\n\n\n\n<p>A\u017c 5 os\u00f3b zosta\u0142o rannych. S\u0142u\u017cby przekaza\u0142y niepokoj\u0105ce informacje<br>Bilans zdarzenia okaza\u0142 si\u0119 bardzo powa\u017cny, poniewa\u017c a\u017c pi\u0119ciu pasa\u017cer\u00f3w busa wymaga\u0142o pilnej opieki medycznej. Ranni zostali przetransportowani przez zespo\u0142y ratownictwa medycznego do szpitali w Poznaniu, Grodzisku Wielkopolskim oraz Ko\u015bcianie. Kieruj\u0105cy samochodem ci\u0119\u017carowym nie odni\u00f3s\u0142 obra\u017ce\u0144, jednak stan techniczny obu pojazd\u00f3w uniemo\u017cliwi\u0142 im dalsz\u0105 jazd\u0119, co spowodowa\u0142o wielogodzinne utrudnienia w ruchu.<br><\/p>\n\n\n\n<p>Skala dzia\u0142a\u0144 s\u0142u\u017cb ratunkowych<br>W akcj\u0119 ratownicz\u0105 zaanga\u017cowano znaczne si\u0142y i \u015brodki, w tym dwa zast\u0119py z OSP Granowo oraz dwa z Jednostki Ratowniczo-Ga\u015bniczej w Grodzisku Wielkopolskim. Na miejscu pracowa\u0142a r\u00f3wnie\u017c policja oraz dwa zespo\u0142y ratownictwa medycznego, kt\u00f3re udziela\u0142y pomocy poszkodowanym w ciemno\u015bciach i przy niskiej temperaturze. Stra\u017cacy zabezpieczali teren dzia\u0142a\u0144 oraz o\u015bwietlali miejsce wypadku, aby umo\u017cliwi\u0107 sprawne przeprowadzenie medycznych czynno\u015bci ratunkowych.<\/p>\n\n\n\n<p>Dochodzenie pod nadzorem prokuratora<br>Obecnie funkcjonariusze policji, dzia\u0142aj\u0105c pod nadzorem prokuratora, prowadz\u0105 czynno\u015bci maj\u0105ce na celu precyzyjne ustalenie przyczyn wypadku. Wst\u0119pne hipotezy zak\u0142adaj\u0105, \u017ce kierowca busa m\u00f3g\u0142 najecha\u0107 na ty\u0142 poprzedzaj\u0105cego go pojazdu, prawdopodobnie nie dostosowuj\u0105c pr\u0119dko\u015bci do \u015bliskiej nawierzchni. Kluczowym elementem \u015bledztwa b\u0119dzie analiza \u015blad\u00f3w na drodze oraz dokumentacji zdj\u0119ciowej, kt\u00f3ra trafi\u0142a ju\u017c do opinii publicznej za po\u015brednictwem medi\u00f3w spo\u0142eczno\u015bciowych.<br><\/p>\n","protected":false},"excerpt":{"rendered":"W niedzielny poranek w jednej z polskich miejscowo\u015bci dosz\u0142o do gro\u017anego wypadku z udzia\u0142em busa i samochodu ci\u0119\u017carowego. Lokalne s\u0142u\u017cby przekaza\u0142y, \u017ce w \n<a class=\"moretag\" href=\"https:\/\/lifevery.biz.ua\/?p=2255\"> [...]<\/a>","protected":false},"author":1,"featured_media":2256,"comment_status":"open","ping_status":"open","sticky":false,"template":"","format":"standard","meta":{"footnotes":""},"categories":[1],"tags":[],"class_list":["post-2255","post","type-post","status-publish","format-standard","has-post-thumbnail","hentry","category-blog"],"_links":{"self":[{"href":"https:\/\/lifevery.biz.ua\/index.php?rest_route=\/wp\/v2\/posts\/2255","targetHints":{"allow":["GET"]}}],"collection":[{"href":"https:\/\/lifevery.biz.ua\/index.php?rest_route=\/wp\/v2\/posts"}],"about":[{"href":"https:\/\/lifevery.biz.ua\/index.php?rest_route=\/wp\/v2\/types\/post"}],"author":[{"embeddable":true,"href":"https:\/\/lifevery.biz.ua\/index.php?rest_route=\/wp\/v2\/users\/1"}],"replies":[{"embeddable":true,"href":"https:\/\/lifevery.biz.ua\/index.php?rest_route=%2Fwp%2Fv2%2Fcomments&post=2255"}],"version-history":[{"count":1,"href":"https:\/\/lifevery.biz.ua\/index.php?rest_route=\/wp\/v2\/posts\/2255\/revisions"}],"predecessor-version":[{"id":2257,"href":"https:\/\/lifevery.biz.ua\/index.php?rest_route=\/wp\/v2\/posts\/2255\/revisions\/2257"}],"wp:featuredmedia":[{"embeddable":true,"href":"https:\/\/lifevery.biz.ua\/index.php?rest_route=\/wp\/v2\/media\/2256"}],"wp:attachment":[{"href":"https:\/\/lifevery.biz.ua\/index.php?rest_route=%2Fwp%2Fv2%2Fmedia&parent=2255"}],"wp:term":[{"taxonomy":"category","embeddable":true,"href":"https:\/\/lifevery.biz.ua\/index.php?rest_route=%2Fwp%2Fv2%2Fcategories&post=2255"},{"taxonomy":"post_tag","embeddable":true,"href":"https:\/\/lifevery.biz.ua\/index.php?rest_route=%2Fwp%2Fv2%2Ftags&post=2255"}],"curies":[{"name":"wp","href":"https:\/\/api.w.org\/{rel}","templated":true}]}}