{"id":2252,"date":"2026-02-06T05:14:10","date_gmt":"2026-02-06T05:14:10","guid":{"rendered":"https:\/\/lifevery.biz.ua\/?p=2252"},"modified":"2026-02-06T05:14:10","modified_gmt":"2026-02-06T05:14:10","slug":"tragiczny-wypadek-w-strzegomiu-nie-zyje-kierowca-osobowki","status":"publish","type":"post","link":"https:\/\/lifevery.biz.ua\/?p=2252","title":{"rendered":"Tragiczny wypadek w Strzegomiu. Nie \u017cyje kierowca osob\u00f3wki"},"content":{"rendered":"\n<p>W \u015brod\u0119 rano na ulicy \u015awidnickiej w Strzegomiu dosz\u0142o do fatalnego w skutkach zderzenia samochodu osobowego z ci\u0119\u017car\u00f3wk\u0105. W wyniku odniesionych obra\u017ce\u0144 \u015bmier\u0107 na miejscu poni\u00f3s\u0142 kierowca pojazdu osobowego, a droga wojew\u00f3dzka nr 382 zosta\u0142a ca\u0142kowicie zablokowana.<\/p>\n\n\n\n<p>\u015amiertelne zderzenie o \u015bwicie na DW 382<br>Samoch\u00f3d osobowy zosta\u0142 ca\u0142kowicie zniszczony<br>S\u0142u\u017cby badaj\u0105 przyczyny tragedii<br>\u015amiertelne zderzenie o \u015bwicie na DW 382<br>Do tragicznego zdarzenia dosz\u0142o 7 stycznia 2026 roku we wczesnych godzinach porannych. Jak informuj\u0105 stra\u017cacy z OSP Strzegom za po\u015brednictwem swojego oficjalnego profilu na Facebooku, zg\u0142oszenie o wypadku wp\u0142yn\u0119\u0142o do s\u0142u\u017cb ratunkowych o godzinie 5:09. Na ulicy \u015awidnickiej, kt\u00f3ra stanowi odcinek drogi wojew\u00f3dzkiej nr 382, czo\u0142owo zderzy\u0142y si\u0119 dwa pojazdy: samoch\u00f3d osobowy oraz auto ci\u0119\u017carowe.<br><\/p>\n\n\n\n<p>Samoch\u00f3d osobowy zosta\u0142 ca\u0142kowicie zniszczony<br>Si\u0142a uderzenia by\u0142a ogromna, co doprowadzi\u0142o do niemal ca\u0142kowitej destrukcji mniejszego pojazdu. W obu samochodach znajdowali si\u0119 wy\u0142\u0105cznie ich kierowcy. Niestety, mimo b\u0142yskawicznej akcji ratunkowej, \u017cycia prowadz\u0105cego samoch\u00f3d osobowy nie uda\u0142o si\u0119 uratowa\u0107 \u2013 lekarz przyby\u0142y na miejsce stwierdzi\u0142 zgon. Kierowca ci\u0119\u017car\u00f3wki nie odni\u00f3s\u0142 powa\u017cnych obra\u017ce\u0144 fizycznych, jednak stan techniczny pojazd\u00f3w po wypadku wymaga\u0142 specjalistycznego sprz\u0119tu do uprz\u0105tni\u0119cia jezdni.<\/p>\n\n\n\n<p>Kieruj\u0105cy samochodem ci\u0119\u017carowym znajdowa\u0142 si\u0119 poza pojazdem \u2013 opu\u015bci\u0142 go o w\u0142asnych si\u0142ach, natomiast kierowca samochodu osobowego by\u0142 uwi\u0119ziony w zgniecionym poje\u017adzie. Po zapewnieniu dost\u0119pu do m\u0119\u017cczyzny znajduj\u0105cy si\u0119 na miejscu medyk stwierdzi\u0142 zgon \u2013 relacjonuje bryg. \u0141ukasz Grzelak z KP PSP w \u015awidnicy dla \u201cNasz Strzegom\u201d.\u00a0<br><\/p>\n\n\n\n<p>S\u0142u\u017cby badaj\u0105 przyczyny tragedii<br>Obecnie na miejscu zdarzenia pracuj\u0105 policjanci oraz prokurator, kt\u00f3rzy prowadz\u0105 czynno\u015bci maj\u0105ce na celu ustalenie dok\u0142adnego przebiegu oraz przyczyn tego tragicznego wypadku. Zabezpieczane s\u0105 \u015blady, kt\u00f3re pozwol\u0105 odpowiedzie\u0107 na pytanie, dlaczego dosz\u0142o do tak gwa\u0142townego zderzenia w tym miejscu. Stra\u017c po\u017carna wci\u0105\u017c zabezpiecza teren, wspieraj\u0105c technik\u00f3w policyjnych w ich dzia\u0142aniach.&nbsp;<\/p>\n\n\n\n<p>W zwi\u0105zku z prowadzonymi czynno\u015bciami \u015bledczymi, droga wojew\u00f3dzka nr 382 wylotowa ze Strzegomia w stron\u0119 \u015awidnicy jest ca\u0142kowicie nieprzejezdna. Utrudnienia w tym miejscu mog\u0105 potrwa\u0107 jeszcze co najmniej kilka godzin.<br><\/p>\n","protected":false},"excerpt":{"rendered":"W \u015brod\u0119 rano na ulicy \u015awidnickiej w Strzegomiu dosz\u0142o do fatalnego w skutkach zderzenia samochodu osobowego z ci\u0119\u017car\u00f3wk\u0105. W wyniku odniesionych obra\u017ce\u0144 \u015bmier\u0107 \n<a class=\"moretag\" href=\"https:\/\/lifevery.biz.ua\/?p=2252\"> [...]<\/a>","protected":false},"author":1,"featured_media":2253,"comment_status":"open","ping_status":"open","sticky":false,"template":"","format":"standard","meta":{"footnotes":""},"categories":[1],"tags":[],"class_list":["post-2252","post","type-post","status-publish","format-standard","has-post-thumbnail","hentry","category-blog"],"_links":{"self":[{"href":"https:\/\/lifevery.biz.ua\/index.php?rest_route=\/wp\/v2\/posts\/2252","targetHints":{"allow":["GET"]}}],"collection":[{"href":"https:\/\/lifevery.biz.ua\/index.php?rest_route=\/wp\/v2\/posts"}],"about":[{"href":"https:\/\/lifevery.biz.ua\/index.php?rest_route=\/wp\/v2\/types\/post"}],"author":[{"embeddable":true,"href":"https:\/\/lifevery.biz.ua\/index.php?rest_route=\/wp\/v2\/users\/1"}],"replies":[{"embeddable":true,"href":"https:\/\/lifevery.biz.ua\/index.php?rest_route=%2Fwp%2Fv2%2Fcomments&post=2252"}],"version-history":[{"count":1,"href":"https:\/\/lifevery.biz.ua\/index.php?rest_route=\/wp\/v2\/posts\/2252\/revisions"}],"predecessor-version":[{"id":2254,"href":"https:\/\/lifevery.biz.ua\/index.php?rest_route=\/wp\/v2\/posts\/2252\/revisions\/2254"}],"wp:featuredmedia":[{"embeddable":true,"href":"https:\/\/lifevery.biz.ua\/index.php?rest_route=\/wp\/v2\/media\/2253"}],"wp:attachment":[{"href":"https:\/\/lifevery.biz.ua\/index.php?rest_route=%2Fwp%2Fv2%2Fmedia&parent=2252"}],"wp:term":[{"taxonomy":"category","embeddable":true,"href":"https:\/\/lifevery.biz.ua\/index.php?rest_route=%2Fwp%2Fv2%2Fcategories&post=2252"},{"taxonomy":"post_tag","embeddable":true,"href":"https:\/\/lifevery.biz.ua\/index.php?rest_route=%2Fwp%2Fv2%2Ftags&post=2252"}],"curies":[{"name":"wp","href":"https:\/\/api.w.org\/{rel}","templated":true}]}}