{"id":2249,"date":"2026-02-06T05:10:49","date_gmt":"2026-02-06T05:10:49","guid":{"rendered":"https:\/\/lifevery.biz.ua\/?p=2249"},"modified":"2026-02-06T05:10:49","modified_gmt":"2026-02-06T05:10:49","slug":"tragedia-w-polskim-miescie-nie-zyje-malutki-chlopczyk-sasiedzi-przerwali-milczenie","status":"publish","type":"post","link":"https:\/\/lifevery.biz.ua\/?p=2249","title":{"rendered":"Tragedia w polskim mie\u015bcie. Nie \u017cyje malutki ch\u0142opczyk. S\u0105siedzi przerwali milczenie"},"content":{"rendered":"\n<p>W warszawskim bloku na Mokotowie dosz\u0142o do tragicznego zdarzenia, kt\u00f3re wstrz\u0105sn\u0119\u0142o lokaln\u0105 spo\u0142eczno\u015bci\u0105. 7-miesi\u0119czny ch\u0142opiec zosta\u0142 znaleziony martwy w swoim mieszkaniu w nocy z 5 na 6 stycznia. S\u0105siedzi po raz pierwszy otwarcie m\u00f3wi\u0105 o tym, co wydarzy\u0142o si\u0119 w rodzinie.<\/p>\n\n\n\n<p>Noc pe\u0142na niepokoju w bloku przy Modzelewskiego<br>Ch\u0142opiec mia\u0142 wrodzon\u0105 wad\u0119 m\u00f3zgu<br>S\u0105siedzi podkre\u015blaj\u0105 dramatyczn\u0105 sytuacj\u0119 rodziny<br>Noc pe\u0142na niepokoju w bloku przy Modzelewskiego<br>Mieszka\u0144cy ulicy Modzelewskiego do dzi\u015b wracaj\u0105 my\u015blami do wydarze\u0144 z tamtej nocy, okre\u015blaj\u0105c j\u0105 jako wyj\u0105tkowo dramatyczn\u0105. Oko\u0142o godziny 1 w nocy z jednego z mieszka\u0144 na sz\u00f3stym pi\u0119trze zacz\u0119\u0142y dobiega\u0107 g\u0142o\u015bne krzyki, kt\u00f3re zaniepokoi\u0142y s\u0105siad\u00f3w. Sytuacja by\u0142a na tyle powa\u017cna, \u017ce zdecydowali si\u0119 oni natychmiast powiadomi\u0107 policj\u0119, obawiaj\u0105c si\u0119, \u017ce w lokalu mo\u017ce dochodzi\u0107 do tragedii.<\/p>\n\n\n\n<p>Jak relacjonowa\u0142 prokurator Piotr Skiba w rozmowie z Wirtualn\u0105 Polsk\u0105, po przybyciu s\u0142u\u017cb na miejsce interwencji pojawi\u0142y si\u0119 kolejne problemy. Rodzice dziecka, Micha\u0142 i Aleksandra, przez d\u0142u\u017cszy czas nie reagowali na wezwania i nie otwierali drzwi funkcjonariuszom ani stra\u017cakom.<\/p>\n\n\n\n<p>\u2013 W ostatniej chwili przed si\u0142owym wywa\u017ceniem drzwi przez stra\u017cak\u00f3w, m\u0119\u017cczyzna wpu\u015bci\u0142 do \u015brodka s\u0142u\u017cby \u2013 przekaza\u0142 WP prokurator Piotr Skiba.<\/p>\n\n\n\n<p>Po wej\u015bciu do mieszkania funkcjonariusze oraz stra\u017cacy dokonali wstrz\u0105saj\u0105cego odkrycia. W lokalu znajdowa\u0142o si\u0119 cia\u0142o martwego ch\u0142opca. Jak wynika ze wst\u0119pnych ustale\u0144 prokuratury, na tym etapie \u015bledztwa nie ma przes\u0142anek wskazuj\u0105cych na udzia\u0142 os\u00f3b trzecich w jego \u015bmierci.<\/p>\n\n\n\n<p>Prokurator Piotr Skiba odni\u00f3s\u0142 si\u0119 r\u00f3wnie\u017c do krzyk\u00f3w i podniesionych g\u0142os\u00f3w, kt\u00f3re zaalarmowa\u0142y s\u0105siad\u00f3w i doprowadzi\u0142y do wezwania policji. Jak podkre\u015bli\u0142, nie by\u0142y one efektem awantury domowej, lecz reakcji emocjonalnej na dramatyczn\u0105 sytuacj\u0119, jaka rozegra\u0142a si\u0119 w mieszkaniu.<\/p>\n\n\n\n<p>\u2013 Podniesione g\u0142osy, wymiana zda\u0144, krzyki, kt\u00f3re by\u0142y przyczyn\u0105 wezwania policji przez s\u0105siad\u00f3w, nie by\u0142y wynikiem awantury, tylko paniki zwi\u0105zanej z ujawnieniem zw\u0142ok \u2013 doda\u0142 prokurator Skiba podczas konferencji prasowej.<br><\/p>\n\n\n\n<p>Ch\u0142opiec mia\u0142 wrodzon\u0105 wad\u0119 m\u00f3zgu<br>Prokuratura poinformowa\u0142a, \u017ce przyczyn\u0105 \u015bmierci 7-miesi\u0119cznego dziecka by\u0142o nag\u0142e ustanie kr\u0105\u017cenia. Jak wynika z ustale\u0144 \u015bledczych, bieg\u0142y lekarz medycyny s\u0105dowej stwierdzi\u0142 u niemowl\u0119cia wrodzon\u0105 wad\u0119 m\u00f3zgu, kt\u00f3ra mog\u0142a doprowadzi\u0107 do nag\u0142ego zatrzymania funkcji \u017cyciowych. Zdaniem specjalist\u00f3w schorzenie to mog\u0142o spowodowa\u0107 gwa\u0142towne pogorszenie stanu zdrowia, niezale\u017cnie od podj\u0119tych dzia\u0142a\u0144.<\/p>\n\n\n\n<p>\u2013 Rodzice wiedzieli, \u017ce dziecko by\u0142o chore \u2013 podkre\u015bli\u0142 prokurator Piotr Skiba.<\/p>\n\n\n\n<p>W momencie interwencji s\u0142u\u017cb oboje rodzice byli pod wp\u0142ywem alkoholu. Jak przekaza\u0142a policjantka Marta Haberska z Mokotowa, badanie wykaza\u0142o u ojca 1,42 promila alkoholu we krwi, natomiast u matki 1,09 promila. Te okoliczno\u015bci by\u0142y jednym z element\u00f3w analizowanych w toku post\u0119powania.<\/p>\n\n\n\n<p>Prokuratura sprawdza\u0142a, czy wcze\u015bniejsza reakcja rodzic\u00f3w mog\u0142a mie\u0107 wp\u0142yw na uratowanie \u017cycia dziecka. Jak jednak wynika z wst\u0119pnych wynik\u00f3w sekcji zw\u0142ok, taka mo\u017cliwo\u015b\u0107 zosta\u0142a wykluczona. \u015aledczy podkre\u015blaj\u0105, \u017ce ustalenia bieg\u0142ych nie wskazuj\u0105, aby op\u00f3\u017anienie w wezwaniu pomocy mia\u0142o decyduj\u0105ce znaczenie dla przebiegu zdarze\u0144.<\/p>\n\n\n\n<p>Ojciec dziecka zosta\u0142 przes\u0142uchany w charakterze \u015bwiadka i nast\u0119pnie zwolniony. Matka natomiast, b\u0119d\u0105ca w stanie silnego wstrz\u0105su emocjonalnego, trafi\u0142a do szpitala psychiatrycznego, gdzie obj\u0119to j\u0105 specjalistyczn\u0105 opiek\u0105.<br><\/p>\n","protected":false},"excerpt":{"rendered":"W warszawskim bloku na Mokotowie dosz\u0142o do tragicznego zdarzenia, kt\u00f3re wstrz\u0105sn\u0119\u0142o lokaln\u0105 spo\u0142eczno\u015bci\u0105. 7-miesi\u0119czny ch\u0142opiec zosta\u0142 znaleziony martwy w swoim mieszkaniu w nocy \n<a class=\"moretag\" href=\"https:\/\/lifevery.biz.ua\/?p=2249\"> [...]<\/a>","protected":false},"author":1,"featured_media":2250,"comment_status":"open","ping_status":"open","sticky":false,"template":"","format":"standard","meta":{"footnotes":""},"categories":[1],"tags":[],"class_list":["post-2249","post","type-post","status-publish","format-standard","has-post-thumbnail","hentry","category-blog"],"_links":{"self":[{"href":"https:\/\/lifevery.biz.ua\/index.php?rest_route=\/wp\/v2\/posts\/2249","targetHints":{"allow":["GET"]}}],"collection":[{"href":"https:\/\/lifevery.biz.ua\/index.php?rest_route=\/wp\/v2\/posts"}],"about":[{"href":"https:\/\/lifevery.biz.ua\/index.php?rest_route=\/wp\/v2\/types\/post"}],"author":[{"embeddable":true,"href":"https:\/\/lifevery.biz.ua\/index.php?rest_route=\/wp\/v2\/users\/1"}],"replies":[{"embeddable":true,"href":"https:\/\/lifevery.biz.ua\/index.php?rest_route=%2Fwp%2Fv2%2Fcomments&post=2249"}],"version-history":[{"count":1,"href":"https:\/\/lifevery.biz.ua\/index.php?rest_route=\/wp\/v2\/posts\/2249\/revisions"}],"predecessor-version":[{"id":2251,"href":"https:\/\/lifevery.biz.ua\/index.php?rest_route=\/wp\/v2\/posts\/2249\/revisions\/2251"}],"wp:featuredmedia":[{"embeddable":true,"href":"https:\/\/lifevery.biz.ua\/index.php?rest_route=\/wp\/v2\/media\/2250"}],"wp:attachment":[{"href":"https:\/\/lifevery.biz.ua\/index.php?rest_route=%2Fwp%2Fv2%2Fmedia&parent=2249"}],"wp:term":[{"taxonomy":"category","embeddable":true,"href":"https:\/\/lifevery.biz.ua\/index.php?rest_route=%2Fwp%2Fv2%2Fcategories&post=2249"},{"taxonomy":"post_tag","embeddable":true,"href":"https:\/\/lifevery.biz.ua\/index.php?rest_route=%2Fwp%2Fv2%2Ftags&post=2249"}],"curies":[{"name":"wp","href":"https:\/\/api.w.org\/{rel}","templated":true}]}}