{"id":22223,"date":"2026-09-06T07:01:53","date_gmt":"2026-09-06T07:01:53","guid":{"rendered":"https:\/\/lifevery.biz.ua\/?p=22223"},"modified":"2026-09-06T07:01:54","modified_gmt":"2026-09-06T07:01:54","slug":"nie-zyje-28-latek-tragiczny-wypadek-na-torach-we-wroclawiu","status":"publish","type":"post","link":"https:\/\/lifevery.biz.ua\/?p=22223","title":{"rendered":"Nie \u017cyje 28-latek. Tragiczny wypadek na torach we Wroc\u0142awiu"},"content":{"rendered":"\n<p class=\"wp-block-paragraph\">zdj\u0119cie pogl\u0105dowe (fot. FotoDax\/shutterstock)<br>Tragiczny wypadek wydarzy\u0142 si\u0119 w sobot\u0119 we Wroc\u0142awiu. Poci\u0105g Kolei Dolno\u015bl\u0105skich \u015bmiertelnie potr\u0105ci\u0142 28-letniego m\u0119\u017cczyzn\u0119. W zwi\u0105zku ze zdarzeniem wyst\u0119powa\u0142y utrudnienia.<\/p>\n\n\n\n<p class=\"wp-block-paragraph\">Do wypadku dosz\u0142o w sobot\u0119, 5 wrze\u015bnia, przed po\u0142udniem. Poci\u0105g potr\u0105ci\u0142 m\u0119\u017cczyzn\u0119 we Wroc\u0142awiu w rejonie ulicy Terenowej, za boiskiem M\u0142odzie\u017cowego Centrum Sportu.<\/p>\n\n\n\n<p class=\"wp-block-paragraph\">28-latek przechodzi\u0142 przez tory w niedozwolonym miejscu<br>Jak informowa\u0142a &#8220;Gazeta Wroc\u0142awska\u201d, do wypadku dosz\u0142o, gdy poci\u0105g Kolei Dolno\u015bl\u0105skich relacji \u015awidnica\u2013Wroc\u0142aw G\u0142\u00f3wny potr\u0105ci\u0142 28-letniego m\u0119\u017cczyzn\u0119. Z przekazanych informacji wynika\u0142o, \u017ce przechodzi\u0142 on przez tory w miejscu niedozwolonym. Do tragedii dosz\u0142o w pobli\u017cu ulicy Terenowej, za boiskiem M\u0142odzie\u017cowego Centrum Sportu.<\/p>\n\n\n\n<p class=\"wp-block-paragraph\">M\u0119\u017cczyzna nie prze\u017cy\u0142 potr\u0105cenia. Jak przekaza\u0142 \u201cGazecie Wroc\u0142awskiej\u201d kapitan Damian G\u00f3rka z Komendy Miejskiej Pa\u0144stwowej Stra\u017cy Po\u017carnej, m\u0119\u017cczyzna zgin\u0105\u0142 na miejscu. Okoliczno\u015bci zdarzenia by\u0142y nast\u0119pnie wyja\u015bniane przez policj\u0119.<\/p>\n\n\n\n<p class=\"wp-block-paragraph\">Wed\u0142ug relacji przytoczonej przez &#8220;Gazet\u0119 Wroc\u0142awsk\u0105\u201d okolica by\u0142a miejscem, w kt\u00f3rym piesi korzystali z nieformalnego przej\u015bcia przez tory.&nbsp;<\/p>\n\n\n\n<p class=\"wp-block-paragraph\">Cz\u0119sto widz\u0119 tutaj m\u0142odzie\u017c przechodz\u0105c\u0105 na skr\u00f3ty do boiska z pobliskich osiedli \u2013 m\u00f3wi\u0142 jeden z mieszka\u0144c\u00f3w tamtejszej okolicy \u201cGazecie Wroc\u0142awskiej\u201d.<\/p>\n\n\n\n<p class=\"wp-block-paragraph\">Oko\u0142o 200 os\u00f3b podr\u00f3\u017cowa\u0142o poci\u0105giem<br>Jak informuje \u201cGazeta Wroc\u0142awska\u201d poci\u0105giem, kt\u00f3ry jecha\u0142 w kierunku Wroc\u0142awia, podr\u00f3\u017cowa\u0142o oko\u0142o 200 os\u00f3b. W zwi\u0105zku z wypadkiem ruch poci\u0105g\u00f3w w miejscu zdarzenia zosta\u0142 ca\u0142kowicie wstrzymany. Pasa\u017cerowie musieli opu\u015bci\u0107 sk\u0142ad, a stra\u017cacy pomogli im bezpiecznie przej\u015b\u0107 do podstawionych autobus\u00f3w.<\/p>\n\n\n\n<p class=\"wp-block-paragraph\">Polskie Linie Kolejowe informowa\u0142y w mediach spo\u0142eczno\u015bciowych, \u017ce przewo\u017anik Koleje Dolno\u015bl\u0105skie wprowadzi\u0142 zast\u0119pcz\u0105 komunikacj\u0119 autobusow\u0105. PLK odsy\u0142a\u0142o do Portalu Pasa\u017cera w celu sprawdzenia op\u00f3\u017anie\u0144 poci\u0105g\u00f3w. Poinformowano r\u00f3wnie\u017c, \u017ce okoliczno\u015bci zdarzenia mia\u0142a wyja\u015bni\u0107 powo\u0142ana w tym celu komisja.<\/p>\n\n\n\n<p class=\"wp-block-paragraph\">Po zako\u0144czeniu dzia\u0142a\u0144 prowadzonych przez s\u0142u\u017cby ruch poci\u0105g\u00f3w w tym miejscu wr\u00f3ci\u0142 do normy. Jak poinformowano ruch poci\u0105g\u00f3w wr\u00f3ci\u0142 do normy o godzinie 14:50.<br><\/p>\n","protected":false},"excerpt":{"rendered":"zdj\u0119cie pogl\u0105dowe (fot. FotoDax\/shutterstock)Tragiczny wypadek wydarzy\u0142 si\u0119 w sobot\u0119 we Wroc\u0142awiu. Poci\u0105g Kolei Dolno\u015bl\u0105skich \u015bmiertelnie potr\u0105ci\u0142 28-letniego m\u0119\u017cczyzn\u0119. W zwi\u0105zku ze zdarzeniem wyst\u0119powa\u0142y \n<a class=\"moretag\" href=\"https:\/\/lifevery.biz.ua\/?p=22223\"> [...]<\/a>","protected":false},"author":1,"featured_media":22224,"comment_status":"open","ping_status":"open","sticky":false,"template":"","format":"standard","meta":{"footnotes":""},"categories":[1],"tags":[],"class_list":["post-22223","post","type-post","status-publish","format-standard","has-post-thumbnail","hentry","category-blog"],"_links":{"self":[{"href":"https:\/\/lifevery.biz.ua\/index.php?rest_route=\/wp\/v2\/posts\/22223","targetHints":{"allow":["GET"]}}],"collection":[{"href":"https:\/\/lifevery.biz.ua\/index.php?rest_route=\/wp\/v2\/posts"}],"about":[{"href":"https:\/\/lifevery.biz.ua\/index.php?rest_route=\/wp\/v2\/types\/post"}],"author":[{"embeddable":true,"href":"https:\/\/lifevery.biz.ua\/index.php?rest_route=\/wp\/v2\/users\/1"}],"replies":[{"embeddable":true,"href":"https:\/\/lifevery.biz.ua\/index.php?rest_route=%2Fwp%2Fv2%2Fcomments&post=22223"}],"version-history":[{"count":1,"href":"https:\/\/lifevery.biz.ua\/index.php?rest_route=\/wp\/v2\/posts\/22223\/revisions"}],"predecessor-version":[{"id":22225,"href":"https:\/\/lifevery.biz.ua\/index.php?rest_route=\/wp\/v2\/posts\/22223\/revisions\/22225"}],"wp:featuredmedia":[{"embeddable":true,"href":"https:\/\/lifevery.biz.ua\/index.php?rest_route=\/wp\/v2\/media\/22224"}],"wp:attachment":[{"href":"https:\/\/lifevery.biz.ua\/index.php?rest_route=%2Fwp%2Fv2%2Fmedia&parent=22223"}],"wp:term":[{"taxonomy":"category","embeddable":true,"href":"https:\/\/lifevery.biz.ua\/index.php?rest_route=%2Fwp%2Fv2%2Fcategories&post=22223"},{"taxonomy":"post_tag","embeddable":true,"href":"https:\/\/lifevery.biz.ua\/index.php?rest_route=%2Fwp%2Fv2%2Ftags&post=22223"}],"curies":[{"name":"wp","href":"https:\/\/api.w.org\/{rel}","templated":true}]}}