{"id":22171,"date":"2026-09-05T19:14:28","date_gmt":"2026-09-05T19:14:28","guid":{"rendered":"https:\/\/lifevery.biz.ua\/?p=22171"},"modified":"2026-09-05T19:14:29","modified_gmt":"2026-09-05T19:14:29","slug":"tragiczny-wypadek-w-gminie-troszyn-zderzenie-auta-z-pociagiem-nie-zyje-jedna-osoba","status":"publish","type":"post","link":"https:\/\/lifevery.biz.ua\/?p=22171","title":{"rendered":"Tragiczny wypadek w gminie Troszyn. Zderzenie auta z poci\u0105giem, nie \u017cyje jedna osoba"},"content":{"rendered":"\n<p class=\"wp-block-paragraph\">Tragiczny wypadek w gminie Troszyn. Zderzenie auta z poci\u0105giem, nie \u017cyje jedna osoba<\/p>\n\n\n\n<p class=\"wp-block-paragraph\">Tory kolejowe (zdj. ilustracyjne), fot. Shutterstock<br>Do tragicznego wypadku dosz\u0142o w sobot\u0119 11 lipca na niestrze\u017conym przeje\u017adzie kolejowym w gminie Troszyn. Samoch\u00f3d osobowy zderzy\u0142 si\u0119 tam z lokomotyw\u0105 poci\u0105gu towarowego. Kierowca volkswagena zgin\u0105\u0142 na miejscu, a droga i ruch kolejowy zosta\u0142y zablokowane.<\/p>\n\n\n\n<p class=\"wp-block-paragraph\">Wypadek na przeje\u017adzie kolejowym w Grucelach. Na miejsce skierowano s\u0142u\u017cby<br>Zg\u0142oszenie dotycz\u0105ce gro\u017anego zdarzenia na niestrze\u017conym przeje\u017adzie kolejowym w miejscowo\u015bci Grucele wp\u0142yn\u0119\u0142o do s\u0142u\u017cb w sobot\u0119 11 lipca po godz. 19.00. Wypadek wydarzy\u0142 si\u0119 na terenie gminy Troszyn, w powiecie ostro\u0142\u0119ckim. Na miejsce skierowano stra\u017c po\u017carn\u0105, policj\u0119 oraz pozosta\u0142e s\u0142u\u017cby ratunkowe.<\/p>\n\n\n\n<p class=\"wp-block-paragraph\">Ze wst\u0119pnych informacji przekazanych przez redakcj\u0119 portalu Moja Ostro\u0142\u0119ka wynika\u0142o, \u017ce w zdarzeniu bra\u0142y udzia\u0142 samoch\u00f3d osobowy oraz poci\u0105g. Do zderzenia dosz\u0142o na przeje\u017adzie, kt\u00f3ry nie jest wyposa\u017cony w zapory obs\u0142ugiwane przez dr\u00f3\u017cnika. Okoliczno\u015bci wypadku nie by\u0142y pocz\u0105tkowo znane, dlatego s\u0142u\u017cby rozpocz\u0119\u0142y zabezpieczanie terenu i ustalanie przebiegu zdarzenia.<\/p>\n\n\n\n<p class=\"wp-block-paragraph\">Tory kolejowe (zdj. ilustracyjne), fot. Canva<br>Skala zniszcze\u0144 wskazywa\u0142a, \u017ce si\u0142a uderzenia by\u0142a bardzo du\u017ca. Samoch\u00f3d po kontakcie z lokomotyw\u0105 zosta\u0142 odrzucony poza torowisko, a nast\u0119pnie zatrzyma\u0142 si\u0119 na pobliskim polu. Ratownicy musieli jednocze\u015bnie zabezpieczy\u0107 rozbity pojazd, teren wok\u00f3\u0142 tor\u00f3w oraz sam przejazd kolejowy.<\/p>\n\n\n\n<p class=\"wp-block-paragraph\">Na miejscu pojawi\u0142y si\u0119 cztery zast\u0119py stra\u017cy po\u017carnej. Informacj\u0119 t\u0119 przekaza\u0142 redakcji Moja Ostro\u0142\u0119ka st. kpt. Marek Andrzejczyk z ostro\u0142\u0119ckiej stra\u017cy po\u017carnej. Stra\u017cacy prowadzili dzia\u0142ania wsp\u00f3lnie z innymi s\u0142u\u017cbami, dbaj\u0105c mi\u0119dzy innymi o bezpiecze\u0144stwo os\u00f3b pracuj\u0105cych w pobli\u017cu torowiska.<\/p>\n\n\n\n<p class=\"wp-block-paragraph\">Ze wzgl\u0119du na charakter wypadku przejazd zosta\u0142 ca\u0142kowicie wy\u0142\u0105czony z ruchu. Zablokowana zosta\u0142a r\u00f3wnie\u017c droga prowadz\u0105ca przez miejsce zdarzenia. S\u0142u\u017cby apelowa\u0142y do kierowc\u00f3w, aby omijali ten rejon i wybierali inne trasy, poniewa\u017c dzia\u0142ania mog\u0142y potrwa\u0107 d\u0142u\u017cszy czas.<br>Volkswagen wjecha\u0142 na tory przed lokomotyw\u0119 towarow\u0105<br>Wed\u0142ug informacji przekazanych przez portal Moja Ostro\u0142\u0119ka samochodem uczestnicz\u0105cym w wypadku by\u0142 volkswagen bora. Pojazdem kierowa\u0142 m\u0119\u017cczyzna, kt\u00f3ry podr\u00f3\u017cowa\u0142 sam. Z nieustalonych dot\u0105d powod\u00f3w samoch\u00f3d znalaz\u0142 si\u0119 na torach w chwili, gdy do przejazdu zbli\u017ca\u0142a si\u0119 lokomotywa towarowa.<\/p>\n\n\n\n<p class=\"wp-block-paragraph\">Wst\u0119pny opis zdarzenia wskazuje, \u017ce volkswagen wjecha\u0142 bezpo\u015brednio pod nadje\u017cd\u017caj\u0105cy sk\u0142ad. Maszynista nie mia\u0142 mo\u017cliwo\u015bci unikni\u0119cia zderzenia. Lokomotywa uderzy\u0142a w samoch\u00f3d z du\u017c\u0105 si\u0142\u0105, po czym osob\u00f3wka zosta\u0142a odbita od tor\u00f3w i zatrzyma\u0142a si\u0119 poza przejazdem, na polu.<\/p>\n\n\n\n<p class=\"wp-block-paragraph\">Nie wiadomo jeszcze, dlaczego kierowca wjecha\u0142 na torowisko. Na tym etapie nie by\u0142o informacji, czy mog\u0142o doj\u015b\u0107 do b\u0142\u0119du kieruj\u0105cego, awarii samochodu lub wyst\u0105pienia innych okoliczno\u015bci, kt\u00f3re doprowadzi\u0142y do tragedii. Dok\u0142adny przebieg wypadku maj\u0105 ustali\u0107 policjanci prowadz\u0105cy czynno\u015bci na miejscu.<br><\/p>\n","protected":false},"excerpt":{"rendered":"Tragiczny wypadek w gminie Troszyn. Zderzenie auta z poci\u0105giem, nie \u017cyje jedna osoba Tory kolejowe (zdj. ilustracyjne), fot. ShutterstockDo tragicznego wypadku dosz\u0142o w \n<a class=\"moretag\" href=\"https:\/\/lifevery.biz.ua\/?p=22171\"> [...]<\/a>","protected":false},"author":1,"featured_media":22172,"comment_status":"open","ping_status":"open","sticky":false,"template":"","format":"standard","meta":{"footnotes":""},"categories":[1],"tags":[],"class_list":["post-22171","post","type-post","status-publish","format-standard","has-post-thumbnail","hentry","category-blog"],"_links":{"self":[{"href":"https:\/\/lifevery.biz.ua\/index.php?rest_route=\/wp\/v2\/posts\/22171","targetHints":{"allow":["GET"]}}],"collection":[{"href":"https:\/\/lifevery.biz.ua\/index.php?rest_route=\/wp\/v2\/posts"}],"about":[{"href":"https:\/\/lifevery.biz.ua\/index.php?rest_route=\/wp\/v2\/types\/post"}],"author":[{"embeddable":true,"href":"https:\/\/lifevery.biz.ua\/index.php?rest_route=\/wp\/v2\/users\/1"}],"replies":[{"embeddable":true,"href":"https:\/\/lifevery.biz.ua\/index.php?rest_route=%2Fwp%2Fv2%2Fcomments&post=22171"}],"version-history":[{"count":1,"href":"https:\/\/lifevery.biz.ua\/index.php?rest_route=\/wp\/v2\/posts\/22171\/revisions"}],"predecessor-version":[{"id":22173,"href":"https:\/\/lifevery.biz.ua\/index.php?rest_route=\/wp\/v2\/posts\/22171\/revisions\/22173"}],"wp:featuredmedia":[{"embeddable":true,"href":"https:\/\/lifevery.biz.ua\/index.php?rest_route=\/wp\/v2\/media\/22172"}],"wp:attachment":[{"href":"https:\/\/lifevery.biz.ua\/index.php?rest_route=%2Fwp%2Fv2%2Fmedia&parent=22171"}],"wp:term":[{"taxonomy":"category","embeddable":true,"href":"https:\/\/lifevery.biz.ua\/index.php?rest_route=%2Fwp%2Fv2%2Fcategories&post=22171"},{"taxonomy":"post_tag","embeddable":true,"href":"https:\/\/lifevery.biz.ua\/index.php?rest_route=%2Fwp%2Fv2%2Ftags&post=22171"}],"curies":[{"name":"wp","href":"https:\/\/api.w.org\/{rel}","templated":true}]}}