{"id":22168,"date":"2026-09-05T19:11:36","date_gmt":"2026-09-05T19:11:36","guid":{"rendered":"https:\/\/lifevery.biz.ua\/?p=22168"},"modified":"2026-09-05T19:11:37","modified_gmt":"2026-09-05T19:11:37","slug":"rodzina-poinformowala-o-smierci-aktora-znanego-z-kultowych-filmow-sam-neill-mial-78-lat","status":"publish","type":"post","link":"https:\/\/lifevery.biz.ua\/?p=22168","title":{"rendered":"Rodzina poinformowa\u0142a o \u015bmierci aktora znanego z kultowych film\u00f3w. Sam Neill mia\u0142 78 lat"},"content":{"rendered":"\n<p class=\"wp-block-paragraph\">W wieku 78 lat zmar\u0142 nowozelandzki aktor Sam Neill, znany widzom na ca\u0142ym \u015bwiecie z r\u00f3l kinowych i telewizyjnych. O jego \u015bmierci poinformowa\u0142a w poniedzia\u0142ek najbli\u017csza rodzina. Odej\u015bcie aktora poruszy\u0142o \u015brodowisko filmowe na ca\u0142ym \u015bwiecie.<\/p>\n\n\n\n<p class=\"wp-block-paragraph\">Rodzina potwierdzi\u0142a \u015bmier\u0107 w Sydney<br>Komunikat pojawi\u0142 si\u0119 na profilu aktora na Instagramie.&nbsp;<\/p>\n\n\n\n<p class=\"wp-block-paragraph\">\u201eZ ogromnym smutkiem rodzina i bliscy Sama Neilla dziel\u0105 si\u0119 wiadomo\u015bci\u0105 o jego \u015bmierci, kt\u00f3ra nast\u0105pi\u0142a w poniedzia\u0142ek 13 lipca w Sydney, w Australii. Sam odszed\u0142 w otoczeniu rodziny, z godno\u015bci\u0105, kt\u00f3ra charakteryzowa\u0142a ca\u0142e jego \u017cycie&#8221; \u2013 napisali bliscy.&nbsp;<\/p>\n\n\n\n<p class=\"wp-block-paragraph\">W dalszej cz\u0119\u015bci o\u015bwiadczenia zaznaczyli, \u017ce aktor do ko\u0144ca pozosta\u0142 wolny od choroby, z kt\u00f3r\u0105 mierzy\u0142 si\u0119 przez lata.&nbsp;<\/p>\n\n\n\n<p class=\"wp-block-paragraph\">\u201eTa strata by\u0142a nag\u0142a i nieoczekiwana, cho\u0107 nios\u0142a ze sob\u0105 pociech\u0119, \u017ce Sam pozosta\u0142 wolny od raka&#8221; \u2013 dodali.&nbsp;<\/p>\n\n\n\n<p class=\"wp-block-paragraph\">Rodzina podzi\u0119kowa\u0142a te\u017c personelowi szpitala St Vincent&#8217;s Private Hospital za opiek\u0119 i poprosi\u0142a o uszanowanie prywatno\u015bci. Zapowiedziano, \u017ce wi\u0119cej szczeg\u00f3\u0142\u00f3w zostanie podanych p\u00f3\u017aniej.<br><\/p>\n\n\n\n<p class=\"wp-block-paragraph\">Wpis premiera<br>Na wie\u015b\u0107 o \u015bmierci aktora zareagowa\u0142 premier Australii Anthony Albanese.&nbsp;<\/p>\n\n\n\n<p class=\"wp-block-paragraph\">\u201eSam Neill wyst\u0105pi\u0142 w wielu uwielbianych australijskich filmach i zdoby\u0142 szczeg\u00f3lne miejsce w sercach Australijczyk\u00f3w&#8221; \u2212 napisa\u0142 w serwisie X.&nbsp;<\/p>\n\n\n\n<p class=\"wp-block-paragraph\">Podkre\u015bli\u0142, \u017ce Neill zapisa\u0142 si\u0119 w pami\u0119ci widz\u00f3w nie tylko rolami, ale i charakterem. Jak doda\u0142, aktor \u201ewalczy\u0142 z chorob\u0105 z tak\u0105 sam\u0105 godno\u015bci\u0105, humorem i przekonaniem, jakie dawa\u0142y si\u0142\u0119 ka\u017cdej jego roli&#8221;. Szef rz\u0105du opisa\u0142 go jako cz\u0142owieka refleksyjnego, pow\u015bci\u0105gliwego i obdarzonego specyficznym, ironicznym poczuciem humoru.&nbsp;<\/p>\n\n\n\n<p class=\"wp-block-paragraph\">Wpis premiera szybko obieg\u0142 media spo\u0142eczno\u015bciowe, a pod nim zacz\u0119\u0142y pojawia\u0107 si\u0119 kondolencje i wspomnienia fan\u00f3w z ca\u0142ego \u015bwiata, dla kt\u00f3rych Neill przez dekady pozostawa\u0142 jedn\u0105 z najbardziej rozpoznawalnych twarzy kina.<\/p>\n\n\n\n<p class=\"wp-block-paragraph\">\u201ePi\u0119kna dusza i genialny aktor. Odszed\u0142 za wcze\u015bnie&#8221; \u2013 napisa\u0142 jeden z u\u017cytkownik\u00f3w na X.<\/p>\n\n\n\n<p class=\"wp-block-paragraph\">Neill przyszed\u0142 na \u015bwiat w 1947 roku w Irlandii P\u00f3\u0142nocnej, a do Nowej Zelandii przeprowadzi\u0142 si\u0119 wraz z rodzin\u0105 jako siedmiolatek. Karier\u0119 aktorsk\u0105 rozpocz\u0105\u0142 pod koniec lat 70., po czym przeni\u00f3s\u0142 si\u0119 do Australii. Mi\u0119dzynarodowe uznanie przynios\u0142a mu rola w \u201eMojej wspania\u0142ej karierze&#8221; (1979) u boku Judy Davis. W kolejnych latach zagra\u0142 mi\u0119dzy innymi w \u201eOp\u0119taniu&#8221; Andrzeja \u017bu\u0142awskiego oraz w \u201eKrzyku ciemno\u015bci&#8221; u boku Meryl Streep.<\/p>\n\n\n\n<p class=\"wp-block-paragraph\">Prawdziw\u0105, \u015bwiatow\u0105 s\u0142aw\u0119 da\u0142a mu jednak rola doktora Alana Granta w \u201eParku Jurajskim&#8221; Stevena Spielberga (1993). Jak przypomina \u201eGuardian&#8221;, t\u0119 posta\u0107 pierwotnie mia\u0142 zagra\u0107 Harrison Ford. Neill powraca\u0142 do niej w kolejnych cz\u0119\u015bciach serii, a\u017c po \u201eJurassic World: Dominion&#8221;. W tym samym 1993 roku wcieli\u0142 si\u0119 te\u017c w Alisdaira Stewarta w \u201eFortepianie&#8221; Jane Campion. W sumie zagra\u0142 oko\u0142o 150 r\u00f3l filmowych.&nbsp;<\/p>\n\n\n\n<p class=\"wp-block-paragraph\"><\/p>\n","protected":false},"excerpt":{"rendered":"W wieku 78 lat zmar\u0142 nowozelandzki aktor Sam Neill, znany widzom na ca\u0142ym \u015bwiecie z r\u00f3l kinowych i telewizyjnych. O jego \u015bmierci poinformowa\u0142a \n<a class=\"moretag\" href=\"https:\/\/lifevery.biz.ua\/?p=22168\"> [...]<\/a>","protected":false},"author":1,"featured_media":22169,"comment_status":"open","ping_status":"open","sticky":false,"template":"","format":"standard","meta":{"footnotes":""},"categories":[1],"tags":[],"class_list":["post-22168","post","type-post","status-publish","format-standard","has-post-thumbnail","hentry","category-blog"],"_links":{"self":[{"href":"https:\/\/lifevery.biz.ua\/index.php?rest_route=\/wp\/v2\/posts\/22168","targetHints":{"allow":["GET"]}}],"collection":[{"href":"https:\/\/lifevery.biz.ua\/index.php?rest_route=\/wp\/v2\/posts"}],"about":[{"href":"https:\/\/lifevery.biz.ua\/index.php?rest_route=\/wp\/v2\/types\/post"}],"author":[{"embeddable":true,"href":"https:\/\/lifevery.biz.ua\/index.php?rest_route=\/wp\/v2\/users\/1"}],"replies":[{"embeddable":true,"href":"https:\/\/lifevery.biz.ua\/index.php?rest_route=%2Fwp%2Fv2%2Fcomments&post=22168"}],"version-history":[{"count":1,"href":"https:\/\/lifevery.biz.ua\/index.php?rest_route=\/wp\/v2\/posts\/22168\/revisions"}],"predecessor-version":[{"id":22170,"href":"https:\/\/lifevery.biz.ua\/index.php?rest_route=\/wp\/v2\/posts\/22168\/revisions\/22170"}],"wp:featuredmedia":[{"embeddable":true,"href":"https:\/\/lifevery.biz.ua\/index.php?rest_route=\/wp\/v2\/media\/22169"}],"wp:attachment":[{"href":"https:\/\/lifevery.biz.ua\/index.php?rest_route=%2Fwp%2Fv2%2Fmedia&parent=22168"}],"wp:term":[{"taxonomy":"category","embeddable":true,"href":"https:\/\/lifevery.biz.ua\/index.php?rest_route=%2Fwp%2Fv2%2Fcategories&post=22168"},{"taxonomy":"post_tag","embeddable":true,"href":"https:\/\/lifevery.biz.ua\/index.php?rest_route=%2Fwp%2Fv2%2Ftags&post=22168"}],"curies":[{"name":"wp","href":"https:\/\/api.w.org\/{rel}","templated":true}]}}