{"id":22160,"date":"2026-09-05T18:54:52","date_gmt":"2026-09-05T18:54:52","guid":{"rendered":"https:\/\/lifevery.biz.ua\/?p=22160"},"modified":"2026-09-05T18:54:53","modified_gmt":"2026-09-05T18:54:53","slug":"policja-oglasza-czarny-alert-drogowy-komunikat-po-tragicznym-wypadku-w-bojszowie","status":"publish","type":"post","link":"https:\/\/lifevery.biz.ua\/?p=22160","title":{"rendered":"Policja og\u0142asza Czarny Alert Drogowy. Komunikat po tragicznym wypadku w Bojszowie"},"content":{"rendered":"\n<p class=\"wp-block-paragraph\">Policja og\u0142asza Czarny Alert Drogowy. Komunikat po tragicznym wypadku w Bojszowie<\/p>\n\n\n\n<p class=\"wp-block-paragraph\">\u015amiertelny wypadek w Bojszowie, fot. KMP w Gliwicach<br>W Bojszowie dosz\u0142o rano do tragicznego wypadku drogowego. 41-letni kierowca opla zjecha\u0142 z jezdni i uderzy\u0142 w betonowy przepust. M\u0119\u017cczyzny nie uda\u0142o si\u0119 uratowa\u0107 mimo podj\u0119tej akcji. Policja og\u0142osi\u0142a Czarny Alert Drogowy.<\/p>\n\n\n\n<p class=\"wp-block-paragraph\">Do wypadku dosz\u0142o oko\u0142o godziny 6 na ulicy Ko\u015bciuszki w Bojszowie. Po uderzeniu w betonowy przepust samoch\u00f3d zacz\u0105\u0142 si\u0119 pali\u0107. Inni kierowcy pr\u00f3bowali ugasi\u0107 pojazd ga\u015bnicami ze swoich samochod\u00f3w. Przyczyna zjechania opla z jezdni pozostaje nieustalona.<\/p>\n\n\n\n<p class=\"wp-block-paragraph\">\u015amiertelny wypadek w Bojszowie. Opel uderzy\u0142 w betonowy przepust<br>41-letni m\u0119\u017cczyzna jecha\u0142 samochodem osobowym marki Opel ulic\u0105 Ko\u015bciuszki w Bojszowie. Oko\u0142o godziny 6 z nieustalonej dot\u0105d przyczyny zjecha\u0142 z jezdni. Samoch\u00f3d nast\u0119pnie uderzy\u0142 w betonowy przepust znajduj\u0105cy si\u0119 przy wje\u017adzie do lasu.<\/p>\n\n\n\n<p class=\"wp-block-paragraph\">Uderzenie mia\u0142o tragiczne nast\u0119pstwa. Po wypadku pojazd zacz\u0105\u0142 si\u0119 pali\u0107. Ogie\u0144 pojawi\u0142 si\u0119 jeszcze przed rozpocz\u0119ciem dzia\u0142a\u0144 przez s\u0142u\u017cby ratunkowe.<\/p>\n\n\n\n<p class=\"wp-block-paragraph\">\u015amiertelny wypadek w Bojszowie, fot. KMP w Gliwicach<br>Na obecnym etapie nie wskazano, co dok\u0142adnie doprowadzi\u0142o do zmiany toru jazdy przez 41-latka. Ta kwestia b\u0119dzie jednym z element\u00f3w post\u0119powania dotycz\u0105cego wypadku.<br><\/p>\n\n\n\n<p class=\"wp-block-paragraph\">\u015awiadkowie pr\u00f3bowali ugasi\u0107 p\u0142on\u0105cy samoch\u00f3d<br>Na zdarzenie zareagowali inni kierowcy przeje\u017cd\u017caj\u0105cy ulic\u0105 Ko\u015bciuszki. Podj\u0119li pr\u00f3b\u0119 ugaszenia p\u0142on\u0105cego opla jeszcze przed zako\u0144czeniem akcji ratunkowej.<\/p>\n\n\n\n<p class=\"wp-block-paragraph\">Do walki z ogniem wykorzystali ga\u015bnice znajduj\u0105ce si\u0119 w ich samochodach. Podj\u0119te dzia\u0142ania nie przynios\u0142y jednak oczekiwanego skutku. Po\u017caru pojazdu nie uda\u0142o si\u0119 w ten spos\u00f3b opanowa\u0107 na tyle, by uratowa\u0107 znajduj\u0105cego si\u0119 w nim kierowc\u0119.<\/p>\n\n\n\n<p class=\"wp-block-paragraph\">Mimo szybko rozpocz\u0119tej akcji \u017cycia 41-letniego m\u0119\u017cczyzny nie uda\u0142o si\u0119 uratowa\u0107. Wypadek zako\u0144czy\u0142 si\u0119 jego \u015bmierci\u0105.<br><\/p>\n\n\n\n<p class=\"wp-block-paragraph\">Post\u0119powanie ma pozwoli\u0107 na ustalenie pe\u0142nych okoliczno\u015bci zdarzenia. Wyja\u015bniane b\u0119dzie przede wszystkim to, dlaczego kieruj\u0105cy oplem zjecha\u0142 z ulicy Ko\u015bciuszki, a nast\u0119pnie uderzy\u0142 w betonowy przepust.<\/p>\n\n\n\n<p class=\"wp-block-paragraph\">Na razie przyczyna tragedii pozostaje nieustalona. Dalsze ustalenia w tej sprawie maj\u0105 zosta\u0107 poczynione w toku prowadzonego \u015bledztwa.<\/p>\n\n\n\n<p class=\"wp-block-paragraph\">Po \u015bmiertelnym wypadku policja og\u0142osi\u0142a Czarny Alert Drogowy, zwracaj\u0105c uwag\u0119 na tragiczny fina\u0142 zdarzenia na ulicy Ko\u015bciuszki w Bojszowie.<br><\/p>\n","protected":false},"excerpt":{"rendered":"Policja og\u0142asza Czarny Alert Drogowy. Komunikat po tragicznym wypadku w Bojszowie \u015amiertelny wypadek w Bojszowie, fot. KMP w GliwicachW Bojszowie dosz\u0142o rano do \n<a class=\"moretag\" href=\"https:\/\/lifevery.biz.ua\/?p=22160\"> [...]<\/a>","protected":false},"author":1,"featured_media":22161,"comment_status":"open","ping_status":"open","sticky":false,"template":"","format":"standard","meta":{"footnotes":""},"categories":[1],"tags":[],"class_list":["post-22160","post","type-post","status-publish","format-standard","has-post-thumbnail","hentry","category-blog"],"_links":{"self":[{"href":"https:\/\/lifevery.biz.ua\/index.php?rest_route=\/wp\/v2\/posts\/22160","targetHints":{"allow":["GET"]}}],"collection":[{"href":"https:\/\/lifevery.biz.ua\/index.php?rest_route=\/wp\/v2\/posts"}],"about":[{"href":"https:\/\/lifevery.biz.ua\/index.php?rest_route=\/wp\/v2\/types\/post"}],"author":[{"embeddable":true,"href":"https:\/\/lifevery.biz.ua\/index.php?rest_route=\/wp\/v2\/users\/1"}],"replies":[{"embeddable":true,"href":"https:\/\/lifevery.biz.ua\/index.php?rest_route=%2Fwp%2Fv2%2Fcomments&post=22160"}],"version-history":[{"count":1,"href":"https:\/\/lifevery.biz.ua\/index.php?rest_route=\/wp\/v2\/posts\/22160\/revisions"}],"predecessor-version":[{"id":22162,"href":"https:\/\/lifevery.biz.ua\/index.php?rest_route=\/wp\/v2\/posts\/22160\/revisions\/22162"}],"wp:featuredmedia":[{"embeddable":true,"href":"https:\/\/lifevery.biz.ua\/index.php?rest_route=\/wp\/v2\/media\/22161"}],"wp:attachment":[{"href":"https:\/\/lifevery.biz.ua\/index.php?rest_route=%2Fwp%2Fv2%2Fmedia&parent=22160"}],"wp:term":[{"taxonomy":"category","embeddable":true,"href":"https:\/\/lifevery.biz.ua\/index.php?rest_route=%2Fwp%2Fv2%2Fcategories&post=22160"},{"taxonomy":"post_tag","embeddable":true,"href":"https:\/\/lifevery.biz.ua\/index.php?rest_route=%2Fwp%2Fv2%2Ftags&post=22160"}],"curies":[{"name":"wp","href":"https:\/\/api.w.org\/{rel}","templated":true}]}}