{"id":22127,"date":"2026-09-04T20:53:05","date_gmt":"2026-09-04T20:53:05","guid":{"rendered":"https:\/\/lifevery.biz.ua\/?p=22127"},"modified":"2026-09-04T20:53:05","modified_gmt":"2026-09-04T20:53:05","slug":"przed-laty-udzielil-slubu-mandarynie-i-wisniewskiemu-tak-podsumowal-ich-powrot-do-siebie","status":"publish","type":"post","link":"https:\/\/lifevery.biz.ua\/?p=22127","title":{"rendered":"Przed laty udzieli\u0142 \u015blubu Mandarynie i Wi\u015bniewskiemu. Tak podsumowa\u0142 ich powr\u00f3t do siebie"},"content":{"rendered":"\n<p class=\"wp-block-paragraph\">Micha\u0142 Wi\u015bniewski i Mandaryna zn\u00f3w s\u0105 razem, a ich powr\u00f3t wywo\u0142a\u0142 ogromne poruszenie. Do sprawy odni\u00f3s\u0142 si\u0119 ks. Arkadiusz Nowak, kt\u00f3ry ponad dwie dekady temu udziela\u0142 im \u015blubu ko\u015bcielnego. Duchowny przypomnia\u0142 ceremoni\u0119 z Laponii i kr\u00f3tko skomentowa\u0142 decyzj\u0119 by\u0142ych ma\u0142\u017conk\u00f3w.<\/p>\n\n\n\n<p class=\"wp-block-paragraph\">\u015alub Micha\u0142a Wi\u015bniewskiego i Mandaryny ogl\u0105da\u0142a ca\u0142a Polska<br>Micha\u0142 Wi\u015bniewski i Mandaryna przez lata byli jedn\u0105 z najg\u0142o\u015bniejszych par polskiego show-biznesu. Ich zwi\u0105zek wzbudza\u0142 ogromne zainteresowanie, a \u015blub, kt\u00f3ry odby\u0142 si\u0119 w 2003 roku, mia\u0142 wyj\u0105tkowo widowiskow\u0105 opraw\u0119. Para by\u0142a ju\u017c wtedy po \u015blubie cywilnym, ale zdecydowa\u0142a si\u0119 tak\u017ce na uroczysto\u015b\u0107 ko\u015bcieln\u0105. To wydarzenie nie mia\u0142o jednak klasycznego charakteru i szybko sta\u0142o si\u0119 jednym z najbardziej pami\u0119tnych moment\u00f3w w historii medialnego \u017cycia lidera Ich Troje.<\/p>\n\n\n\n<p class=\"wp-block-paragraph\">Micha\u0142 Wi\u015bniewski, fot. KAPiF<br>Ceremonia odby\u0142a si\u0119 w Kirunie, szwedzkim mie\u015bcie po\u0142o\u017conym w Laponii, niedaleko Bieguna P\u00f3\u0142nocnego. Na miejscu pojawi\u0142o si\u0119 ponad 100 zaproszonych os\u00f3b, kt\u00f3re przylecia\u0142y tam, by uczestniczy\u0107 w \u015bwi\u0119cie pary. \u015alub by\u0142 relacjonowany w programie &#8220;Jestem, jaki jestem&#8221;, dzi\u0119ki czemu widzowie w ca\u0142ym kraju mogli \u015bledzi\u0107 t\u0119 uroczysto\u015b\u0107 niemal na bie\u017c\u0105co. Dla fan\u00f3w Micha\u0142a Wi\u015bniewskiego i Mandaryny by\u0142 to wtedy jeden z najwa\u017cniejszych moment\u00f3w ich wsp\u00f3lnej historii.<\/p>\n\n\n\n<p class=\"wp-block-paragraph\">W\u015br\u00f3d go\u015bci znalaz\u0142 si\u0119 r\u00f3wnie\u017c ks. Arkadiusz Nowak, bliski przyjaciel pary. To w\u0142a\u015bnie on udzieli\u0142 im sakramentu ma\u0142\u017ce\u0144stwa. Duchowny by\u0142 obecny nie tylko przy ich \u015blubie. Jak przypomina &#8220;Fakt&#8221;, ochrzci\u0142 tak\u017ce dwoje dzieci Micha\u0142a Wi\u015bniewskiego i Mandaryny: Xaviera oraz Fabienne. Jego relacja z rodzin\u0105 Wi\u015bniewskich nie ogranicza\u0142a si\u0119 wi\u0119c wy\u0142\u0105cznie do jednej uroczysto\u015bci.<br><\/p>\n\n\n\n<p class=\"wp-block-paragraph\">Ks. Arkadiusz Nowak wr\u00f3ci\u0142 pami\u0119ci\u0105 do ceremonii w Laponii<br>Po latach ks. Arkadiusz Nowak w rozmowie z &#8220;Faktem&#8221; opowiedzia\u0142, jak z jego perspektywy wygl\u0105da\u0142a tamta uroczysto\u015b\u0107. Duchowny podkre\u015bli\u0142, \u017ce jego zadaniem by\u0142o udzielenie sakramentu zgodnie z ko\u015bcielnymi zasadami. Zaznaczy\u0142 te\u017c, \u017ce para spe\u0142ni\u0142a wszystkie wymagania formalne, kt\u00f3re by\u0142y konieczne do zawarcia ma\u0142\u017ce\u0144stwa w ko\u015bciele.<\/p>\n\n\n\n<p class=\"wp-block-paragraph\">\u2013 Zrobi\u0142em wtedy to, co do mnie nale\u017ca\u0142o, czyli udzieli\u0142em sakramentu zgodnie z wszelkimi zasadami, bo spe\u0142nili wymogi formalne. Kochali si\u0119, chcieli by\u0107 razem, wi\u0119c to by\u0142a moja rola \u2013 wspomina\u0142 ks. Arkadiusz Nowak w rozmowie z <\/p>\n\n\n\n<p class=\"wp-block-paragraph\">Duchowny nie ukrywa\u0142, \u017ce w tamtym czasie widzia\u0142 w tej relacji uczucie i ch\u0119\u0107 wsp\u00f3lnego \u017cycia. Nie pr\u00f3bowa\u0142 jednak po latach ocenia\u0107 decyzji, kt\u00f3re podejmowali Micha\u0142 Wi\u015bniewski i Mandaryna. Gdy ich ma\u0142\u017ce\u0144stwo si\u0119 rozpad\u0142o, ks. Nowak nie anga\u017cowa\u0142 si\u0119 w ich prywatne sprawy. Jak sam zaznaczy\u0142, nie chcia\u0142 wp\u0142ywa\u0107 na ich wybory ani stawia\u0107 si\u0119 w roli osoby, kt\u00f3ra uk\u0142ada komu\u015b \u017cycie.<\/p>\n\n\n\n<p class=\"wp-block-paragraph\">\u2013 Nie chc\u0119 by\u0107 architektem \u017cycia innych os\u00f3b \u2013 powiedzia\u0142 ks. Arkadiusz Nowak w rozmowie z &#8220;Faktem&#8221;.<\/p>\n\n\n\n<p class=\"wp-block-paragraph\">Te s\u0142owa pokazuj\u0105, \u017ce duchowny zachowa\u0142 dystans wobec p\u00f3\u017aniejszych wydarze\u0144 w \u017cyciu by\u0142ych ma\u0142\u017conk\u00f3w. Cho\u0107 by\u0142 zwi\u0105zany z ich rodzin\u0105 wa\u017cnymi sakramentami, nie komentowa\u0142 ich rozstania ani nie pr\u00f3bowa\u0142 doradza\u0107 im w sprawach osobistych. Z jego wypowiedzi wynika, \u017ce traktowa\u0142 swoj\u0105 rol\u0119 przede wszystkim jako pos\u0142ug\u0119 kap\u0142a\u0144sk\u0105, a nie udzia\u0142 w prywatnych decyzjach pary.<br><\/p>\n\n\n\n<p class=\"wp-block-paragraph\">Ks. Arkadiusz Nowak przyzna\u0142 w rozmowie z &#8220;Faktem&#8221;, \u017ce wci\u0105\u017c utrzymuje kontakt z Micha\u0142em Wi\u015bniewskim. Zapytany o powr\u00f3t artysty do Mandaryny, nie zdecydowa\u0142 si\u0119 na d\u0142ugi komentarz ani ocenianie ich decyzji. Zamiast tego si\u0119gn\u0105\u0142 po s\u0142owa znanej piosenki Eleni, kt\u00f3r\u0105 nazwa\u0142 swoj\u0105 wielk\u0105 przyjaci\u00f3\u0142k\u0105.<\/p>\n\n\n\n<p class=\"wp-block-paragraph\">\u2013 Mog\u0119 jedynie skomentowa\u0107 to s\u0142owami piosenki mojej wielkiej przyjaci\u00f3\u0142ki Eleni: stara mi\u0142o\u015b\u0107 nie rdzewieje \u2013 powiedzia\u0142 ks. Arkadiusz Nowak w rozmowie z &#8220;Faktem&#8221;.<\/p>\n\n\n\n<p class=\"wp-block-paragraph\">To kr\u00f3tka, ale wymowna reakcja duchownego. Ks. Nowak nie rozbudowuje swojej wypowiedzi i nie dopowiada za by\u0142ych ma\u0142\u017conk\u00f3w, co dok\u0142adnie oznacza ich powr\u00f3t. Pozostawia t\u0119 histori\u0119 samym zainteresowanym, ale jego komentarz jasno pokazuje, \u017ce patrzy na ni\u0105 z du\u017cym spokojem. Po latach od g\u0142o\u015bnego \u015blubu w Laponii Micha\u0142 Wi\u015bniewski i Mandaryna ponownie znale\u017ali si\u0119 w centrum uwagi, a ich dawna relacja zn\u00f3w sta\u0142a si\u0119 tematem, kt\u00f3ry budzi emocje w\u015br\u00f3d fan\u00f3w i medi\u00f3w.<br><\/p>\n","protected":false},"excerpt":{"rendered":"Micha\u0142 Wi\u015bniewski i Mandaryna zn\u00f3w s\u0105 razem, a ich powr\u00f3t wywo\u0142a\u0142 ogromne poruszenie. Do sprawy odni\u00f3s\u0142 si\u0119 ks. Arkadiusz Nowak, kt\u00f3ry ponad dwie \n<a class=\"moretag\" href=\"https:\/\/lifevery.biz.ua\/?p=22127\"> [...]<\/a>","protected":false},"author":1,"featured_media":22128,"comment_status":"open","ping_status":"open","sticky":false,"template":"","format":"standard","meta":{"footnotes":""},"categories":[1],"tags":[],"class_list":["post-22127","post","type-post","status-publish","format-standard","has-post-thumbnail","hentry","category-blog"],"_links":{"self":[{"href":"https:\/\/lifevery.biz.ua\/index.php?rest_route=\/wp\/v2\/posts\/22127","targetHints":{"allow":["GET"]}}],"collection":[{"href":"https:\/\/lifevery.biz.ua\/index.php?rest_route=\/wp\/v2\/posts"}],"about":[{"href":"https:\/\/lifevery.biz.ua\/index.php?rest_route=\/wp\/v2\/types\/post"}],"author":[{"embeddable":true,"href":"https:\/\/lifevery.biz.ua\/index.php?rest_route=\/wp\/v2\/users\/1"}],"replies":[{"embeddable":true,"href":"https:\/\/lifevery.biz.ua\/index.php?rest_route=%2Fwp%2Fv2%2Fcomments&post=22127"}],"version-history":[{"count":1,"href":"https:\/\/lifevery.biz.ua\/index.php?rest_route=\/wp\/v2\/posts\/22127\/revisions"}],"predecessor-version":[{"id":22129,"href":"https:\/\/lifevery.biz.ua\/index.php?rest_route=\/wp\/v2\/posts\/22127\/revisions\/22129"}],"wp:featuredmedia":[{"embeddable":true,"href":"https:\/\/lifevery.biz.ua\/index.php?rest_route=\/wp\/v2\/media\/22128"}],"wp:attachment":[{"href":"https:\/\/lifevery.biz.ua\/index.php?rest_route=%2Fwp%2Fv2%2Fmedia&parent=22127"}],"wp:term":[{"taxonomy":"category","embeddable":true,"href":"https:\/\/lifevery.biz.ua\/index.php?rest_route=%2Fwp%2Fv2%2Fcategories&post=22127"},{"taxonomy":"post_tag","embeddable":true,"href":"https:\/\/lifevery.biz.ua\/index.php?rest_route=%2Fwp%2Fv2%2Ftags&post=22127"}],"curies":[{"name":"wp","href":"https:\/\/api.w.org\/{rel}","templated":true}]}}