{"id":22121,"date":"2026-09-04T20:20:40","date_gmt":"2026-09-04T20:20:40","guid":{"rendered":"https:\/\/lifevery.biz.ua\/?p=22121"},"modified":"2026-09-04T20:20:40","modified_gmt":"2026-09-04T20:20:40","slug":"nie-zyje-witold-plociennik-sa-wstepne-ustalenia-prokuratura-ujawnila-nowe-informacje","status":"publish","type":"post","link":"https:\/\/lifevery.biz.ua\/?p=22121","title":{"rendered":"Nie \u017cyje Witold P\u0142\u00f3ciennik. S\u0105 wst\u0119pne ustalenia, prokuratura ujawni\u0142a nowe informacje"},"content":{"rendered":"\n<p class=\"wp-block-paragraph\">W czwartkowy wiecz\u00f3r 3 wrze\u015bnia Polsk\u0119 obieg\u0142a tragiczna informacja o \u015bmierci Witolda P\u0142\u00f3ciennika. Cia\u0142o operatora filmowego zosta\u0142o odnaleziono po kilku dniach intensywnych poszukiwa\u0144. W pi\u0105tkowy poranek prokuratura przekaza\u0142a nowe informacje dotycz\u0105ce tej tragicznej sprawy. &#8211; Okoliczno\u015bci i miejsce znalezienia zw\u0142ok nie wskazuj\u0105 w spos\u00f3b bezpo\u015bredni na kryminalny charakter zdarzenia &#8211; przekaza\u0142a w rozmowie z portalem O2. pl, prokurator Mariola Wojciechowska &#8211; Grze\u015bkowiak.<\/p>\n\n\n\n<p class=\"wp-block-paragraph\">Nie \u017cyje uznany operator filmowy, Witold P\u0142\u00f3ciennik. Przez wiele lat pracowa\u0142 przy wielu popularnych produkcjach, a w ostatnich tygodniach pracowa\u0142 na planie zdj\u0119ciowym kolejnej, tym razem zam\u00f3wionej przez platform\u0119 Netflix.<\/p>\n\n\n\n<p class=\"wp-block-paragraph\">Nie \u017cyje Witold P\u0142\u00f3ciennik. Tragiczny fina\u0142 poszukiwa\u0144 uznanego operatora<br>Witold P\u0142\u00f3ciennik zagin\u0105\u0142 podczas pobytu w Lubniewicach w wojew\u00f3dztwie lubuskim. Operator przyjecha\u0142 tam, aby odpocz\u0105\u0107 i sp\u0119dzi\u0107 czas nad wod\u0105. Ostatni raz widziano go \u017cywego 29 sierpnia. Niezw\u0142ocznie po jego zagini\u0119ciu rozpocz\u0119to szeroko zakrojone poszukiwania, kt\u00f3re zako\u0144czy\u0142y si\u0119 odnalezieniem cia\u0142a m\u0119\u017cczyzny.&nbsp;<\/p>\n\n\n\n<p class=\"wp-block-paragraph\">Niestety, ale spe\u0142ni\u0142 si\u0119 najgorszy z mo\u017cliwych scenariuszy i cia\u0142o 56-latka zosta\u0142o odnalezione w czwartkowy wiecz\u00f3r na terenie jednego z kompleks\u00f3w le\u015bnych w miejscowo\u015bci Lubniewice (woj. lubelskie).<\/p>\n\n\n\n<p class=\"wp-block-paragraph\">\u015amier\u0107 Witolda P\u0142\u00f3ciennika. S\u0105 nowe informacje z prokuratury<br>W pi\u0105tkowy poranek w sieci pojawi\u0142y si\u0119 nowe informacje dotycz\u0105ce \u015bmierci znanego operatora filmowego. Jak uda\u0142o si\u0119 ustali\u0107 redakcji O2.pl, na ciele Witolda P\u0142\u00f3ciennika nie znaleziono \u017cadnych widocznych obra\u017ce\u0144. Wst\u0119pne ustalenia s\u0142u\u017cb jasno wskazuj\u0105, \u017ce do zgonu mog\u0142o doj\u015b\u0107 z przyczyn naturalnych.<\/p>\n\n\n\n<p class=\"wp-block-paragraph\">Na medialne doniesienia zareagowa\u0142a Mariola Wojciechowska-Grze\u015bkowiak. Rzecznik Prokuratury Okr\u0119gowej w Gorzowie Wielkopolskim przyznaje, \u017ce na ten moment, nic nie wskazuje na to, aby \u015bmier\u0107 Witolda P\u0142\u00f3ciennika mia\u0142a charakter kryminalny.<\/p>\n\n\n\n<p class=\"wp-block-paragraph\">Okoliczno\u015bci i miejsce znalezienia zw\u0142ok nie wskazuj\u0105 w spos\u00f3b bezpo\u015bredni na kryminalny charakter zdarzenia &#8211; przekaza\u0142a w rozmowie o2.pl prok. Wojciechowska-Grze\u015bkowiak.<br>\u00a0<br><\/p>\n","protected":false},"excerpt":{"rendered":"W czwartkowy wiecz\u00f3r 3 wrze\u015bnia Polsk\u0119 obieg\u0142a tragiczna informacja o \u015bmierci Witolda P\u0142\u00f3ciennika. Cia\u0142o operatora filmowego zosta\u0142o odnaleziono po kilku dniach intensywnych poszukiwa\u0144. \n<a class=\"moretag\" href=\"https:\/\/lifevery.biz.ua\/?p=22121\"> [...]<\/a>","protected":false},"author":1,"featured_media":22122,"comment_status":"open","ping_status":"open","sticky":false,"template":"","format":"standard","meta":{"footnotes":""},"categories":[1],"tags":[],"class_list":["post-22121","post","type-post","status-publish","format-standard","has-post-thumbnail","hentry","category-blog"],"_links":{"self":[{"href":"https:\/\/lifevery.biz.ua\/index.php?rest_route=\/wp\/v2\/posts\/22121","targetHints":{"allow":["GET"]}}],"collection":[{"href":"https:\/\/lifevery.biz.ua\/index.php?rest_route=\/wp\/v2\/posts"}],"about":[{"href":"https:\/\/lifevery.biz.ua\/index.php?rest_route=\/wp\/v2\/types\/post"}],"author":[{"embeddable":true,"href":"https:\/\/lifevery.biz.ua\/index.php?rest_route=\/wp\/v2\/users\/1"}],"replies":[{"embeddable":true,"href":"https:\/\/lifevery.biz.ua\/index.php?rest_route=%2Fwp%2Fv2%2Fcomments&post=22121"}],"version-history":[{"count":1,"href":"https:\/\/lifevery.biz.ua\/index.php?rest_route=\/wp\/v2\/posts\/22121\/revisions"}],"predecessor-version":[{"id":22123,"href":"https:\/\/lifevery.biz.ua\/index.php?rest_route=\/wp\/v2\/posts\/22121\/revisions\/22123"}],"wp:featuredmedia":[{"embeddable":true,"href":"https:\/\/lifevery.biz.ua\/index.php?rest_route=\/wp\/v2\/media\/22122"}],"wp:attachment":[{"href":"https:\/\/lifevery.biz.ua\/index.php?rest_route=%2Fwp%2Fv2%2Fmedia&parent=22121"}],"wp:term":[{"taxonomy":"category","embeddable":true,"href":"https:\/\/lifevery.biz.ua\/index.php?rest_route=%2Fwp%2Fv2%2Fcategories&post=22121"},{"taxonomy":"post_tag","embeddable":true,"href":"https:\/\/lifevery.biz.ua\/index.php?rest_route=%2Fwp%2Fv2%2Ftags&post=22121"}],"curies":[{"name":"wp","href":"https:\/\/api.w.org\/{rel}","templated":true}]}}