{"id":22109,"date":"2026-09-04T19:23:39","date_gmt":"2026-09-04T19:23:39","guid":{"rendered":"https:\/\/lifevery.biz.ua\/?p=22109"},"modified":"2026-09-04T19:23:40","modified_gmt":"2026-09-04T19:23:40","slug":"afera-podkarpacka-ujawniamy-prokuratura-odmowila-ponownego-podjecia-sledztwa-w-sprawie-smierci-kosteckiego-jego-rodzina-jest-skonsternowana","status":"publish","type":"post","link":"https:\/\/lifevery.biz.ua\/?p=22109","title":{"rendered":"Afera podkarpacka. Ujawniamy: prokuratura odm\u00f3wi\u0142a ponownego podj\u0119cia \u015bledztwa w sprawie \u015bmierci Kosteckiego. Jego rodzina jest skonsternowana"},"content":{"rendered":"\n<p class=\"wp-block-paragraph\">Afera podkarpacka. Ujawniamy: prokuratura odm\u00f3wi\u0142a ponownego podj\u0119cia \u015bledztwa w sprawie \u015bmierci Kosteckiego. Jego rodzina jest skonsternowana<\/p>\n\n\n\n<p class=\"wp-block-paragraph\">Dawid Kostecki, fot. East News, Sebastian Kuczy\u0144ski<br>Prokuratura odm\u00f3wi\u0142a ponownego podj\u0119cia post\u0119powania w sprawie \u015bmierci g\u0142\u00f3wnego bohatera afery podkarpackiej Dawida Kosteckiego &#8211; ustalili dziennikarze Go\u0144ca i Wirtualnej Polski. Rodzina zmar\u0142ego boksera o decyzji \u015bledczych dowiedzia\u0142a si\u0119\u2026 od dziennikarzy. Na ponowne wznowienie &nbsp;post\u0119powania nie zgodzi\u0142a si\u0119 ta sama prokurator, kt\u00f3ra wcze\u015bniej w kontrowersyjnych okoliczno\u015bciach umorzy\u0142a \u015bledztwo. &#8211; Jestem zszokowana. B\u0119d\u0119 pisa\u0107 do ministra \u017burka &#8211; zapowiada Katarzyna Kostecka, matka pi\u0119\u015bciarza.<\/p>\n\n\n\n<p class=\"wp-block-paragraph\">Jak ustali\u0142y Wirtualna Polska i Goniec, prokuratura nie uwzgl\u0119dni\u0142a argument\u00f3w przedstawionych przez pe\u0142nomocnika rodziny, mec. Romana Giertycha. Dotyczy\u0142y one m.in. relacji nowego \u015bwiadka (o jego pojawieniu si\u0119 jako pierwsze poinformowa\u0142o Radio Zet) oraz wniosku o ekshumacj\u0119 cia\u0142a i przeprowadzenie ponownej sekcji zw\u0142ok.<\/p>\n\n\n\n<p class=\"wp-block-paragraph\">Wi\u0119cej o ustaleniach dziennikarzy Go\u0144ca i Wirtualnej Polski zobaczysz na kanale Go\u0144ca na YouTube i w serwisie Wirtualnej Polski:<\/p>\n\n\n\n<p class=\"wp-block-paragraph\">Dawid Kostecki, by\u0142y pi\u0119\u015bciarz znany pod pseudonimem \u201eCygan\u201d, zmar\u0142 w sierpniu 2019 roku w Areszcie \u015aledczym Warszawa-Bia\u0142o\u0142\u0119ka. Wed\u0142ug oficjalnych ustale\u0144 pope\u0142ni\u0142 samob\u00f3jstwo przez powieszenie. Jego bliscy od pocz\u0105tku kwestionuj\u0105 t\u0119 wersj\u0119 i wskazuj\u0105 na okoliczno\u015bci \u015bmierci, kt\u00f3re ich zdaniem nie zosta\u0142y dostatecznie wyja\u015bnione.<\/p>\n\n\n\n<p class=\"wp-block-paragraph\">Nowy \u015bwiadek i wiadomo\u015b\u0107 o \u201eAtandzie\u201d<br>Jednym z argument\u00f3w za ponownym zaj\u0119ciem si\u0119 spraw\u0105 by\u0142a relacja m\u0119\u017cczyzny, kt\u00f3ry w czasie \u015bmierci Kosteckiego r\u00f3wnie\u017c przebywa\u0142 w areszcie na Bia\u0142o\u0142\u0119ce. Skontaktowa\u0142 si\u0119 on p\u00f3\u017aniej za po\u015brednictwem Messengera z \u017con\u0105 boksera.<\/p>\n\n\n\n<p class=\"wp-block-paragraph\">Twierdzi\u0142, \u017ce Kostecki nie pope\u0142ni\u0142 samob\u00f3jstwa. W wiadomo\u015bci wspomina\u0142 m.in. o \u201cAtandzie\u201d, paralizatorze i krzykach. Okre\u015blenie \u201eAtanda\u201d jest u\u017cywane w wi\u0119ziennym slangu w odniesieniu do funkcjonariuszy grup interwencyjnych S\u0142u\u017cby Wi\u0119ziennej.<\/p>\n\n\n\n<p class=\"wp-block-paragraph\">\u015aledczy zidentyfikowali i przes\u0142uchali autora wiadomo\u015bci. Ostatecznie uznali jednak jego relacj\u0119 za niewiarygodn\u0105. Wed\u0142ug prokuratury m\u0119\u017cczyzna przebywa\u0142 w innym bloku aresztu i nie by\u0142 bezpo\u015brednim \u015bwiadkiem wydarze\u0144. Informacje mia\u0142 zna\u0107 z relacji innych osadzonych.<\/p>\n\n\n\n<p class=\"wp-block-paragraph\">Rodzina Kosteckiego uwa\u017ca jednak, \u017ce ten w\u0105tek powinien zosta\u0107 dok\u0142adniej sprawdzony. Zwraca uwag\u0119 m.in. na dwa ubytki nask\u00f3rka ujawnione na karku boksera podczas sekcji zw\u0142ok. Ich pochodzenie nie zosta\u0142o jednoznacznie wyja\u015bnione.<\/p>\n\n\n\n<p class=\"wp-block-paragraph\">Pe\u0142nomocnik rodziny wnosi\u0142 w zwi\u0105zku z tym o ekshumacj\u0119 i przeprowadzenie ponownej sekcji zw\u0142ok. Prokuratura nie uwzgl\u0119dni\u0142a tego wniosku.<br><\/p>\n","protected":false},"excerpt":{"rendered":"Afera podkarpacka. Ujawniamy: prokuratura odm\u00f3wi\u0142a ponownego podj\u0119cia \u015bledztwa w sprawie \u015bmierci Kosteckiego. Jego rodzina jest skonsternowana Dawid Kostecki, fot. East News, Sebastian Kuczy\u0144skiProkuratura \n<a class=\"moretag\" href=\"https:\/\/lifevery.biz.ua\/?p=22109\"> [...]<\/a>","protected":false},"author":1,"featured_media":22110,"comment_status":"open","ping_status":"open","sticky":false,"template":"","format":"standard","meta":{"footnotes":""},"categories":[1],"tags":[],"class_list":["post-22109","post","type-post","status-publish","format-standard","has-post-thumbnail","hentry","category-blog"],"_links":{"self":[{"href":"https:\/\/lifevery.biz.ua\/index.php?rest_route=\/wp\/v2\/posts\/22109","targetHints":{"allow":["GET"]}}],"collection":[{"href":"https:\/\/lifevery.biz.ua\/index.php?rest_route=\/wp\/v2\/posts"}],"about":[{"href":"https:\/\/lifevery.biz.ua\/index.php?rest_route=\/wp\/v2\/types\/post"}],"author":[{"embeddable":true,"href":"https:\/\/lifevery.biz.ua\/index.php?rest_route=\/wp\/v2\/users\/1"}],"replies":[{"embeddable":true,"href":"https:\/\/lifevery.biz.ua\/index.php?rest_route=%2Fwp%2Fv2%2Fcomments&post=22109"}],"version-history":[{"count":1,"href":"https:\/\/lifevery.biz.ua\/index.php?rest_route=\/wp\/v2\/posts\/22109\/revisions"}],"predecessor-version":[{"id":22111,"href":"https:\/\/lifevery.biz.ua\/index.php?rest_route=\/wp\/v2\/posts\/22109\/revisions\/22111"}],"wp:featuredmedia":[{"embeddable":true,"href":"https:\/\/lifevery.biz.ua\/index.php?rest_route=\/wp\/v2\/media\/22110"}],"wp:attachment":[{"href":"https:\/\/lifevery.biz.ua\/index.php?rest_route=%2Fwp%2Fv2%2Fmedia&parent=22109"}],"wp:term":[{"taxonomy":"category","embeddable":true,"href":"https:\/\/lifevery.biz.ua\/index.php?rest_route=%2Fwp%2Fv2%2Fcategories&post=22109"},{"taxonomy":"post_tag","embeddable":true,"href":"https:\/\/lifevery.biz.ua\/index.php?rest_route=%2Fwp%2Fv2%2Ftags&post=22109"}],"curies":[{"name":"wp","href":"https:\/\/api.w.org\/{rel}","templated":true}]}}