{"id":22106,"date":"2026-09-04T19:21:41","date_gmt":"2026-09-04T19:21:41","guid":{"rendered":"https:\/\/lifevery.biz.ua\/?p=22106"},"modified":"2026-09-04T19:21:41","modified_gmt":"2026-09-04T19:21:41","slug":"wypadek-w-brzeszczach-nieletni-bez-prawa-jazdy-wjechal-autem-w-drzewo-sa-ranni","status":"publish","type":"post","link":"https:\/\/lifevery.biz.ua\/?p=22106","title":{"rendered":"Wypadek w Brzeszczach. Nieletni bez prawa jazdy wjecha\u0142 autem w drzewo. S\u0105 ranni"},"content":{"rendered":"\n<p class=\"wp-block-paragraph\">Wypadek w Brzeszczach. Nieletni bez prawa jazdy wjecha\u0142 autem w drzewo. S\u0105 ranni<\/p>\n\n\n\n<p class=\"wp-block-paragraph\">Fot. KPP w O\u015bwi\u0119cimiu \/ policja.gov.pl<br>Nocna jazda nastolatk\u00f3w w Brzeszczach zako\u0144czy\u0142a si\u0119 uderzeniem auta w drzewo. Jak przekaza\u0142a o\u015bwi\u0119cimska policja, za kierownic\u0105 pojazdu siedzia\u0142 nieletni, kt\u00f3ry zabra\u0142 kluczyki bez wiedzy w\u0142a\u015bcicielki. Dw\u00f3ch rannych uczestnik\u00f3w zdarzenia trafi\u0142o do szpitala.<\/p>\n\n\n\n<p class=\"wp-block-paragraph\">Patrol policji odnalaz\u0142 rozbity pojazd<br>Do zdarzenia drogowego dosz\u0142o w nocy z poniedzia\u0142ku na wtorek (13\/14 lipca) tu\u017c po p\u00f3\u0142nocy na ulicy Daszy\u0144skiego w Brzeszczach. Policjanci z lokalnego komisariatu podczas rutynowego patrolu zauwa\u017cyli rozbity na poboczu samoch\u00f3d marki Opel. Pojazd uderzy\u0142 ty\u0142em w przydro\u017cne drzewo.&nbsp;<\/p>\n\n\n\n<p class=\"wp-block-paragraph\">&#8220;Mundurowi natychmiast o zdarzeniu powiadomili oficera dy\u017curnego, a nast\u0119pnie przyst\u0105pili do udzielania pierwszej pomocy nastolatkom&#8221; \u2013 relacjonuje o\u015bwi\u0119cimska policja.&nbsp;<\/p>\n\n\n\n<p class=\"wp-block-paragraph\">Wypadek w Brzeszczach. Nieletni bez prawa jazdy wjecha\u0142 autem w drzewo. S\u0105 ranni<\/p>\n\n\n\n<p class=\"wp-block-paragraph\">Fot. KPP w O\u015bwi\u0119cimiu \/ policja.gov.pl<br>Nocna jazda nastolatk\u00f3w w Brzeszczach zako\u0144czy\u0142a si\u0119 uderzeniem auta w drzewo. Jak przekaza\u0142a o\u015bwi\u0119cimska policja, za kierownic\u0105 pojazdu siedzia\u0142 nieletni, kt\u00f3ry zabra\u0142 kluczyki bez wiedzy w\u0142a\u015bcicielki. Dw\u00f3ch rannych uczestnik\u00f3w zdarzenia trafi\u0142o do szpitala.<\/p>\n\n\n\n<p class=\"wp-block-paragraph\">Patrol policji odnalaz\u0142 rozbity pojazd<br>Do zdarzenia drogowego dosz\u0142o w nocy z poniedzia\u0142ku na wtorek (13\/14 lipca) tu\u017c po p\u00f3\u0142nocy na ulicy Daszy\u0144skiego w Brzeszczach. Policjanci z lokalnego komisariatu podczas rutynowego patrolu zauwa\u017cyli rozbity na poboczu samoch\u00f3d marki Opel. Pojazd uderzy\u0142 ty\u0142em w przydro\u017cne drzewo.&nbsp;<\/p>\n\n\n\n<p class=\"wp-block-paragraph\">&#8220;Mundurowi natychmiast o zdarzeniu powiadomili oficera dy\u017curnego, a nast\u0119pnie przyst\u0105pili do udzielania pierwszej pomocy nastolatkom&#8221; \u2013 relacjonuje o\u015bwi\u0119cimska policja.&nbsp;<\/p>\n\n\n\n<p class=\"wp-block-paragraph\">Nastolatek bez uprawnie\u0144 zabra\u0142 auto matki<br>Funkcjonariusze z wydzia\u0142u ruchu drogowego ustalili, \u017ce kierowc\u0105 pojazdu by\u0142 16-letni mieszkaniec Brzeszcz. Do Opla wsiad\u0142o czterech pasa\u017cer\u00f3w w wieku od 14 do 17 lat.&nbsp;<\/p>\n\n\n\n<p class=\"wp-block-paragraph\">&#8220;W trakcie jazdy nieletni straci\u0142 panowanie nad oplem, po czym wypad\u0142 z jezdni i ty\u0142em pojazdu uderzy\u0142 w przydro\u017cne drzewo&#8221; \u2013 informuj\u0105 funkcjonariusze.&nbsp;<\/p>\n\n\n\n<p class=\"wp-block-paragraph\">W wyniku uderzenia 16-letni kieruj\u0105cy oraz jego 17-letni kolega odnie\u015bli obra\u017cenia cia\u0142a. Zostali oni przetransportowani przez ratownik\u00f3w medycznych do szpitala na badania diagnostyczne. Pozosta\u0142\u0105 tr\u00f3jk\u0119 nieletnich pasa\u017cer\u00f3w, kt\u00f3rzy nie wymagali hospitalizacji, policjanci przekazali wezwanym na miejsce zdarzenia rodzicom.<br><\/p>\n","protected":false},"excerpt":{"rendered":"Wypadek w Brzeszczach. Nieletni bez prawa jazdy wjecha\u0142 autem w drzewo. S\u0105 ranni Fot. KPP w O\u015bwi\u0119cimiu \/ policja.gov.plNocna jazda nastolatk\u00f3w w Brzeszczach \n<a class=\"moretag\" href=\"https:\/\/lifevery.biz.ua\/?p=22106\"> [...]<\/a>","protected":false},"author":1,"featured_media":22107,"comment_status":"open","ping_status":"open","sticky":false,"template":"","format":"standard","meta":{"footnotes":""},"categories":[1],"tags":[],"class_list":["post-22106","post","type-post","status-publish","format-standard","has-post-thumbnail","hentry","category-blog"],"_links":{"self":[{"href":"https:\/\/lifevery.biz.ua\/index.php?rest_route=\/wp\/v2\/posts\/22106","targetHints":{"allow":["GET"]}}],"collection":[{"href":"https:\/\/lifevery.biz.ua\/index.php?rest_route=\/wp\/v2\/posts"}],"about":[{"href":"https:\/\/lifevery.biz.ua\/index.php?rest_route=\/wp\/v2\/types\/post"}],"author":[{"embeddable":true,"href":"https:\/\/lifevery.biz.ua\/index.php?rest_route=\/wp\/v2\/users\/1"}],"replies":[{"embeddable":true,"href":"https:\/\/lifevery.biz.ua\/index.php?rest_route=%2Fwp%2Fv2%2Fcomments&post=22106"}],"version-history":[{"count":1,"href":"https:\/\/lifevery.biz.ua\/index.php?rest_route=\/wp\/v2\/posts\/22106\/revisions"}],"predecessor-version":[{"id":22108,"href":"https:\/\/lifevery.biz.ua\/index.php?rest_route=\/wp\/v2\/posts\/22106\/revisions\/22108"}],"wp:featuredmedia":[{"embeddable":true,"href":"https:\/\/lifevery.biz.ua\/index.php?rest_route=\/wp\/v2\/media\/22107"}],"wp:attachment":[{"href":"https:\/\/lifevery.biz.ua\/index.php?rest_route=%2Fwp%2Fv2%2Fmedia&parent=22106"}],"wp:term":[{"taxonomy":"category","embeddable":true,"href":"https:\/\/lifevery.biz.ua\/index.php?rest_route=%2Fwp%2Fv2%2Fcategories&post=22106"},{"taxonomy":"post_tag","embeddable":true,"href":"https:\/\/lifevery.biz.ua\/index.php?rest_route=%2Fwp%2Fv2%2Ftags&post=22106"}],"curies":[{"name":"wp","href":"https:\/\/api.w.org\/{rel}","templated":true}]}}