{"id":22088,"date":"2026-09-04T18:55:19","date_gmt":"2026-09-04T18:55:19","guid":{"rendered":"https:\/\/lifevery.biz.ua\/?p=22088"},"modified":"2026-09-04T18:55:20","modified_gmt":"2026-09-04T18:55:20","slug":"tragedia-na-dw432-nie-zyje-kierowca-ciezarowki-droga-calkowicie-zablokowana-2","status":"publish","type":"post","link":"https:\/\/lifevery.biz.ua\/?p=22088","title":{"rendered":"Tragedia na DW432. Nie \u017cyje kierowca ci\u0119\u017car\u00f3wki, droga ca\u0142kowicie zablokowana"},"content":{"rendered":"\n<p class=\"wp-block-paragraph\">Tragedia na DW432. Nie \u017cyje kierowca ci\u0119\u017car\u00f3wki, droga ca\u0142kowicie zablokowana<\/p>\n\n\n\n<p class=\"wp-block-paragraph\">Fot. Ko\u015bcian112 \/ Facebook<br>W czwartek 16 lipca w godzinach porannych na jednym z odcink\u00f3w drogi wojew\u00f3dzkiej nr 432 dosz\u0142o do niewiarygodnej tragedii. W pewnym momencie ci\u0119\u017car\u00f3wka zjecha\u0142a z trasy i uderzy\u0142a w przydro\u017cne drzewo. Droga jest ca\u0142kowicie zablokowana, a okoliczno\u015bci zdarzenia bada policja pod nadzorem prokuratora. S\u0142u\u017cby dzia\u0142aj\u0105ce na miejscu zdarzenia przekaza\u0142y druzgoc\u0105ce fakty. Kierowcy musz\u0105 si\u0119 liczy\u0107 z pot\u0119\u017cnymi utrudnieniami. &nbsp;<\/p>\n\n\n\n<p class=\"wp-block-paragraph\">Poranna tragedia na polskiej trasie. Przekazano fatalne wie\u015bci<br>Zg\u0142oszenie wp\u0142yn\u0119\u0142o do stra\u017cy po\u017carnej w czwartek 16 lipca o godzinie 5:02. Do wypadku dosz\u0142o na trasie mi\u0119dzy Krzywiniem a Czerwon\u0105 Wsi\u0105, gdzie kieruj\u0105cy samochodem ci\u0119\u017carowym marki Scania z naczep\u0105 z nieustalonych dot\u0105d przyczyn zjecha\u0142 z drogi i uderzy\u0142 w przydro\u017cne drzewo.&nbsp;<\/p>\n\n\n\n<p class=\"wp-block-paragraph\">\u201eSamoch\u00f3d ci\u0119\u017carowy uderzy\u0142 w drzewo. Kierowca by\u0142 zakleszczony w poje\u017adzie. Zosta\u0142 uwolniony przez stra\u017cak\u00f3w i przekazany pod opiek\u0119 Zespo\u0142u Ratownictwa Medycznego&#8221; \u2014 poinformowa\u0142 oficer dy\u017curny wielkopolskich stra\u017cak\u00f3w.&nbsp;<\/p>\n\n\n\n<p class=\"wp-block-paragraph\">Na miejscu pracowa\u0142y cztery zast\u0119py stra\u017cy po\u017carnej oraz policja.<br><\/p>\n\n\n\n<p class=\"wp-block-paragraph\">\u015amier\u0107 kierowcy i czynno\u015bci prokuratury<br>Mimo podj\u0119tych dzia\u0142a\u0144 ratunkowych kierowca poni\u00f3s\u0142 \u015bmier\u0107 na miejscu.&nbsp;<\/p>\n\n\n\n<p class=\"wp-block-paragraph\">\u201eNiestety, stwierdzono zgon m\u0119\u017cczyzny&#8221; \u2014 przekaza\u0142 oficer dy\u017curny wielkopolskich stra\u017cak\u00f3w.&nbsp;<\/p>\n\n\n\n<p class=\"wp-block-paragraph\">Teren zabezpieczaj\u0105 policjanci, a czynno\u015bci nadzoruje prokurator. \u015aledczy zbieraj\u0105 materia\u0142 dowodowy, by odtworzy\u0107 przebieg zdarzenia, ustalaj\u0105 te\u017c to\u017csamo\u015b\u0107 zmar\u0142ego kierowcy.&nbsp;<\/p>\n\n\n\n<p class=\"wp-block-paragraph\">Powody, dla kt\u00f3rych straci\u0142 panowanie nad zestawem, pozostaj\u0105 nieznane. Rozstrzygn\u0105\u0107 je mog\u0105 dopiero ogl\u0119dziny pojazdu i analiza \u015blad\u00f3w na jezdni oraz poboczu.<br><\/p>\n\n\n\n<p class=\"wp-block-paragraph\">\u201eDroga wojew\u00f3dzka nr 432 jest ca\u0142kowicie zablokowana. Utrudnienia mog\u0105 potrwa\u0107 co najmniej kilka godzin. Policja wyznaczy\u0142a objazdy od strony Wojnowic oraz Krzywinia&#8221; \u2014 czytamy w komunikacie.&nbsp;<\/p>\n\n\n\n<p class=\"wp-block-paragraph\">Kierowcy podr\u00f3\u017cuj\u0105cy tym szlakiem musz\u0105 liczy\u0107 si\u0119 z utrudnieniami na odcinku Krzywi\u0144\u2013Osieczna.&nbsp;<\/p>\n\n\n\n<p class=\"wp-block-paragraph\">Policjanci apeluj\u0105 o zachowanie szczeg\u00f3lnej ostro\u017cno\u015bci i stosowanie si\u0119 do wyznaczonych objazd\u00f3w oraz polece\u0144 funkcjonariuszy kieruj\u0105cych ruchem. Trasa pozostanie zamkni\u0119ta do czasu zako\u0144czenia ogl\u0119dzin i usuni\u0119cia rozbitego pojazdu z pobocza.<\/p>\n\n\n\n<p class=\"wp-block-paragraph\"><\/p>\n","protected":false},"excerpt":{"rendered":"Tragedia na DW432. Nie \u017cyje kierowca ci\u0119\u017car\u00f3wki, droga ca\u0142kowicie zablokowana Fot. Ko\u015bcian112 \/ FacebookW czwartek 16 lipca w godzinach porannych na jednym z \n<a class=\"moretag\" href=\"https:\/\/lifevery.biz.ua\/?p=22088\"> [...]<\/a>","protected":false},"author":1,"featured_media":22089,"comment_status":"open","ping_status":"open","sticky":false,"template":"","format":"standard","meta":{"footnotes":""},"categories":[1],"tags":[],"class_list":["post-22088","post","type-post","status-publish","format-standard","has-post-thumbnail","hentry","category-blog"],"_links":{"self":[{"href":"https:\/\/lifevery.biz.ua\/index.php?rest_route=\/wp\/v2\/posts\/22088","targetHints":{"allow":["GET"]}}],"collection":[{"href":"https:\/\/lifevery.biz.ua\/index.php?rest_route=\/wp\/v2\/posts"}],"about":[{"href":"https:\/\/lifevery.biz.ua\/index.php?rest_route=\/wp\/v2\/types\/post"}],"author":[{"embeddable":true,"href":"https:\/\/lifevery.biz.ua\/index.php?rest_route=\/wp\/v2\/users\/1"}],"replies":[{"embeddable":true,"href":"https:\/\/lifevery.biz.ua\/index.php?rest_route=%2Fwp%2Fv2%2Fcomments&post=22088"}],"version-history":[{"count":1,"href":"https:\/\/lifevery.biz.ua\/index.php?rest_route=\/wp\/v2\/posts\/22088\/revisions"}],"predecessor-version":[{"id":22090,"href":"https:\/\/lifevery.biz.ua\/index.php?rest_route=\/wp\/v2\/posts\/22088\/revisions\/22090"}],"wp:featuredmedia":[{"embeddable":true,"href":"https:\/\/lifevery.biz.ua\/index.php?rest_route=\/wp\/v2\/media\/22089"}],"wp:attachment":[{"href":"https:\/\/lifevery.biz.ua\/index.php?rest_route=%2Fwp%2Fv2%2Fmedia&parent=22088"}],"wp:term":[{"taxonomy":"category","embeddable":true,"href":"https:\/\/lifevery.biz.ua\/index.php?rest_route=%2Fwp%2Fv2%2Fcategories&post=22088"},{"taxonomy":"post_tag","embeddable":true,"href":"https:\/\/lifevery.biz.ua\/index.php?rest_route=%2Fwp%2Fv2%2Ftags&post=22088"}],"curies":[{"name":"wp","href":"https:\/\/api.w.org\/{rel}","templated":true}]}}