{"id":22082,"date":"2026-09-04T18:49:37","date_gmt":"2026-09-04T18:49:37","guid":{"rendered":"https:\/\/lifevery.biz.ua\/?p=22082"},"modified":"2026-09-04T18:49:38","modified_gmt":"2026-09-04T18:49:38","slug":"czolowe-zderzenie-na-dw-165-piec-osob-rannych-wsrod-nich-troje-dzieci-2","status":"publish","type":"post","link":"https:\/\/lifevery.biz.ua\/?p=22082","title":{"rendered":"Czo\u0142owe zderzenie na DW 165. Pi\u0119\u0107 os\u00f3b rannych, w\u015br\u00f3d nich troje dzieci"},"content":{"rendered":"\n<p class=\"wp-block-paragraph\">Czo\u0142owe zderzenie na DW 165. Pi\u0119\u0107 os\u00f3b rannych, w\u015br\u00f3d nich troje dzieci<\/p>\n\n\n\n<p class=\"wp-block-paragraph\">zdj\u0119cie pogl\u0105dowe (fot. shutterstock)<br>Do powa\u017cnego wypadku dosz\u0142o w czwartek przed godzin\u0105 13:00 na drodze wojew\u00f3dzkiej nr 165 w miejscowo\u015bci K\u0142anino. W czo\u0142owym zderzeniu dw\u00f3ch samochod\u00f3w osobowych rannych zosta\u0142o pi\u0119\u0107 os\u00f3b, w tym troje dzieci. Jedna z poszkodowanych os\u00f3b by\u0142a nieprzytomna po przybyciu s\u0142u\u017cb, a droga w miejscu zdarzenia zosta\u0142a ca\u0142kowicie zablokowana.<\/p>\n\n\n\n<p class=\"wp-block-paragraph\">Dramatyczny wypadek w K\u0142aninie. W\u015br\u00f3d poszkodowanych troje dzieci<br>Do wypadku dosz\u0142o na wysoko\u015bci miejscowo\u015bci K\u0142anino na drodze wojew\u00f3dzkiej nr 165. Jak wynika z informacji podanych przez koszalininfo.pl, Volkswagen Golf porusza\u0142 si\u0119 od strony Bobolic w kierunku Koszalina, natomiast Volkswagen Touran jecha\u0142 z Koszalina w stron\u0119 Bobolic. Z niewyja\u015bnionych dot\u0105d przyczyn kieruj\u0105ca Touranem zjecha\u0142a na przeciwleg\u0142y pas ruchu, doprowadzaj\u0105c do czo\u0142owego zderzenia z prawid\u0142owo jad\u0105cym Golfem.<\/p>\n\n\n\n<p class=\"wp-block-paragraph\">Wed\u0142ug informacji przekazanych przez policj\u0119 za kierownic\u0105 Volkswagena Tourana siedzia\u0142a 34-letnia kobieta. W drugim samochodzie podr\u00f3\u017cowa\u0142 35-letni m\u0119\u017cczyzna wraz z dzieckiem. Funkcjonariusze podkre\u015blaj\u0105, \u017ce przyczyny zjechania na przeciwleg\u0142y pas ruchu nie zosta\u0142y jeszcze ustalone. Na miejscu od pocz\u0105tku pracowali policjanci zabezpieczaj\u0105cy miejsce zdarzenia oraz wykonuj\u0105cy ogl\u0119dziny i zbieraj\u0105cy materia\u0142 dowodowy, kt\u00f3ry pozwoli wyja\u015bni\u0107 dok\u0142adny przebieg wypadku.<\/p>\n\n\n\n<p class=\"wp-block-paragraph\">35-letni kieruj\u0105cy, kt\u00f3ry w chwili przybycia s\u0142u\u017cb by\u0142 nieprzytomny, zosta\u0142 wraz z podr\u00f3\u017cuj\u0105cym z nim dzieckiem przetransportowany przez Zesp\u00f3\u0142 Ratownictwa Medycznego do Szpitala Wojew\u00f3dzkiego w Koszalinie. 34-letnia kieruj\u0105ca r\u00f3wnie\u017c zosta\u0142a przewieziona do szpitala. W poje\u017adzie podr\u00f3\u017cowa\u0142a tak\u017ce dw\u00f3jka ma\u0142oletnich dzieci, kt\u00f3re wraz z kieruj\u0105c\u0105 zosta\u0142y obj\u0119te opiek\u0105 medyczn\u0105 i przetransportowane do szpitala \u2013 przkaza\u0142a m\u0142. asp. Paulina Wi\u015bniewska-Basiak, oficer prasowy Komendy Miejskiej Policji w Koszalinie, cytowana przez TVP3 Szczecin.<\/p>\n\n\n\n<p class=\"wp-block-paragraph\">Policjanci zaznaczaj\u0105, \u017ce prowadzone obecnie czynno\u015bci maj\u0105 na celu ustalenie wszystkich okoliczno\u015bci oraz bezpo\u015bredniej przyczyny tego powa\u017cnego zdarzenia drogowego.<br><\/p>\n\n\n\n<p class=\"wp-block-paragraph\">Pi\u0119\u0107 os\u00f3b poszkodowanych. Dwie w ci\u0119\u017ckim stanie przetransportowano \u015bmig\u0142owcem LPR<br>Do akcji ratunkowej skierowano znaczne si\u0142y. Jak poinformowa\u0142a Natalia Dorochowicz z Wojew\u00f3dzkiej Stacji Pogotowia Ratunkowego, na miejsce zadysponowano cztery zespo\u0142y ratownictwa medycznego. Ratownicy udzielili pomocy pi\u0119ciu osobom, kt\u00f3re wymaga\u0142y hospitalizacji lub dalszej diagnostyki.<\/p>\n\n\n\n<p class=\"wp-block-paragraph\">Najci\u0119\u017cej poszkodowany zosta\u0142 oko\u0142o 35-letni m\u0119\u017cczyzna. Ratownicy stwierdzili u niego ci\u0119\u017cki uraz g\u0142owy oraz ko\u0144czyny dolnej. Ze wzgl\u0119du na stan zdrowia zosta\u0142 przekazany za\u0142odze Lotniczego Pogotowia Ratunkowego i przetransportowany do szpitala. \u015amig\u0142owiec LPR zabra\u0142 r\u00f3wnie\u017c sze\u015bcioletnie dziecko, kt\u00f3re odnios\u0142o ci\u0119\u017ckie obra\u017cenia g\u0142owy i brzucha.<\/p>\n\n\n\n<p class=\"wp-block-paragraph\">34-letnia kobieta kieruj\u0105ca Volkswagenem Touran dozna\u0142a urazu biodra i zosta\u0142a przewieziona karetk\u0105 do szpitala. W plac\u00f3wce medycznej znalaz\u0142a si\u0119 tak\u017ce dw\u00f3jka pozosta\u0142ych dzieci podr\u00f3\u017cuj\u0105cych z kobiet\u0105. Jak przekaza\u0142o pogotowie ratunkowe, dziecko w wieku 1,5 roku oraz 12-latek nie mia\u0142y widocznych obra\u017ce\u0144, jednak zgodnie z procedurami zosta\u0142y przewiezione do szpitala na obserwacj\u0119.<\/p>\n\n\n\n<p class=\"wp-block-paragraph\">Zakres obra\u017ce\u0144 i stan zdrowia wszystkich poszkodowanych b\u0119d\u0105 oceniane przez lekarzy. Na obecnym etapie s\u0142u\u017cby nie przekaza\u0142y kolejnych informacji dotycz\u0105cych rokowa\u0144 os\u00f3b rannych.<br><\/p>\n\n\n\n<p class=\"wp-block-paragraph\">Po zderzeniu droga wojew\u00f3dzka nr 165 na wysoko\u015bci K\u0142anina zosta\u0142a ca\u0142kowicie zablokowana. Policjanci zabezpieczyli miejsce wypadku i kieruj\u0105 ruchem, wyznaczaj\u0105c objazdy dla pozosta\u0142ych uczestnik\u00f3w ruchu. Utrudnienia pojawi\u0142y si\u0119 na odcinku pomi\u0119dzy Koszalinem a Bobolicami i trwa\u0142y podczas prowadzonych dzia\u0142a\u0144 s\u0142u\u017cb.<\/p>\n\n\n\n<p class=\"wp-block-paragraph\">Na miejscu pracowali funkcjonariusze policji, zespo\u0142y ratownictwa medycznego oraz inne s\u0142u\u017cby odpowiedzialne za zabezpieczenie miejsca zdarzenia i usuni\u0119cie skutk\u00f3w wypadku. Ogl\u0119dziny pojazd\u00f3w oraz analiza \u015blad\u00f3w pozostawionych na jezdni maj\u0105 pom\u00f3c w odtworzeniu przebiegu czo\u0142owego zderzenia.<\/p>\n\n\n\n<p class=\"wp-block-paragraph\">\u015aledczy podkre\u015blaj\u0105, \u017ce dotychczasowe ustalenia maj\u0105 charakter wst\u0119pny. Nie wiadomo jeszcze, dlaczego kieruj\u0105ca Volkswagenem Touran zjecha\u0142a na przeciwleg\u0142y pas ruchu. Ostateczne przyczyny i okoliczno\u015bci zdarzenia zostan\u0105 ustalone po zako\u0144czeniu prowadzonych czynno\u015bci procesowych oraz analizie zgromadzonego materia\u0142u dowodowego.<\/p>\n\n\n\n<p class=\"wp-block-paragraph\">Do czasu zako\u0144czenia pracy s\u0142u\u017cb kierowcy musieli korzysta\u0107 z wyznaczonych objazd\u00f3w i liczy\u0107 si\u0119 z utrudnieniami w ruchu.<br><\/p>\n","protected":false},"excerpt":{"rendered":"Czo\u0142owe zderzenie na DW 165. Pi\u0119\u0107 os\u00f3b rannych, w\u015br\u00f3d nich troje dzieci zdj\u0119cie pogl\u0105dowe (fot. shutterstock)Do powa\u017cnego wypadku dosz\u0142o w czwartek przed godzin\u0105 \n<a class=\"moretag\" href=\"https:\/\/lifevery.biz.ua\/?p=22082\"> [...]<\/a>","protected":false},"author":1,"featured_media":22083,"comment_status":"open","ping_status":"open","sticky":false,"template":"","format":"standard","meta":{"footnotes":""},"categories":[1],"tags":[],"class_list":["post-22082","post","type-post","status-publish","format-standard","has-post-thumbnail","hentry","category-blog"],"_links":{"self":[{"href":"https:\/\/lifevery.biz.ua\/index.php?rest_route=\/wp\/v2\/posts\/22082","targetHints":{"allow":["GET"]}}],"collection":[{"href":"https:\/\/lifevery.biz.ua\/index.php?rest_route=\/wp\/v2\/posts"}],"about":[{"href":"https:\/\/lifevery.biz.ua\/index.php?rest_route=\/wp\/v2\/types\/post"}],"author":[{"embeddable":true,"href":"https:\/\/lifevery.biz.ua\/index.php?rest_route=\/wp\/v2\/users\/1"}],"replies":[{"embeddable":true,"href":"https:\/\/lifevery.biz.ua\/index.php?rest_route=%2Fwp%2Fv2%2Fcomments&post=22082"}],"version-history":[{"count":1,"href":"https:\/\/lifevery.biz.ua\/index.php?rest_route=\/wp\/v2\/posts\/22082\/revisions"}],"predecessor-version":[{"id":22084,"href":"https:\/\/lifevery.biz.ua\/index.php?rest_route=\/wp\/v2\/posts\/22082\/revisions\/22084"}],"wp:featuredmedia":[{"embeddable":true,"href":"https:\/\/lifevery.biz.ua\/index.php?rest_route=\/wp\/v2\/media\/22083"}],"wp:attachment":[{"href":"https:\/\/lifevery.biz.ua\/index.php?rest_route=%2Fwp%2Fv2%2Fmedia&parent=22082"}],"wp:term":[{"taxonomy":"category","embeddable":true,"href":"https:\/\/lifevery.biz.ua\/index.php?rest_route=%2Fwp%2Fv2%2Fcategories&post=22082"},{"taxonomy":"post_tag","embeddable":true,"href":"https:\/\/lifevery.biz.ua\/index.php?rest_route=%2Fwp%2Fv2%2Ftags&post=22082"}],"curies":[{"name":"wp","href":"https:\/\/api.w.org\/{rel}","templated":true}]}}