{"id":2208,"date":"2026-02-06T03:48:32","date_gmt":"2026-02-06T03:48:32","guid":{"rendered":"https:\/\/lifevery.biz.ua\/?p=2208"},"modified":"2026-02-06T03:48:32","modified_gmt":"2026-02-06T03:48:32","slug":"zginal-podczas-montazu-pompy-ciepla-sa-nowe-ustalenia-sledczych","status":"publish","type":"post","link":"https:\/\/lifevery.biz.ua\/?p=2208","title":{"rendered":"Zgin\u0105\u0142 podczas monta\u017cu pompy ciep\u0142a. S\u0105 nowe ustalenia \u015bledczych"},"content":{"rendered":"\n<p>Tragiczne wydarzenia na placu budowy wstrz\u0105sn\u0119\u0142y mieszka\u0144cami niewielkiej miejscowo\u015bci pod Szczytnem. Podczas rutynowych prac dosz\u0142o do dramatycznego wypadku z udzia\u0142em specjalistycznej maszyny, kt\u00f3ry zako\u0144czy\u0142 si\u0119 \u015bmierci\u0105 jednego z pracownik\u00f3w. Spraw\u0105 zaj\u0119\u0142y si\u0119 prokuratura i s\u0142u\u017cby kontrolne.<\/p>\n\n\n\n<p>Kulisy tragicznego wypadku podczas prac przy pompie ciep\u0142a<br>Do dramatycznego zdarzenia dosz\u0142o w niewielkiej miejscowo\u015bci Rudka pod Szczytnem, gdzie prowadzona by\u0142a budowa domu jednorodzinnego. Dwaj pracownicy firmy zajmuj\u0105cej si\u0119 monta\u017cem pomp ciep\u0142a realizowali standardowe zlecenie zwi\u0105zane z wykonaniem odwiert\u00f3w pod instalacj\u0119 grzewcz\u0105. Prace odbywa\u0142y si\u0119 w trudnych warunkach zimowych \u2013 przy niskiej temperaturze, \u015bniegu i ograniczonej widoczno\u015bci. M\u0119\u017cczy\u017ani korzystali ze specjalistycznej wiertnicy, kt\u00f3ra s\u0142u\u017cy do wykonywania g\u0142\u0119bokich otwor\u00f3w w gruncie.<\/p>\n\n\n\n<p>W pewnym momencie jeden z pracownik\u00f3w oddali\u0142 si\u0119 z miejsca rob\u00f3t, pozostawiaj\u0105c koleg\u0119 obs\u0142uguj\u0105cego maszyn\u0119. Jak p\u00f3\u017aniej ustalono, na placu budowy nie by\u0142o w\u00f3wczas \u017cadnych innych os\u00f3b, kt\u00f3re mog\u0142yby natychmiast zareagowa\u0107 w sytuacji zagro\u017cenia. To w\u0142a\u015bnie ten moment okaza\u0142 si\u0119 kluczowy dla przebiegu wydarze\u0144, kt\u00f3re zako\u0144czy\u0142y si\u0119 tragedi\u0105 i wstrz\u0105sn\u0119\u0142y lokaln\u0105 spo\u0142eczno\u015bci\u0105.<br>\u015amier\u0107 40-letniego Damiana na miejscu pracy<br>Gdy drugi z pracownik\u00f3w wr\u00f3ci\u0142 na teren budowy, zasta\u0142 widok, kt\u00f3ry \u2013 jak relacjonuj\u0105 \u015bledczy \u2013 na d\u0142ugo pozostaje w pami\u0119ci. Maszyna wci\u0105\u017c pracowa\u0142a, a w jej mechanizm wci\u0105gni\u0119ty by\u0142 operator. Jak przekaza\u0142a prokuratura, \u201ezasta\u0142 pracuj\u0105c\u0105 wiertnic\u0119, w kt\u00f3rej wiert\u0142o wci\u0105gni\u0119ty by\u0142 jej operator\u201d. Na pomoc by\u0142o ju\u017c za p\u00f3\u017ano.<\/p>\n\n\n\n<p>Obra\u017cenia, jakich dozna\u0142 40-letni Damian, okaza\u0142y si\u0119 skrajnie rozleg\u0142e i \u015bmiertelne. Przyby\u0142y na miejsce zesp\u00f3\u0142 ratownictwa medycznego m\u00f3g\u0142 jedynie potwierdzi\u0107 zgon. Informacja o \u015bmierci m\u0119\u017cczyzny szybko rozesz\u0142a si\u0119 po okolicy, wywo\u0142uj\u0105c ogromne poruszenie. Damian by\u0142 znany nie tylko jako fachowiec w swojej bran\u017cy, ale tak\u017ce jako druh Ochotniczej Stra\u017cy Po\u017carnej w Barczewku. Jego \u015bmier\u0107 szczeg\u00f3lnie dotkn\u0119\u0142a lokalnych stra\u017cak\u00f3w ochotnik\u00f3w, kt\u00f3rzy og\u0142osili \u017ca\u0142ob\u0119.<\/p>\n\n\n\n<p>Tragiczny wymiar zdarzenia pot\u0119guje fakt, \u017ce kilka lat wcze\u015bniej m\u0119\u017cczyzna prze\u017cy\u0142 osobist\u0105 tragedi\u0119, trac\u0105c kilkuletni\u0105 c\u00f3rk\u0119.<br><\/p>\n\n\n\n<p>\u015aledztwo prokuratury i dzia\u0142ania s\u0142u\u017cb<br>Spraw\u0105 \u015bmiertelnego wypadku zaj\u0119\u0142a si\u0119 Prokuratura Rejonowa w Szczytnie, kt\u00f3ra prowadzi post\u0119powanie pod k\u0105tem nieumy\u015blnego spowodowania \u015bmierci. Jak podkre\u015bla prokurator Daniel Brodowski, rzecznik olszty\u0144skiej prokuratury, \u201e\u015bledztwo trwa\u201d, a na obecnym etapie gromadzone s\u0105 dowody i dokumentacja niezb\u0119dna do odtworzenia dok\u0142adnego przebiegu zdarze\u0144.<\/p>\n\n\n\n<p>Na miejscu tragedii przeprowadzono szczeg\u00f3\u0142owe ogl\u0119dziny z udzia\u0142em prokuratora, a u\u017cywana podczas prac wiertnica zosta\u0142a zabezpieczona do dalszych bada\u0144 przez bieg\u0142ego. \u015aledczy zlecili r\u00f3wnie\u017c zabezpieczenie dokument\u00f3w dotycz\u0105cych sprz\u0119tu oraz kwalifikacji os\u00f3b, kt\u00f3re go obs\u0142ugiwa\u0142y.<\/p>\n\n\n\n<p>O wypadku zosta\u0142a powiadomiona Pa\u0144stwowa Inspekcja Pracy, kt\u00f3rej inspektor przeprowadzi\u0142 w\u0142asne czynno\u015bci kontrolne. Przes\u0142uchano tak\u017ce pracownika, kt\u00f3ry odkry\u0142 tragedi\u0119. Zaplanowano sekcj\u0119 zw\u0142ok, kt\u00f3ra ma pom\u00f3c w pe\u0142nym wyja\u015bnieniu przyczyn \u015bmierci 40-latka i ustaleniu, czy dosz\u0142o do naruszenia zasad bezpiecze\u0144stwa pracy.<\/p>\n\n\n\n<p>Na miejscu przeprowadzono ogl\u0119dziny z udzia\u0142em prokuratora. Wiertnica zosta\u0142a zabezpieczona celem dalszych bada\u0144 przez bieg\u0142ego. Prokurator zleci\u0142 zabezpieczenie dokumentacji dotycz\u0105cej m.in. sprz\u0119tu jaki by\u0142 stosowany na miejscu zdarzenia oraz kwalifikacji zawodowych obs\u0142uguj\u0105cych go pracownik\u00f3w \u2013 przekaza\u0142 \u201cFaktowi\u201d prok. Daniel Brodowski.<\/p>\n\n\n\n<p><\/p>\n","protected":false},"excerpt":{"rendered":"Tragiczne wydarzenia na placu budowy wstrz\u0105sn\u0119\u0142y mieszka\u0144cami niewielkiej miejscowo\u015bci pod Szczytnem. Podczas rutynowych prac dosz\u0142o do dramatycznego wypadku z udzia\u0142em specjalistycznej maszyny, kt\u00f3ry \n<a class=\"moretag\" href=\"https:\/\/lifevery.biz.ua\/?p=2208\"> [...]<\/a>","protected":false},"author":1,"featured_media":2209,"comment_status":"open","ping_status":"open","sticky":false,"template":"","format":"standard","meta":{"footnotes":""},"categories":[1],"tags":[],"class_list":["post-2208","post","type-post","status-publish","format-standard","has-post-thumbnail","hentry","category-blog"],"_links":{"self":[{"href":"https:\/\/lifevery.biz.ua\/index.php?rest_route=\/wp\/v2\/posts\/2208","targetHints":{"allow":["GET"]}}],"collection":[{"href":"https:\/\/lifevery.biz.ua\/index.php?rest_route=\/wp\/v2\/posts"}],"about":[{"href":"https:\/\/lifevery.biz.ua\/index.php?rest_route=\/wp\/v2\/types\/post"}],"author":[{"embeddable":true,"href":"https:\/\/lifevery.biz.ua\/index.php?rest_route=\/wp\/v2\/users\/1"}],"replies":[{"embeddable":true,"href":"https:\/\/lifevery.biz.ua\/index.php?rest_route=%2Fwp%2Fv2%2Fcomments&post=2208"}],"version-history":[{"count":1,"href":"https:\/\/lifevery.biz.ua\/index.php?rest_route=\/wp\/v2\/posts\/2208\/revisions"}],"predecessor-version":[{"id":2210,"href":"https:\/\/lifevery.biz.ua\/index.php?rest_route=\/wp\/v2\/posts\/2208\/revisions\/2210"}],"wp:featuredmedia":[{"embeddable":true,"href":"https:\/\/lifevery.biz.ua\/index.php?rest_route=\/wp\/v2\/media\/2209"}],"wp:attachment":[{"href":"https:\/\/lifevery.biz.ua\/index.php?rest_route=%2Fwp%2Fv2%2Fmedia&parent=2208"}],"wp:term":[{"taxonomy":"category","embeddable":true,"href":"https:\/\/lifevery.biz.ua\/index.php?rest_route=%2Fwp%2Fv2%2Fcategories&post=2208"},{"taxonomy":"post_tag","embeddable":true,"href":"https:\/\/lifevery.biz.ua\/index.php?rest_route=%2Fwp%2Fv2%2Ftags&post=2208"}],"curies":[{"name":"wp","href":"https:\/\/api.w.org\/{rel}","templated":true}]}}