{"id":22048,"date":"2026-09-04T05:47:12","date_gmt":"2026-09-04T05:47:12","guid":{"rendered":"https:\/\/lifevery.biz.ua\/?p=22048"},"modified":"2026-09-04T05:47:13","modified_gmt":"2026-09-04T05:47:13","slug":"tragiczny-wypadek-na-polskiej-trasie-nie-zyje-20-latek-droga-jest-calkowicie-zablokowana","status":"publish","type":"post","link":"https:\/\/lifevery.biz.ua\/?p=22048","title":{"rendered":"Tragiczny wypadek na polskiej trasie. Nie \u017cyje 20-latek, droga jest ca\u0142kowicie zablokowana"},"content":{"rendered":"\n<p class=\"wp-block-paragraph\">Tragiczny wypadek na polskiej trasie. Nie \u017cyje 20-latek, droga jest ca\u0142kowicie zablokowana<\/p>\n\n\n\n<p class=\"wp-block-paragraph\">zdj\u0119cie pogl\u0105dowe (fot. FotoDax\/shutterstock)<br>Do tragicznego wypadku dosz\u0142o w poniedzia\u0142ek 20 lipca tu\u017c przed po\u0142udniem na jednej z polskich. W koszmarnym zderzeniu motocykla z samochodem ci\u0119\u017carowym zgin\u0105\u0142 20-letni kierowca jedno\u015bladu. Na miejscu od wielu godzin pracuj\u0105 policjanci i stra\u017cacy, a trasa pozostaje ca\u0142kowicie zablokowana. S\u0142u\u017cby pracuj\u0105ce na miejscu zdarzenia przekaza\u0142y dramatyczne informacje. Szczeg\u00f3lnie niepokoj\u0105cy pozostaje jeden aspekt.<\/p>\n\n\n\n<p class=\"wp-block-paragraph\">Tragiczny wypadek na polskiej trasie. Motocyklista zgin\u0105\u0142 po zderzeniu z ci\u0119\u017car\u00f3wk\u0105<br>Do zdarzenia dosz\u0142o przed godzin\u0105 11 na drodze krajowej nr 50 w miejscowo\u015bci Brz\u00f3ze. Jak przekaza\u0142a policja, w wypadku uczestniczy\u0142y motocykl oraz samoch\u00f3d ci\u0119\u017carowy. Informacj\u0119 o ca\u0142kowitej blokadzie trasy potwierdzi\u0142a starszy sier\u017cant Paula Antolak z Komendy Powiatowej Policji w Mi\u0144sku Mazowieckim.<\/p>\n\n\n\n<p class=\"wp-block-paragraph\">Dosz\u0142o do wypadku z udzia\u0142em motocyklisty i samochodu ci\u0119\u017carowego. Droga jest zablokowana \u2013 poinformowa\u0142a przed godzin\u0105 11 starszy sier\u017cant Paula Antolak z Komendy Powiatowej Policji w Mi\u0144sku Mazowieckim, cytowana przez tvn24.pl.<\/p>\n\n\n\n<p class=\"wp-block-paragraph\">Na miejsce natychmiast skierowano s\u0142u\u017cby ratunkowe. Mimo podj\u0119tych dzia\u0142a\u0144 \u017cycia kieruj\u0105cego motocyklem nie uda\u0142o si\u0119 uratowa\u0107. Okoliczno\u015bci samego zderzenia przedstawi\u0142 m\u0142odszy brygadier Kamil P\u0142ochocki z Komendy Powiatowej Pa\u0144stwowej Stra\u017cy Po\u017carnej w Mi\u0144sku Mazowieckim.<\/p>\n\n\n\n<p class=\"wp-block-paragraph\">Motocyklista wyje\u017cd\u017ca\u0142 z drogi podporz\u0105dkowanej, poni\u00f3s\u0142 \u015bmier\u0107 na miejscu \u2013 powiedzia\u0142 TVN Warszawa m\u0142odszy brygadier Kamil P\u0142ochocki z Komendy Powiatowej Pa\u0144stwowej Stra\u017cy Po\u017carnej w Mi\u0144sku Mazowieckim.<\/p>\n\n\n\n<p class=\"wp-block-paragraph\">Wypadek wydarzy\u0142 si\u0119 na odcinku drogi krajowej nr 50 pomi\u0119dzy Mi\u0144skiem Mazowieckim a \u0141ochowem. Ca\u0142kowite zamkni\u0119cie drogi spowodowa\u0142o znaczne utrudnienia dla kierowc\u00f3w. Na miejscu od pocz\u0105tku prowadzone by\u0142y dzia\u0142ania ratunkowe oraz zabezpieczenie miejsca zdarzenia, a nast\u0119pnie rozpocz\u0119\u0142y si\u0119 czynno\u015bci procesowe maj\u0105ce wyja\u015bni\u0107 przebieg tragedii.<br>Policja ustala przebieg zdarzenia. Ujawniono informacje o uczestnikach wypadku<br>Po zako\u0144czeniu akcji ratunkowej funkcjonariusze przyst\u0105pili do zabezpieczania \u015blad\u00f3w oraz ustalania dok\u0142adnych okoliczno\u015bci zdarzenia. Policjanci prowadz\u0105 czynno\u015bci na miejscu wypadku i przes\u0142uchuj\u0105 osoby, kt\u00f3re mog\u0142y by\u0107 \u015bwiadkami zderzenia.<\/p>\n\n\n\n<p class=\"wp-block-paragraph\">Wed\u0142ug informacji przekazanych przez &#8220;Tygodnik Siedlecki\u201d, motocyklem kierowa\u0142 20-letni m\u0119\u017cczyzna. Redakcja poda\u0142a r\u00f3wnie\u017c, \u017ce mia\u0142 on obowi\u0105zuj\u0105cy s\u0105dowy zakaz prowadzenia pojazd\u00f3w. Z kolei kierowca samochodu ci\u0119\u017carowego, 47-letni m\u0119\u017cczyzna, by\u0142 trze\u017awy i posiada\u0142 wymagane uprawnienia do kierowania pojazdem.<\/p>\n\n\n\n<p class=\"wp-block-paragraph\">Na obecnym etapie post\u0119powania s\u0142u\u017cby koncentruj\u0105 si\u0119 na odtworzeniu przebiegu zdarzenia oraz zgromadzeniu materia\u0142u dowodowego. Dopiero po zako\u0144czeniu wszystkich czynno\u015bci b\u0119dzie mo\u017cliwe pe\u0142ne wyja\u015bnienie okoliczno\u015bci tragicznego wypadku. Informacje dotycz\u0105ce wieku uczestnik\u00f3w, ich uprawnie\u0144 oraz stanu trze\u017awo\u015bci stanowi\u0105 element prowadzonego post\u0119powania i zosta\u0142y przekazane przez \u017ar\u00f3d\u0142a opisuj\u0105ce spraw\u0119.<br><\/p>\n","protected":false},"excerpt":{"rendered":"Tragiczny wypadek na polskiej trasie. Nie \u017cyje 20-latek, droga jest ca\u0142kowicie zablokowana zdj\u0119cie pogl\u0105dowe (fot. FotoDax\/shutterstock)Do tragicznego wypadku dosz\u0142o w poniedzia\u0142ek 20 lipca \n<a class=\"moretag\" href=\"https:\/\/lifevery.biz.ua\/?p=22048\"> [...]<\/a>","protected":false},"author":1,"featured_media":22049,"comment_status":"open","ping_status":"open","sticky":false,"template":"","format":"standard","meta":{"footnotes":""},"categories":[1],"tags":[],"class_list":["post-22048","post","type-post","status-publish","format-standard","has-post-thumbnail","hentry","category-blog"],"_links":{"self":[{"href":"https:\/\/lifevery.biz.ua\/index.php?rest_route=\/wp\/v2\/posts\/22048","targetHints":{"allow":["GET"]}}],"collection":[{"href":"https:\/\/lifevery.biz.ua\/index.php?rest_route=\/wp\/v2\/posts"}],"about":[{"href":"https:\/\/lifevery.biz.ua\/index.php?rest_route=\/wp\/v2\/types\/post"}],"author":[{"embeddable":true,"href":"https:\/\/lifevery.biz.ua\/index.php?rest_route=\/wp\/v2\/users\/1"}],"replies":[{"embeddable":true,"href":"https:\/\/lifevery.biz.ua\/index.php?rest_route=%2Fwp%2Fv2%2Fcomments&post=22048"}],"version-history":[{"count":1,"href":"https:\/\/lifevery.biz.ua\/index.php?rest_route=\/wp\/v2\/posts\/22048\/revisions"}],"predecessor-version":[{"id":22050,"href":"https:\/\/lifevery.biz.ua\/index.php?rest_route=\/wp\/v2\/posts\/22048\/revisions\/22050"}],"wp:featuredmedia":[{"embeddable":true,"href":"https:\/\/lifevery.biz.ua\/index.php?rest_route=\/wp\/v2\/media\/22049"}],"wp:attachment":[{"href":"https:\/\/lifevery.biz.ua\/index.php?rest_route=%2Fwp%2Fv2%2Fmedia&parent=22048"}],"wp:term":[{"taxonomy":"category","embeddable":true,"href":"https:\/\/lifevery.biz.ua\/index.php?rest_route=%2Fwp%2Fv2%2Fcategories&post=22048"},{"taxonomy":"post_tag","embeddable":true,"href":"https:\/\/lifevery.biz.ua\/index.php?rest_route=%2Fwp%2Fv2%2Ftags&post=22048"}],"curies":[{"name":"wp","href":"https:\/\/api.w.org\/{rel}","templated":true}]}}