{"id":22042,"date":"2026-09-04T05:39:21","date_gmt":"2026-09-04T05:39:21","guid":{"rendered":"https:\/\/lifevery.biz.ua\/?p=22042"},"modified":"2026-09-04T05:39:22","modified_gmt":"2026-09-04T05:39:22","slug":"smiertelny-wypadek-na-dk-91-kierowca-najechal-na-lezace-drzewo-zginela-19-latka","status":"publish","type":"post","link":"https:\/\/lifevery.biz.ua\/?p=22042","title":{"rendered":"\u015amiertelny wypadek na DK 91. Kierowca najecha\u0142 na le\u017c\u0105ce drzewo, zgin\u0119\u0142a 19-latka"},"content":{"rendered":"\n<p class=\"wp-block-paragraph\">\u015amiertelny wypadek na DK 91. Kierowca najecha\u0142 na le\u017c\u0105ce drzewo, zgin\u0119\u0142a 19-latka<\/p>\n\n\n\n<p class=\"wp-block-paragraph\">Wypadek na DK91 w Brzozie, fot. KM PSP Toru\u0144\/Facebook<br>Nocny przejazd drog\u0105 krajow\u0105 nr 91 zako\u0144czy\u0142 si\u0119 tragedi\u0105. W Brzozie ko\u0142o Torunia dosz\u0142o do \u015bmiertelnego wypadku. Nie \u017cyje 19-letnia kobieta, a dwie inne osoby trafi\u0142y do szpitala. Policja przekaza\u0142a pierwsze informacje o przebiegu zdarzenia. \u015aledczy wyja\u015bniaj\u0105 teraz, co dok\u0142adnie doprowadzi\u0142o do tragedii.<\/p>\n\n\n\n<p class=\"wp-block-paragraph\">Wypadek na DK91 w Brzozie. BMW najecha\u0142o na le\u017c\u0105ce drzewo<br>Informacja o wypadku dotar\u0142a do dy\u017curnego Komendy Miejskiej Policji w Toruniu tu\u017c po godz. 3.30 w sobot\u0119 18 lipca. Do zdarzenia dosz\u0142o na drodze krajowej nr 91 w miejscowo\u015bci Brzoza po\u0142o\u017conej w pobli\u017cu Torunia.<\/p>\n\n\n\n<p class=\"wp-block-paragraph\">Na miejsce skierowano policjant\u00f3w, kt\u00f3rzy rozpocz\u0119li ustalanie przebiegu zdarzenia. Ich pierwsze ustalenia wskazuj\u0105, \u017ce samochodem osobowym marki BMW kierowa\u0142 21-letni m\u0119\u017cczyzna.<\/p>\n\n\n\n<p class=\"wp-block-paragraph\">W pewnym momencie pojazd najecha\u0142 na drzewo le\u017c\u0105ce na jezdni. To w\u0142a\u015bnie ta przeszkoda, zgodnie z informacjami przekazanymi przez toru\u0144sk\u0105 policj\u0119, pojawia si\u0119 w dotychczasowym opisie przebiegu wypadku.<br>Okoliczno\u015bci zdarzenia przedstawi\u0142a podkomisarz Dominika Bocian, oficer prasowy Komendanta Miejskiego Policji w Toruniu.<\/p>\n\n\n\n<p class=\"wp-block-paragraph\">\u2013 Ze wst\u0119pnych ustale\u0144 policjant\u00f3w, kt\u00f3rzy pracowali na miejscu, wynika, \u017ce 21-letni m\u0119\u017cczyzna kieruj\u0105cy osobowym BMW najecha\u0142 na le\u017c\u0105ce na jezdni drzewo. W wyniku tego wypadku \u015bmier\u0107 na miejscu ponios\u0142a jego 19-letnia pasa\u017cerka \u2013 informuje podkomisarz Dominika Bocian, oficer prasowy Komendanta Miejskiego Policji w Toruniu.<\/p>\n\n\n\n<p class=\"wp-block-paragraph\">Przekazane informacje maj\u0105 na razie charakter wst\u0119pny. Policja nie przedstawi\u0142a jeszcze pe\u0142nego przebiegu wydarze\u0144 ani nie wskaza\u0142a, dlaczego dosz\u0142o do wypadku. Potwierdzono jedynie, \u017ce BMW natrafi\u0142o na drzewo znajduj\u0105ce si\u0119 na drodze.<\/p>\n\n\n\n<p class=\"wp-block-paragraph\">W policyjnym komunikacie nie podano tak\u017ce dodatkowych informacji dotycz\u0105cych tego, w jakich okoliczno\u015bciach drzewo znalaz\u0142o si\u0119 na jezdni. Wyja\u015bnienie wszystkich element\u00f3w zdarzenia b\u0119dzie nale\u017ca\u0142o do prowadz\u0105cych spraw\u0119 \u015bledczych.<\/p>\n\n\n\n<p class=\"wp-block-paragraph\">Zobacz tak\u017ce: Te\u015bciowie Jowity Zieli\u0144skiej zabrali g\u0142os. \u201cNie by\u0142o \u017cadnego maj\u0105tku\u201d<\/p>\n\n\n\n<p class=\"wp-block-paragraph\">Nie \u017cyje 19-letnia pasa\u017cerka. Kierowca i drugi pasa\u017cer zostali ranni<br>Najpowa\u017cniejszym skutkiem wypadku by\u0142a \u015bmier\u0107 19-letniej kobiety podr\u00f3\u017cuj\u0105cej BMW. Pasa\u017cerka zgin\u0119\u0142a na miejscu, zanim mo\u017cliwe by\u0142o przewiezienie jej do szpitala.<\/p>\n\n\n\n<p class=\"wp-block-paragraph\">Policja poinformowa\u0142a r\u00f3wnie\u017c o dw\u00f3ch rannych osobach. Obra\u017ce\u0144 dozna\u0142 21-letni kierowca samochodu oraz drugi pasa\u017cer BMW, r\u00f3wnie\u017c 19-letni m\u0119\u017cczyzna.<\/p>\n\n\n\n<p class=\"wp-block-paragraph\">Obaj poszkodowani zostali przetransportowani do szpitala. W przekazanych informacjach nie okre\u015blono charakteru ich obra\u017ce\u0144 ani ich aktualnego stanu zdrowia.<\/p>\n\n\n\n<p class=\"wp-block-paragraph\">W\u015br\u00f3d dotychczas potwierdzonych ustale\u0144 znalaz\u0142a si\u0119 r\u00f3wnie\u017c informacja dotycz\u0105ca stanu trze\u017awo\u015bci osoby prowadz\u0105cej samoch\u00f3d. Jak poda\u0142a Komenda Miejska Policji w Toruniu, 21-letni kierowca BMW by\u0142 trze\u017awy.<\/p>\n\n\n\n<p class=\"wp-block-paragraph\">Informacja ta jest jednym z element\u00f3w zabezpieczonych na pocz\u0105tkowym etapie post\u0119powania. Nie przes\u0105dza jednak o przyczynie wypadku, kt\u00f3ra nie zosta\u0142a jeszcze ustalona i ma by\u0107 wyja\u015bniana w toku \u015bledztwa.<\/p>\n\n\n\n<p class=\"wp-block-paragraph\">Bilans zdarzenia na drodze krajowej nr 91 obejmuje wi\u0119c jedn\u0105 ofiar\u0119 \u015bmierteln\u0105 oraz dwie osoby ranne. Wszystkie osoby wskazane przez policj\u0119 podr\u00f3\u017cowa\u0142y samochodem marki BMW.<\/p>\n\n\n\n<p class=\"wp-block-paragraph\">Do tragedii dosz\u0142o w nocy, kr\u00f3tko przed przyj\u0119ciem zg\u0142oszenia przez dy\u017curnego toru\u0144skiej komendy. Policjanci pracuj\u0105cy na miejscu zgromadzili pierwsze informacje, na podstawie kt\u00f3rych przedstawiono wst\u0119pny przebieg wypadku.<br><\/p>\n","protected":false},"excerpt":{"rendered":"\u015amiertelny wypadek na DK 91. Kierowca najecha\u0142 na le\u017c\u0105ce drzewo, zgin\u0119\u0142a 19-latka Wypadek na DK91 w Brzozie, fot. KM PSP Toru\u0144\/FacebookNocny przejazd drog\u0105 \n<a class=\"moretag\" href=\"https:\/\/lifevery.biz.ua\/?p=22042\"> [...]<\/a>","protected":false},"author":1,"featured_media":22043,"comment_status":"open","ping_status":"open","sticky":false,"template":"","format":"standard","meta":{"footnotes":""},"categories":[1],"tags":[],"class_list":["post-22042","post","type-post","status-publish","format-standard","has-post-thumbnail","hentry","category-blog"],"_links":{"self":[{"href":"https:\/\/lifevery.biz.ua\/index.php?rest_route=\/wp\/v2\/posts\/22042","targetHints":{"allow":["GET"]}}],"collection":[{"href":"https:\/\/lifevery.biz.ua\/index.php?rest_route=\/wp\/v2\/posts"}],"about":[{"href":"https:\/\/lifevery.biz.ua\/index.php?rest_route=\/wp\/v2\/types\/post"}],"author":[{"embeddable":true,"href":"https:\/\/lifevery.biz.ua\/index.php?rest_route=\/wp\/v2\/users\/1"}],"replies":[{"embeddable":true,"href":"https:\/\/lifevery.biz.ua\/index.php?rest_route=%2Fwp%2Fv2%2Fcomments&post=22042"}],"version-history":[{"count":1,"href":"https:\/\/lifevery.biz.ua\/index.php?rest_route=\/wp\/v2\/posts\/22042\/revisions"}],"predecessor-version":[{"id":22044,"href":"https:\/\/lifevery.biz.ua\/index.php?rest_route=\/wp\/v2\/posts\/22042\/revisions\/22044"}],"wp:featuredmedia":[{"embeddable":true,"href":"https:\/\/lifevery.biz.ua\/index.php?rest_route=\/wp\/v2\/media\/22043"}],"wp:attachment":[{"href":"https:\/\/lifevery.biz.ua\/index.php?rest_route=%2Fwp%2Fv2%2Fmedia&parent=22042"}],"wp:term":[{"taxonomy":"category","embeddable":true,"href":"https:\/\/lifevery.biz.ua\/index.php?rest_route=%2Fwp%2Fv2%2Fcategories&post=22042"},{"taxonomy":"post_tag","embeddable":true,"href":"https:\/\/lifevery.biz.ua\/index.php?rest_route=%2Fwp%2Fv2%2Ftags&post=22042"}],"curies":[{"name":"wp","href":"https:\/\/api.w.org\/{rel}","templated":true}]}}