{"id":22033,"date":"2026-09-04T05:28:28","date_gmt":"2026-09-04T05:28:28","guid":{"rendered":"https:\/\/lifevery.biz.ua\/?p=22033"},"modified":"2026-09-04T05:28:28","modified_gmt":"2026-09-04T05:28:28","slug":"fatalny-final-wyprzedzania-na-dolnym-slasku-w-akcji-smiglowiec-lpr-droga-zablokowana","status":"publish","type":"post","link":"https:\/\/lifevery.biz.ua\/?p=22033","title":{"rendered":"Fatalny fina\u0142 wyprzedzania na Dolnym \u015al\u0105sku. W akcji \u015bmig\u0142owiec LPR, droga zablokowana"},"content":{"rendered":"\n<p class=\"wp-block-paragraph\">Fatalny fina\u0142 wyprzedzania na Dolnym \u015al\u0105sku. W akcji \u015bmig\u0142owiec LPR, droga zablokowana<\/p>\n\n\n\n<p class=\"wp-block-paragraph\">fot. Komenda Powiatowa Policji w Z\u0105bkowicach \u015al\u0105skich\/facebook<br>Do powa\u017cnego wypadku dosz\u0142o we wtorek 21 lipca nad ranem na terenie jednej z polskich gmin. Samoch\u00f3d prowadzony przez m\u0142odego kierowc\u0119 podczas manewru wyprzedzania uderzy\u0142 najpierw w inny pojazd, a nast\u0119pnie w przydro\u017cne drzewo. Na miejsce wezwano \u015bmig\u0142owiec Lotniczego Pogotowia Ratunkowego. Droga w miejscu zdarzenia jest ca\u0142kowicie zablokowana, a na miejscu trwa pilna akcja ratunkowa. Przekazano niepokoj\u0105ce informacje.<\/p>\n\n\n\n<p class=\"wp-block-paragraph\">Dramatyczny fina\u0142 manewru wyprzedzania. Osob\u00f3wka roztrzaska\u0142a si\u0119 o drzewo<br>Do zdarzenia dosz\u0142o we wtorek, 21 lipca, oko\u0142o godziny 4:00 nad ranem na terenie jednej z miejscowo\u015bci w gminie Z\u0105bkowice \u015al\u0105skie. Jak wynika ze wst\u0119pnych ustale\u0144 policjant\u00f3w, 22-letni kieruj\u0105cy Seatem Leon wykonywa\u0142 manewr wyprzedzania Forda Mondeo, kt\u00f3rym kierowa\u0142a 44-letnia mieszkanka powiatu z\u0105bkowickiego. W trakcie tego manewru m\u0142ody kierowca straci\u0142 panowanie nad samochodem, doprowadzi\u0142 do zderzenia z Fordem, a nast\u0119pnie uderzy\u0142 w przydro\u017cne drzewo.<\/p>\n\n\n\n<p class=\"wp-block-paragraph\">Komenda Powiatowa Policji w Z\u0105bkowicach \u015al\u0105skich przekaza\u0142a szczeg\u00f3\u0142y zdarzenia w oficjalnym komunikacie.&nbsp;<\/p>\n\n\n\n<p class=\"wp-block-paragraph\">Ze wst\u0119pnych ustale\u0144 policjant\u00f3w wynika, \u017ce 22-letni kieruj\u0105cy Seatem Leon, podczas wyprzedzania Forda Mondeo kierowanego przez 44-letni\u0105 mieszkank\u0119 powiatu z\u0105bkowickiego, straci\u0142 panowanie nad pojazdem, doprowadzi\u0142 do zderzenia z Fordem, a nast\u0119pnie uderzy\u0142 w przydro\u017cne drzewo \u2013 przekaza\u0142a policja.<\/p>\n\n\n\n<p class=\"wp-block-paragraph\">\u015amig\u0142owiec LPR na miejscu. Do szpitala trafi\u0142a tak\u017ce 16-letnia pasa\u017cerka<br>Skutki wypadku okaza\u0142y si\u0119 na tyle powa\u017cne, \u017ce konieczne by\u0142o wezwanie \u015bmig\u0142owca Lotniczego Pogotowia Ratunkowego. Pomocy medycznej wymaga\u0142 przede wszystkim kierowca Seata, kt\u00f3ry zosta\u0142 przetransportowany do szpitala drog\u0105 lotnicz\u0105. Do plac\u00f3wki medycznej trafi\u0142a r\u00f3wnie\u017c podr\u00f3\u017cuj\u0105ca z nim 16-letnia pasa\u017cerka.<\/p>\n\n\n\n<p class=\"wp-block-paragraph\">Do szpitala trafili kierowca Seata oraz jego 16-letnia pasa\u017cerka. M\u0119\u017cczyzna zosta\u0142 przetransportowany \u015bmig\u0142owcem Lotniczego Pogotowia Ratunkowego. Drugiemu pasa\u017cerowi Seata \u2013 20-letniemu m\u0119\u017cczy\u017anie \u2013 nic si\u0119 nie sta\u0142o. R\u00f3wnie\u017c kieruj\u0105ca Fordem oraz dwoje 17-letnich pasa\u017cer\u00f3w nie odnie\u015bli obra\u017ce\u0144 \u2013 informuje KPP w Z\u0105bkowicach \u015al\u0105skich.<\/p>\n\n\n\n<p class=\"wp-block-paragraph\">Oznacza to, \u017ce spo\u015br\u00f3d sze\u015bciu uczestnik\u00f3w zdarzenia obra\u017cenia odnios\u0142y dwie osoby podr\u00f3\u017cuj\u0105ce Seatem. Pozostali uczestnicy kolizji nie wymagali hospitalizacji. Na miejscu dzia\u0142ania prowadzi\u0142y s\u0142u\u017cby ratunkowe oraz policjanci, kt\u00f3rzy zabezpieczyli teren i rozpocz\u0119li wyja\u015bnianie okoliczno\u015bci zdarzenia.<br><\/p>\n","protected":false},"excerpt":{"rendered":"Fatalny fina\u0142 wyprzedzania na Dolnym \u015al\u0105sku. W akcji \u015bmig\u0142owiec LPR, droga zablokowana fot. Komenda Powiatowa Policji w Z\u0105bkowicach \u015al\u0105skich\/facebookDo powa\u017cnego wypadku dosz\u0142o we \n<a class=\"moretag\" href=\"https:\/\/lifevery.biz.ua\/?p=22033\"> [...]<\/a>","protected":false},"author":1,"featured_media":22034,"comment_status":"open","ping_status":"open","sticky":false,"template":"","format":"standard","meta":{"footnotes":""},"categories":[1],"tags":[],"class_list":["post-22033","post","type-post","status-publish","format-standard","has-post-thumbnail","hentry","category-blog"],"_links":{"self":[{"href":"https:\/\/lifevery.biz.ua\/index.php?rest_route=\/wp\/v2\/posts\/22033","targetHints":{"allow":["GET"]}}],"collection":[{"href":"https:\/\/lifevery.biz.ua\/index.php?rest_route=\/wp\/v2\/posts"}],"about":[{"href":"https:\/\/lifevery.biz.ua\/index.php?rest_route=\/wp\/v2\/types\/post"}],"author":[{"embeddable":true,"href":"https:\/\/lifevery.biz.ua\/index.php?rest_route=\/wp\/v2\/users\/1"}],"replies":[{"embeddable":true,"href":"https:\/\/lifevery.biz.ua\/index.php?rest_route=%2Fwp%2Fv2%2Fcomments&post=22033"}],"version-history":[{"count":1,"href":"https:\/\/lifevery.biz.ua\/index.php?rest_route=\/wp\/v2\/posts\/22033\/revisions"}],"predecessor-version":[{"id":22035,"href":"https:\/\/lifevery.biz.ua\/index.php?rest_route=\/wp\/v2\/posts\/22033\/revisions\/22035"}],"wp:featuredmedia":[{"embeddable":true,"href":"https:\/\/lifevery.biz.ua\/index.php?rest_route=\/wp\/v2\/media\/22034"}],"wp:attachment":[{"href":"https:\/\/lifevery.biz.ua\/index.php?rest_route=%2Fwp%2Fv2%2Fmedia&parent=22033"}],"wp:term":[{"taxonomy":"category","embeddable":true,"href":"https:\/\/lifevery.biz.ua\/index.php?rest_route=%2Fwp%2Fv2%2Fcategories&post=22033"},{"taxonomy":"post_tag","embeddable":true,"href":"https:\/\/lifevery.biz.ua\/index.php?rest_route=%2Fwp%2Fv2%2Ftags&post=22033"}],"curies":[{"name":"wp","href":"https:\/\/api.w.org\/{rel}","templated":true}]}}