{"id":22012,"date":"2026-09-04T05:10:43","date_gmt":"2026-09-04T05:10:43","guid":{"rendered":"https:\/\/lifevery.biz.ua\/?p=22012"},"modified":"2026-09-04T05:10:43","modified_gmt":"2026-09-04T05:10:43","slug":"tragiczny-wypadek-w-bialce-tatrzanskiej-samochod-uderzyl-w-ogrodzenie-nie-zyje-dziecko","status":"publish","type":"post","link":"https:\/\/lifevery.biz.ua\/?p=22012","title":{"rendered":"Tragiczny wypadek w Bia\u0142ce Tatrza\u0144skiej. Samoch\u00f3d uderzy\u0142 w ogrodzenie, nie \u017cyje dziecko"},"content":{"rendered":"\n<p class=\"wp-block-paragraph\">Tragiczny wypadek w Bia\u0142ce Tatrza\u0144skiej. Samoch\u00f3d uderzy\u0142 w ogrodzenie, nie \u017cyje dziecko<\/p>\n\n\n\n<p class=\"wp-block-paragraph\">fot. Policja Zakopane\/facebook<br>Tragiczny wypadek w Bia\u0142ce Tatrza\u0144skiej zako\u0144czy\u0142 si\u0119 \u015bmierci\u0105 10-letniego dziecka. Ch\u0142opiec zosta\u0142 ci\u0119\u017cko ranny po tym, jak samoch\u00f3d osobowy zjecha\u0142 z drogi i uderzy\u0142 w ogrodzenie posesji. Mimo natychmiastowej akcji ratunkowej i transportu \u015bmig\u0142owcem do szpitala lekarzom nie uda\u0142o si\u0119 uratowa\u0107 jego \u017cycia. Policja i prokuratura wyja\u015bniaj\u0105 obecnie, co doprowadzi\u0142o do tego dramatycznego zdarzenia.<\/p>\n\n\n\n<p class=\"wp-block-paragraph\">Tragiczny wypadek w Bia\u0142ce Tatrza\u0144skiej. 10-letnie dziecko nie prze\u017cy\u0142o<br>Do tragicznego w skutkach wypadku dosz\u0142o w poniedzia\u0142ek, 20 lipca, oko\u0142o godziny 16:45 na drodze krajowej nr 49, na ulicy Kani\u00f3wka w Bia\u0142ce Tatrza\u0144skiej. Jak wynika z ustale\u0144 policji, 46-letnia kobieta kieruj\u0105ca samochodem marki Toyota Verso z nieznanych dot\u0105d przyczyn nagle zjecha\u0142a z jezdni do przydro\u017cnego rowu, po czym z du\u017c\u0105 si\u0142\u0105 uderzy\u0142a w ogrodzenie jednej z posesji. W wyniku zderzenia elementy drewnianego p\u0142otu przebi\u0142y si\u0119 do wn\u0119trza pojazdu, powoduj\u0105c bardzo powa\u017cne obra\u017cenia u 10-letniego pasa\u017cera.<\/p>\n\n\n\n<p class=\"wp-block-paragraph\">Na miejsce natychmiast skierowano s\u0142u\u017cby ratunkowe. Stra\u017cacy wydobyli ci\u0119\u017cko ranne dziecko z rozbitego samochodu przy u\u017cyciu specjalistycznego sprz\u0119tu. Nast\u0119pnie na miejsce przylecia\u0142 \u015bmig\u0142owiec Lotniczego Pogotowia Ratunkowego, kt\u00f3rym poszkodowany zosta\u0142 przetransportowany do szpitala w Krakowie. Pomimo podj\u0119tych dzia\u0142a\u0144 ratowniczych lekarzom nie uda\u0142o si\u0119 uratowa\u0107 jego \u017cycia. Tragiczny fina\u0142 wypadku potwierdzi\u0142a Komenda Powiatowa Policji w Zakopanem w oficjalnym komunikacie.<\/p>\n\n\n\n<p class=\"wp-block-paragraph\">W wyniku zdarzenia podr\u00f3\u017cuj\u0105ce w samochodzie 10-letnie dziecko pomimo podj\u0119tych dzia\u0142a\u0144 ratowniczych zmar\u0142o w szpitalu \u2013 przekaza\u0142a policja.<\/p>\n\n\n\n<p class=\"wp-block-paragraph\">fot. Policja Zakopane\/facebook<br><\/p>\n\n\n\n<p class=\"wp-block-paragraph\">W samochodzie podr\u00f3\u017cowa\u0142y jeszcze trzy dzieci. Na miejsce skierowano psychologa<br>W chwili wypadku Toyot\u0105 podr\u00f3\u017cowa\u0142o \u0142\u0105cznie czworo dzieci. Opr\u00f3cz 10-latka, kt\u00f3ry odni\u00f3s\u0142 \u015bmiertelne obra\u017cenia, w aucie znajdowa\u0142o si\u0119 jeszcze troje dzieci w wieku od 9 do 10 lat. Jak wynika z informacji przekazanych przez policj\u0119, po zderzeniu bez powa\u017cniejszych obra\u017ce\u0144 opu\u015bci\u0142y pojazd. Mimo \u017ce nie wymaga\u0142y hospitalizacji z powodu obra\u017ce\u0144 fizycznych, dla ich wsparcia na miejsce wezwano psychologa.<\/p>\n\n\n\n<p class=\"wp-block-paragraph\">Na miejscu pracowali stra\u017cacy, zespo\u0142y ratownictwa medycznego, policjanci oraz za\u0142oga Lotniczego Pogotowia Ratunkowego. Droga krajowa nr 49 zosta\u0142a ca\u0142kowicie zablokowana, a kierowc\u00f3w kierowano na wyznaczone objazdy.<\/p>\n\n\n\n<p class=\"wp-block-paragraph\">Dzi\u0119ki szybkiej reakcji s\u0142u\u017cb mo\u017cliwe by\u0142o natychmiastowe udzielenie pomocy wszystkim uczestnikom zdarzenia oraz zabezpieczenie miejsca wypadku.<br><\/p>\n\n\n\n<p class=\"wp-block-paragraph\">\u015aledczy wyja\u015bniaj\u0105 przyczyny tragedii. Kieruj\u0105ca by\u0142a trze\u017awa<br>Na obecnym etapie post\u0119powania nie poinformowano jeszcze, dlaczego samoch\u00f3d nagle zjecha\u0142 z drogi. Policjanci podkre\u015blaj\u0105, \u017ce przyczyny wypadku pozostaj\u0105 niewyja\u015bnione. Wiadomo natomiast, \u017ce 46-letnia kieruj\u0105ca, mieszkanka powiatu tatrza\u0144skiego, w chwili zdarzenia by\u0142a trze\u017awa. Zgodnie z obowi\u0105zuj\u0105c\u0105 procedur\u0105 pobrano od niej r\u00f3wnie\u017c krew do dalszych bada\u0144, kt\u00f3rych wyniki maj\u0105 pom\u00f3c w ustaleniu wszystkich okoliczno\u015bci tragedii.<br><\/p>\n\n\n\n<p class=\"wp-block-paragraph\">Jeszcze w dniu wypadku na miejscu przez wiele godzin prowadzono szczeg\u00f3\u0142owe czynno\u015bci procesowe. Uczestniczyli w nich prokurator, technik kryminalistyki oraz bieg\u0142y z zakresu rekonstrukcji wypadk\u00f3w drogowych. Funkcjonariusze wykonali ogl\u0119dziny miejsca zdarzenia, zabezpieczyli \u015blady oraz odholowali uszkodzony pojazd do dalszych bada\u0144 technicznych. Zebrany materia\u0142 dowodowy ma pozwoli\u0107 odpowiedzie\u0107 na pytanie, co doprowadzi\u0142o do utraty panowania nad samochodem.<\/p>\n\n\n\n<p class=\"wp-block-paragraph\">Policja podkre\u015bla, \u017ce post\u0119powanie prowadzone jest pod nadzorem prokuratury i obejmuje wszystkie okoliczno\u015bci tragicznego zdarzenia.<\/p>\n\n\n\n<p class=\"wp-block-paragraph\">Wyja\u015bnienie wszelkich okoliczno\u015bci tego tragicznego wypadku b\u0119dzie przedmiotem dalszych czynno\u015bci prowadzonych przez zakopia\u0144sk\u0105 prokuratur\u0119 oraz policjant\u00f3w \u2013 czytamy w komunikacie.<\/p>\n\n\n\n<p class=\"wp-block-paragraph\">Na razie \u015bledczy nie przekazali informacji, kt\u00f3re pozwala\u0142yby jednoznacznie wskaza\u0107 przyczyn\u0119 wypadku. Dopiero wyniki prowadzonych analiz i opinii bieg\u0142ych maj\u0105 umo\u017cliwi\u0107 odtworzenie przebiegu tragicznych wydarze\u0144.<\/p>\n\n\n\n<p class=\"wp-block-paragraph\"><\/p>\n","protected":false},"excerpt":{"rendered":"Tragiczny wypadek w Bia\u0142ce Tatrza\u0144skiej. Samoch\u00f3d uderzy\u0142 w ogrodzenie, nie \u017cyje dziecko fot. Policja Zakopane\/facebookTragiczny wypadek w Bia\u0142ce Tatrza\u0144skiej zako\u0144czy\u0142 si\u0119 \u015bmierci\u0105 10-letniego \n<a class=\"moretag\" href=\"https:\/\/lifevery.biz.ua\/?p=22012\"> [...]<\/a>","protected":false},"author":1,"featured_media":22013,"comment_status":"open","ping_status":"open","sticky":false,"template":"","format":"standard","meta":{"footnotes":""},"categories":[1],"tags":[],"class_list":["post-22012","post","type-post","status-publish","format-standard","has-post-thumbnail","hentry","category-blog"],"_links":{"self":[{"href":"https:\/\/lifevery.biz.ua\/index.php?rest_route=\/wp\/v2\/posts\/22012","targetHints":{"allow":["GET"]}}],"collection":[{"href":"https:\/\/lifevery.biz.ua\/index.php?rest_route=\/wp\/v2\/posts"}],"about":[{"href":"https:\/\/lifevery.biz.ua\/index.php?rest_route=\/wp\/v2\/types\/post"}],"author":[{"embeddable":true,"href":"https:\/\/lifevery.biz.ua\/index.php?rest_route=\/wp\/v2\/users\/1"}],"replies":[{"embeddable":true,"href":"https:\/\/lifevery.biz.ua\/index.php?rest_route=%2Fwp%2Fv2%2Fcomments&post=22012"}],"version-history":[{"count":1,"href":"https:\/\/lifevery.biz.ua\/index.php?rest_route=\/wp\/v2\/posts\/22012\/revisions"}],"predecessor-version":[{"id":22014,"href":"https:\/\/lifevery.biz.ua\/index.php?rest_route=\/wp\/v2\/posts\/22012\/revisions\/22014"}],"wp:featuredmedia":[{"embeddable":true,"href":"https:\/\/lifevery.biz.ua\/index.php?rest_route=\/wp\/v2\/media\/22013"}],"wp:attachment":[{"href":"https:\/\/lifevery.biz.ua\/index.php?rest_route=%2Fwp%2Fv2%2Fmedia&parent=22012"}],"wp:term":[{"taxonomy":"category","embeddable":true,"href":"https:\/\/lifevery.biz.ua\/index.php?rest_route=%2Fwp%2Fv2%2Fcategories&post=22012"},{"taxonomy":"post_tag","embeddable":true,"href":"https:\/\/lifevery.biz.ua\/index.php?rest_route=%2Fwp%2Fv2%2Ftags&post=22012"}],"curies":[{"name":"wp","href":"https:\/\/api.w.org\/{rel}","templated":true}]}}