{"id":22009,"date":"2026-09-04T05:07:39","date_gmt":"2026-09-04T05:07:39","guid":{"rendered":"https:\/\/lifevery.biz.ua\/?p=22009"},"modified":"2026-09-04T05:07:40","modified_gmt":"2026-09-04T05:07:40","slug":"nie-zyje-muzyczna-legenda-czasow-prl-wokalista-ryszard-pisarski-mial-87-lat","status":"publish","type":"post","link":"https:\/\/lifevery.biz.ua\/?p=22009","title":{"rendered":"Nie \u017cyje muzyczna legenda czas\u00f3w PRL. Wokalista Ryszard Pisarski mia\u0142 87 lat"},"content":{"rendered":"\n<p class=\"wp-block-paragraph\">Nie \u017cyje muzyczna legenda czas\u00f3w PRL. Wokalista Ryszard Pisarski mia\u0142 87 lat<\/p>\n\n\n\n<p class=\"wp-block-paragraph\">Fot. &#8211; Canva, Maciej Kloci\u0144ski \/ Facebook<br>W nocy z 20 na 21 lipca 2026 roku zmar\u0142 Ryszard Pisarski, jeden z wokalist\u00f3w, kt\u00f3rzy wsp\u00f3\u0142tworzyli polsk\u0105 estrad\u0119 powojennych dekad. Artysta mia\u0142 87 lat. O jego \u015bmierci poinformowa\u0142 w mediach spo\u0142eczno\u015bciowych dziennikarz Maciej Kloci\u0144ski, wieloletni przyjaciel piosenkarza.<\/p>\n\n\n\n<p class=\"wp-block-paragraph\">\u015amier\u0107 przysz\u0142a nagle<br>O \u015bmierci artysty poinformowa\u0142 Maciej Kloci\u0144ski, dziennikarz i wieloletni przyjaciel piosenkarza. We wpisie zaznaczy\u0142, \u017ce wiadomo\u015b\u0107 by\u0142a dla niego ca\u0142kowitym zaskoczeniem, i opisa\u0142 swoj\u0105 reakcj\u0119 jako smutek po\u0142\u0105czony z szokiem.<\/p>\n\n\n\n<p class=\"wp-block-paragraph\">\u201eWczoraj jeszcze rozmawiali\u015bmy i nic nie wskazywa\u0142o na to, \u017ce to si\u0119 wydarzy tak nagle&#8221; \u2212 czytamy.<\/p>\n\n\n\n<p class=\"wp-block-paragraph\">Informacja poruszy\u0142a zar\u00f3wno \u015brodowisko muzyczne, jak i s\u0142uchaczy pami\u0119taj\u0105cych tw\u00f3rczo\u015b\u0107 Pisarskiego. Przez dekady zbudowa\u0142 on sobie wiern\u0105 publiczno\u015b\u0107, kt\u00f3ra ceni\u0142a jego dorobek i wk\u0142ad w rozw\u00f3j polskiej muzyki rozrywkowej.<\/p>\n\n\n\n<p class=\"wp-block-paragraph\">Zaczyna\u0142 od radiowego konkursu<br>Ryszard Pisarski urodzi\u0142 si\u0119 w Warszawie w 1939 roku. Talent muzyczny zdradza\u0142 ju\u017c jako dziecko, ale prawdziwy prze\u0142om przyszed\u0142 pod koniec lat 50. Wokalista zwr\u00f3ci\u0142 wtedy na siebie uwag\u0119 podczas konkursu dla wokalist\u00f3w amator\u00f3w, organizowanego przez Polskie Radio.<\/p>\n\n\n\n<p class=\"wp-block-paragraph\">Ten wyst\u0119p otworzy\u0142 mu drzwi do zawodowej kariery. Zacz\u0105\u0142 wsp\u00f3\u0142pracowa\u0107 z czo\u0142owymi tw\u00f3rcami polskiej piosenki, regularnie pojawia\u0142 si\u0119 na antenie radiowej i wyst\u0119powa\u0142 na scenach najwi\u0119kszych sal koncertowych w kraju. To w\u0142a\u015bnie wtedy jego nazwisko zacz\u0119\u0142o by\u0107 rozpoznawalne w ca\u0142ej Polsce, a repertuar trafi\u0142 do szerokiej publiczno\u015bci.<br><\/p>\n\n\n\n<p class=\"wp-block-paragraph\">Za jego najwi\u0119kszy przeb\u00f3j uznaje si\u0119 jednak \u201eCzy tutaj mieszka panna Agnieszka&#8221;. Utw\u00f3r do dzi\u015b wraca w repertuarach z muzyk\u0105 retro.<\/p>\n\n\n\n<p class=\"wp-block-paragraph\">Wa\u017cnym rozdzia\u0142em w karierze wokalisty by\u0142a wsp\u00f3\u0142praca z Zespo\u0142em Jazzowym Zygmunta Wicharego, z kt\u00f3rym wyst\u0119powa\u0142 w latach 60. Wsp\u00f3lne nagrania i liczne trasy koncertowe ugruntowa\u0142y jego pozycj\u0119 na polskim rynku muzycznym.<\/p>\n\n\n\n<p class=\"wp-block-paragraph\">Trudne lata po zako\u0144czeniu kariery<br>Wyst\u0119py sceniczne artysta zako\u0144czy\u0142 w latach 90. Dwie dekady p\u00f3\u017aniej jego nazwisko wr\u00f3ci\u0142o do medi\u00f3w w zupe\u0142nie innym kontek\u015bcie. W 2015 roku pisano o pogarszaj\u0105cym si\u0119 stanie zdrowia i trudnej sytuacji finansowej piosenkarza.<\/p>\n\n\n\n<p class=\"wp-block-paragraph\">Pisarski przeszed\u0142 w\u00f3wczas operacj\u0119 biodra. Koszty rehabilitacji przeros\u0142y jego mo\u017cliwo\u015bci, przez co popad\u0142 w d\u0142ugi, a mieszkanie artysty trafi\u0142o na licytacj\u0119.<\/p>\n\n\n\n<p class=\"wp-block-paragraph\">\u201eWiele lat nios\u0142em ludziom rado\u015b\u0107, a cz\u0119sto i pomoc, udzielaj\u0105c si\u0119 na imprezach charytatywnych. A dzi\u015b sam potrzebuj\u0119 pomocy. [&#8230;] Cz\u0142owiek czasami potrzebuje, \u017ceby kto\u015b si\u0119 zainteresowa\u0142, czy jeszcze w og\u00f3le \u017cyje&#8221; \u2212 m\u00f3wi\u0142 wtedy w rozmowie z \u201eG\u0142osem Koszali\u0144skim&#8221;.<br><\/p>\n","protected":false},"excerpt":{"rendered":"Nie \u017cyje muzyczna legenda czas\u00f3w PRL. Wokalista Ryszard Pisarski mia\u0142 87 lat Fot. &#8211; Canva, Maciej Kloci\u0144ski \/ FacebookW nocy z 20 na \n<a class=\"moretag\" href=\"https:\/\/lifevery.biz.ua\/?p=22009\"> [...]<\/a>","protected":false},"author":1,"featured_media":22010,"comment_status":"open","ping_status":"open","sticky":false,"template":"","format":"standard","meta":{"footnotes":""},"categories":[1],"tags":[],"class_list":["post-22009","post","type-post","status-publish","format-standard","has-post-thumbnail","hentry","category-blog"],"_links":{"self":[{"href":"https:\/\/lifevery.biz.ua\/index.php?rest_route=\/wp\/v2\/posts\/22009","targetHints":{"allow":["GET"]}}],"collection":[{"href":"https:\/\/lifevery.biz.ua\/index.php?rest_route=\/wp\/v2\/posts"}],"about":[{"href":"https:\/\/lifevery.biz.ua\/index.php?rest_route=\/wp\/v2\/types\/post"}],"author":[{"embeddable":true,"href":"https:\/\/lifevery.biz.ua\/index.php?rest_route=\/wp\/v2\/users\/1"}],"replies":[{"embeddable":true,"href":"https:\/\/lifevery.biz.ua\/index.php?rest_route=%2Fwp%2Fv2%2Fcomments&post=22009"}],"version-history":[{"count":1,"href":"https:\/\/lifevery.biz.ua\/index.php?rest_route=\/wp\/v2\/posts\/22009\/revisions"}],"predecessor-version":[{"id":22011,"href":"https:\/\/lifevery.biz.ua\/index.php?rest_route=\/wp\/v2\/posts\/22009\/revisions\/22011"}],"wp:featuredmedia":[{"embeddable":true,"href":"https:\/\/lifevery.biz.ua\/index.php?rest_route=\/wp\/v2\/media\/22010"}],"wp:attachment":[{"href":"https:\/\/lifevery.biz.ua\/index.php?rest_route=%2Fwp%2Fv2%2Fmedia&parent=22009"}],"wp:term":[{"taxonomy":"category","embeddable":true,"href":"https:\/\/lifevery.biz.ua\/index.php?rest_route=%2Fwp%2Fv2%2Fcategories&post=22009"},{"taxonomy":"post_tag","embeddable":true,"href":"https:\/\/lifevery.biz.ua\/index.php?rest_route=%2Fwp%2Fv2%2Ftags&post=22009"}],"curies":[{"name":"wp","href":"https:\/\/api.w.org\/{rel}","templated":true}]}}