{"id":22006,"date":"2026-09-04T05:04:57","date_gmt":"2026-09-04T05:04:57","guid":{"rendered":"https:\/\/lifevery.biz.ua\/?p=22006"},"modified":"2026-09-04T05:04:57","modified_gmt":"2026-09-04T05:04:57","slug":"wykolejenie-pociagu-w-woj-swietokrzyskim-lokomotywa-wypadla-z-torow-utrudnienia-i-opoznienia-na-kolei","status":"publish","type":"post","link":"https:\/\/lifevery.biz.ua\/?p=22006","title":{"rendered":"Wykolejenie poci\u0105gu w woj. \u015bwi\u0119tokrzyskim, lokomotywa wypad\u0142a z tor\u00f3w. Utrudnienia i op\u00f3\u017anienia na kolei"},"content":{"rendered":"\n<p class=\"wp-block-paragraph\">Wykolejenie poci\u0105gu w woj. \u015bwi\u0119tokrzyskim, lokomotywa wypad\u0142a z tor\u00f3w. Utrudnienia i op\u00f3\u017anienia na kolei<\/p>\n\n\n\n<p class=\"wp-block-paragraph\">fot. Ochotnicza Stra\u017c Po\u017carna Zagna\u0144sk-Chrusty\/facebook<br>Gro\u017anie wygl\u0105daj\u0105ce zdarzenie na kolei w wojew\u00f3dztwie \u015bwi\u0119tokrzyskim. Na stacji Zagna\u0144sk dosz\u0142o do wykolejenia lokomotywy poci\u0105gu towarowego. Na miejsce skierowano stra\u017c po\u017carn\u0105, policj\u0119, S\u0142u\u017cb\u0119 Ochrony Kolei oraz s\u0142u\u017cby kolejowe, kt\u00f3re zaj\u0119\u0142y si\u0119 zabezpieczeniem miejsca i usuwaniem skutk\u00f3w incydentu.<\/p>\n\n\n\n<p class=\"wp-block-paragraph\">Wykolejenie podczas manewr\u00f3w. Lokomotywa zjecha\u0142a z szyn<br>Do zdarzenia dosz\u0142o w \u015brod\u0119 na stacji Zagna\u0144sk w powiecie kieleckim w wojew\u00f3dztwie \u015bwi\u0119tokrzyskim. Jak wynika z informacji przekazanych przez s\u0142u\u017cby, zg\u0142oszenie wp\u0142yn\u0119\u0142o o godz. 18.40. Ze wst\u0119pnych ustale\u0144 wynika, \u017ce wykolejenie nast\u0105pi\u0142o podczas wykonywania jazdy manewrowej, gdy cz\u0119\u015b\u0107 k\u00f3\u0142 lokomotywy wypad\u0142a z szyn.<\/p>\n\n\n\n<p class=\"wp-block-paragraph\">Maszyna prowadzi\u0142a sk\u0142ad towarowy licz\u0105cy 14 wagon\u00f3w za\u0142adowanych kruszywem. Sytuacja wymaga\u0142a natychmiastowej interwencji s\u0142u\u017cb ratunkowych oraz kolejowych. Stra\u017cacy zabezpieczyli miejsce zdarzenia do czasu przej\u0119cia dzia\u0142a\u0144 przez s\u0142u\u017cby odpowiedzialne za infrastruktur\u0119 kolejow\u0105. Jak poinformowano w wyniku wykolejenia nie odnotowano \u017cadnych os\u00f3b poszkodowanych.<\/p>\n\n\n\n<p class=\"wp-block-paragraph\">fot. Ochotnicza Stra\u017c Po\u017carna Zagna\u0144sk-Chrusty\/facebook<br>Stra\u017cacy zabezpieczyli miejsce zdarzenia. W akcji uczestniczy\u0142y tak\u017ce policja i SOK<br>Po otrzymaniu zg\u0142oszenia na miejsce skierowano dwa zast\u0119py Pa\u0144stwowej i Ochotniczej Stra\u017cy Po\u017carnej. Ich zadaniem by\u0142o zabezpieczenie terenu oraz zapewnienie bezpiecze\u0144stwa do momentu przej\u0119cia dzia\u0142a\u0144 przez s\u0142u\u017cby kolejowe.&nbsp;<\/p>\n\n\n\n<p class=\"wp-block-paragraph\">Przebieg interwencji podsumowa\u0142a tak\u017ce jednostka OSP Zagna\u0144sk-Chrusty, kt\u00f3ra bra\u0142a udzia\u0142 w dzia\u0142aniach.&nbsp;<\/p>\n\n\n\n<p class=\"wp-block-paragraph\">W dniu dzisiejszym zostali\u015bmy zadysponowani do zdarzenia z udzia\u0142em poci\u0105gu towarowego, w kt\u00f3rym dosz\u0142o do wykolejenia lokomotywy. Nasze dzia\u0142ania polega\u0142y na zabezpieczeniu miejsca zdarzenia. Po wykonaniu niezb\u0119dnych czynno\u015bci miejsce zdarzenia przekazano odpowiednim s\u0142u\u017cbom, a zast\u0119py powr\u00f3ci\u0142y do koszar \u2013 przekazano.<\/p>\n\n\n\n<p class=\"wp-block-paragraph\">Jednostka wskaza\u0142a r\u00f3wnie\u017c, \u017ce w dzia\u0142aniach uczestniczy\u0142y JRG 2 Kielce, policja oraz S\u0142u\u017cba Ochrony Kolei.<br>PKP PLK o skutkach wykolejenia. Pasa\u017cerowie musieli liczy\u0107 si\u0119 z op\u00f3\u017anieniami<br>Do zdarzenia odni\u00f3s\u0142 si\u0119 tak\u017ce Tomasz \u0141atowski z zespo\u0142u prasowego PKP Polskich Linii Kolejowych. W rozmowie z RMF FM przekaza\u0142, \u017ce na miejscu pracowa\u0142y s\u0142u\u017cby kolejowe, kt\u00f3re zajmowa\u0142y si\u0119 usuni\u0119ciem skutk\u00f3w wykolejenia oraz zabezpieczeniem infrastruktury.<br><\/p>\n\n\n\n<p class=\"wp-block-paragraph\">Na miejscu wypadku dzia\u0142aj\u0105 s\u0142u\u017cby kolejowe. Wagonami przewo\u017cone by\u0142o kruszywo \u2013 przekaza\u0142 RMF FM Tomasz \u0141atowski z zespo\u0142u prasowego PKP PLK.<\/p>\n\n\n\n<p class=\"wp-block-paragraph\">Przedstawiciel PKP PLK poinformowa\u0142 r\u00f3wnie\u017c, \u017ce pasa\u017cerowie podr\u00f3\u017cuj\u0105cy poci\u0105gami na trasie Krak\u00f3w \u2013 Skar\u017cysko-Kamienna mogli napotka\u0107 utrudnienia. Ruch poci\u0105g\u00f3w wstrzymano na czas dzia\u0142ania s\u0142u\u017cb, dlatego op\u00f3\u017anienia mog\u0142y si\u0119ga\u0107 nawet kilkudziesi\u0119ciu minut. R\u00f3wnocze\u015bnie s\u0142u\u017cby kolejowe prowadzi\u0142y czynno\u015bci maj\u0105ce na celu przywr\u00f3cenie pe\u0142nej sprawno\u015bci infrastruktury oraz ustalenie dok\u0142adnych okoliczno\u015bci wykolejenia.<br><\/p>\n","protected":false},"excerpt":{"rendered":"Wykolejenie poci\u0105gu w woj. \u015bwi\u0119tokrzyskim, lokomotywa wypad\u0142a z tor\u00f3w. Utrudnienia i op\u00f3\u017anienia na kolei fot. Ochotnicza Stra\u017c Po\u017carna Zagna\u0144sk-Chrusty\/facebookGro\u017anie wygl\u0105daj\u0105ce zdarzenie na kolei \n<a class=\"moretag\" href=\"https:\/\/lifevery.biz.ua\/?p=22006\"> [...]<\/a>","protected":false},"author":1,"featured_media":22007,"comment_status":"open","ping_status":"open","sticky":false,"template":"","format":"standard","meta":{"footnotes":""},"categories":[1],"tags":[],"class_list":["post-22006","post","type-post","status-publish","format-standard","has-post-thumbnail","hentry","category-blog"],"_links":{"self":[{"href":"https:\/\/lifevery.biz.ua\/index.php?rest_route=\/wp\/v2\/posts\/22006","targetHints":{"allow":["GET"]}}],"collection":[{"href":"https:\/\/lifevery.biz.ua\/index.php?rest_route=\/wp\/v2\/posts"}],"about":[{"href":"https:\/\/lifevery.biz.ua\/index.php?rest_route=\/wp\/v2\/types\/post"}],"author":[{"embeddable":true,"href":"https:\/\/lifevery.biz.ua\/index.php?rest_route=\/wp\/v2\/users\/1"}],"replies":[{"embeddable":true,"href":"https:\/\/lifevery.biz.ua\/index.php?rest_route=%2Fwp%2Fv2%2Fcomments&post=22006"}],"version-history":[{"count":1,"href":"https:\/\/lifevery.biz.ua\/index.php?rest_route=\/wp\/v2\/posts\/22006\/revisions"}],"predecessor-version":[{"id":22008,"href":"https:\/\/lifevery.biz.ua\/index.php?rest_route=\/wp\/v2\/posts\/22006\/revisions\/22008"}],"wp:featuredmedia":[{"embeddable":true,"href":"https:\/\/lifevery.biz.ua\/index.php?rest_route=\/wp\/v2\/media\/22007"}],"wp:attachment":[{"href":"https:\/\/lifevery.biz.ua\/index.php?rest_route=%2Fwp%2Fv2%2Fmedia&parent=22006"}],"wp:term":[{"taxonomy":"category","embeddable":true,"href":"https:\/\/lifevery.biz.ua\/index.php?rest_route=%2Fwp%2Fv2%2Fcategories&post=22006"},{"taxonomy":"post_tag","embeddable":true,"href":"https:\/\/lifevery.biz.ua\/index.php?rest_route=%2Fwp%2Fv2%2Ftags&post=22006"}],"curies":[{"name":"wp","href":"https:\/\/api.w.org\/{rel}","templated":true}]}}