{"id":22003,"date":"2026-09-04T05:01:42","date_gmt":"2026-09-04T05:01:42","guid":{"rendered":"https:\/\/lifevery.biz.ua\/?p=22003"},"modified":"2026-09-04T05:01:43","modified_gmt":"2026-09-04T05:01:43","slug":"pociag-kolei-dolnoslaskich-zderzyl-sie-z-ciagnikiem-rolniczym-na-pokladzie-bylo-91-osob","status":"publish","type":"post","link":"https:\/\/lifevery.biz.ua\/?p=22003","title":{"rendered":"Poci\u0105g Kolei Dolno\u015bl\u0105skich zderzy\u0142 si\u0119 z ci\u0105gnikiem rolniczym. Na pok\u0142adzie by\u0142o 91 os\u00f3b"},"content":{"rendered":"\n<p class=\"wp-block-paragraph\">Poci\u0105g Kolei Dolno\u015bl\u0105skich zderzy\u0142 si\u0119 z ci\u0105gnikiem rolniczym. Na pok\u0142adzie by\u0142o 91 os\u00f3b<\/p>\n\n\n\n<p class=\"wp-block-paragraph\">fot. Komenda Miejska Pa\u0144stwowej Stra\u017cy Po\u017carnej we Wroc\u0142awiu\/facebook<br>Gro\u017anie wygl\u0105daj\u0105cy wypadek na przeje\u017adzie kolejowym w podwroc\u0142awskich Micha\u0142owicach zako\u0144czy\u0142 si\u0119 bez obra\u017ce\u0144 w\u015br\u00f3d pasa\u017cer\u00f3w. Poci\u0105g Kolei Dolno\u015bl\u0105skich relacji Trzebnica\u2013Bielawa zderzy\u0142 si\u0119 z ci\u0105gnikiem rolniczym. Sk\u0142adem podr\u00f3\u017cowa\u0142o 91 os\u00f3b, a na miejscu pracowa\u0142y s\u0142u\u017cby.<\/p>\n\n\n\n<p class=\"wp-block-paragraph\">Zderzenie poci\u0105gu z traktorem na przeje\u017adzie kolejowym<br>Do zdarzenia dosz\u0142o w \u015brod\u0119, 22 lipca, o godz. 10:44 na przeje\u017adzie kolejowym w Micha\u0142owicach w gminie Sob\u00f3tka (powiat wroc\u0142awski). Stanowisko Kierowania Komendanta Miejskiego Pa\u0144stwowej Stra\u017cy Po\u017carnej we Wroc\u0142awiu otrzyma\u0142o zg\u0142oszenie o zderzeniu poci\u0105gu pasa\u017cerskiego z ci\u0105gnikiem rolniczym.<\/p>\n\n\n\n<p class=\"wp-block-paragraph\">Jak przekaza\u0142y s\u0142u\u017cby, po przybyciu stra\u017cak\u00f3w potwierdzono, \u017ce na przeje\u017adzie kolejowym dosz\u0142o do zderzenia poci\u0105gu relacji Trzebnica\u2013Bielawa, obs\u0142ugiwanego przez Koleje Dolno\u015bl\u0105skie, z ci\u0105gnikiem rolniczym. W dzia\u0142ania zaanga\u017cowanych by\u0142o \u0142\u0105cznie 12 stra\u017cak\u00f3w z Jednostki Ratowniczo-Ga\u015bniczej nr 6 w K\u0105tach Wroc\u0142awskich, Ochotniczej Stra\u017cy Po\u017carnej w Sob\u00f3tce oraz Komendy Miejskiej PSP we Wroc\u0142awiu. Na miejscu pracowali r\u00f3wnie\u017c policjanci, zesp\u00f3\u0142 ratownictwa medycznego oraz funkcjonariusze Stra\u017cy Ochrony Kolei.<\/p>\n\n\n\n<p class=\"wp-block-paragraph\">Komunikat Komendy Miejskiej Pa\u0144stwowej Stra\u017cy Po\u017carnej we Wroc\u0142awiu szczeg\u00f3\u0142owo opisuje przebieg akcji ratowniczej.<\/p>\n\n\n\n<p class=\"wp-block-paragraph\">Dzia\u0142ania stra\u017cy po\u017carnej polega\u0142y na: zabezpieczeniu miejsca zdarzenia, udzieleniu kwalifikowanej pierwszej pomocy kierowcy ci\u0105gnika rolniczego, udzieleniu pomocy osobom podr\u00f3\u017cuj\u0105cym przy bezpiecznej przesiadce do komunikacji zast\u0119pczej \u2013 przekaza\u0142 st. sekc. Marcin Sujecki z Komendy Miejskiej Pa\u0144stwowej Stra\u017cy Po\u017carnej we Wroc\u0142awiu w komunikacie.<\/p>\n\n\n\n<p class=\"wp-block-paragraph\">Akcja zako\u0144czy\u0142a si\u0119 o godz. 12:15, po zabezpieczeniu miejsca zdarzenia i zako\u0144czeniu wszystkich niezb\u0119dnych czynno\u015bci.<\/p>\n\n\n\n<p class=\"wp-block-paragraph\">fot. Komenda Miejska Pa\u0144stwowej Stra\u017cy Po\u017carnej we Wroc\u0142awiu\/facebook<\/p>\n\n\n\n<p class=\"wp-block-paragraph\">nie wymagali hospitalizacji<br>Poci\u0105giem podr\u00f3\u017cowa\u0142o 91 pasa\u017cer\u00f3w oraz obs\u0142uga sk\u0142adu. Mimo powa\u017cnie wygl\u0105daj\u0105cego zderzenia \u017cadna z os\u00f3b znajduj\u0105cych si\u0119 w poci\u0105gu nie odnios\u0142a obra\u017ce\u0144 wymagaj\u0105cych hospitalizacji. Stra\u017cacy udzielili pomocy podr\u00f3\u017cnym podczas bezpiecznej przesiadki do komunikacji zast\u0119pczej, dzi\u0119ki czemu mogli oni kontynuowa\u0107 podr\u00f3\u017c.<\/p>\n\n\n\n<p class=\"wp-block-paragraph\">Jedyn\u0105 osob\u0105, kt\u00f3ra wymaga\u0142a pomocy medycznej, by\u0142 kierowca ci\u0105gnika rolniczego. Ratownicy stra\u017cy po\u017carnej udzielili mu kwalifikowanej pierwszej pomocy, a nast\u0119pnie przekazali pod opiek\u0119 zespo\u0142u ratownictwa medycznego. Z przekazanych przez Gazet\u0119 Wroc\u0142awsk\u0105 informacji wynika, \u017ce nie by\u0142o konieczno\u015bci transportowania go do szpitala. R\u00f3wnie\u017c \u017caden z pasa\u017cer\u00f3w poci\u0105gu nie zosta\u0142 przewieziony do plac\u00f3wki medycznej.<\/p>\n\n\n\n<p class=\"wp-block-paragraph\">W wyniku zdarzenia stra\u017cacy jednej osobie udzielili KPP. Po przybyciu na miejsce dzia\u0142a\u0144 Zespo\u0142u Ratownictwa Medycznego przekazano osob\u0119 pod ich opiek\u0119. Poci\u0105giem podr\u00f3\u017cowa\u0142o 91 os\u00f3b. Podr\u00f3\u017cuj\u0105cy sk\u0142adem odm\u00f3wili udzielenia pomocy medycznej \u2013 czytamy w komunikacie stra\u017cy po\u017carnej.<\/p>\n\n\n\n<p class=\"wp-block-paragraph\">Oznacza to, \u017ce mimo si\u0142y zderzenia sytuacj\u0119 uda\u0142o si\u0119 szybko opanowa\u0107, a najwa\u017cniejszym zadaniem s\u0142u\u017cb by\u0142o zabezpieczenie miejsca wypadku i zapewnienie bezpiecznej organizacji dalszej podr\u00f3\u017cy pasa\u017cerom.<br><\/p>\n\n\n\n<p class=\"wp-block-paragraph\">Jak podaje Gazeta Wroc\u0142awska powo\u0142uj\u0105c si\u0119 na asp. szt Ann\u0119 Nicer z Komendy Miejskiej Policji sprawc\u0105 zdarzenia by\u0142 kierowca ci\u0105gnika. Wed\u0142ug przekazanych informacji sprawa zako\u0144czy\u0142a si\u0119 na\u0142o\u017ceniem na niego mandatu karnego. Na obecnym etapie nie przekazano informacji o innych konsekwencjach prawnych ani o dodatkowych osobach poszkodowanych.<\/p>\n\n\n\n<p class=\"wp-block-paragraph\">Cho\u0107 wypadek wygl\u0105da\u0142 bardzo gro\u017anie, zako\u0144czy\u0142 si\u0119 bez obra\u017ce\u0144 w\u015br\u00f3d pasa\u017cer\u00f3w poci\u0105gu. S\u0142u\u017cby sprawnie zabezpieczy\u0142y miejsce zdarzenia, udzieli\u0142y pomocy kierowcy ci\u0105gnika oraz zorganizowa\u0142y bezpieczn\u0105 przesiadk\u0119 podr\u00f3\u017cnych do komunikacji zast\u0119pczej. Dzi\u0119ki temu akcj\u0119 uda\u0142o si\u0119 zako\u0144czy\u0107 w niespe\u0142na p\u00f3\u0142torej godziny od przyj\u0119cia zg\u0142oszenia.<br><\/p>\n","protected":false},"excerpt":{"rendered":"Poci\u0105g Kolei Dolno\u015bl\u0105skich zderzy\u0142 si\u0119 z ci\u0105gnikiem rolniczym. Na pok\u0142adzie by\u0142o 91 os\u00f3b fot. Komenda Miejska Pa\u0144stwowej Stra\u017cy Po\u017carnej we Wroc\u0142awiu\/facebookGro\u017anie wygl\u0105daj\u0105cy wypadek \n<a class=\"moretag\" href=\"https:\/\/lifevery.biz.ua\/?p=22003\"> [...]<\/a>","protected":false},"author":1,"featured_media":22004,"comment_status":"open","ping_status":"open","sticky":false,"template":"","format":"standard","meta":{"footnotes":""},"categories":[1],"tags":[],"class_list":["post-22003","post","type-post","status-publish","format-standard","has-post-thumbnail","hentry","category-blog"],"_links":{"self":[{"href":"https:\/\/lifevery.biz.ua\/index.php?rest_route=\/wp\/v2\/posts\/22003","targetHints":{"allow":["GET"]}}],"collection":[{"href":"https:\/\/lifevery.biz.ua\/index.php?rest_route=\/wp\/v2\/posts"}],"about":[{"href":"https:\/\/lifevery.biz.ua\/index.php?rest_route=\/wp\/v2\/types\/post"}],"author":[{"embeddable":true,"href":"https:\/\/lifevery.biz.ua\/index.php?rest_route=\/wp\/v2\/users\/1"}],"replies":[{"embeddable":true,"href":"https:\/\/lifevery.biz.ua\/index.php?rest_route=%2Fwp%2Fv2%2Fcomments&post=22003"}],"version-history":[{"count":1,"href":"https:\/\/lifevery.biz.ua\/index.php?rest_route=\/wp\/v2\/posts\/22003\/revisions"}],"predecessor-version":[{"id":22005,"href":"https:\/\/lifevery.biz.ua\/index.php?rest_route=\/wp\/v2\/posts\/22003\/revisions\/22005"}],"wp:featuredmedia":[{"embeddable":true,"href":"https:\/\/lifevery.biz.ua\/index.php?rest_route=\/wp\/v2\/media\/22004"}],"wp:attachment":[{"href":"https:\/\/lifevery.biz.ua\/index.php?rest_route=%2Fwp%2Fv2%2Fmedia&parent=22003"}],"wp:term":[{"taxonomy":"category","embeddable":true,"href":"https:\/\/lifevery.biz.ua\/index.php?rest_route=%2Fwp%2Fv2%2Fcategories&post=22003"},{"taxonomy":"post_tag","embeddable":true,"href":"https:\/\/lifevery.biz.ua\/index.php?rest_route=%2Fwp%2Fv2%2Ftags&post=22003"}],"curies":[{"name":"wp","href":"https:\/\/api.w.org\/{rel}","templated":true}]}}