{"id":2199,"date":"2026-02-06T03:41:35","date_gmt":"2026-02-06T03:41:35","guid":{"rendered":"https:\/\/lifevery.biz.ua\/?p=2199"},"modified":"2026-02-06T03:41:35","modified_gmt":"2026-02-06T03:41:35","slug":"brutalne-pobicie-10-latka-w-koszalinskiej-podstawowce-mamy-stanowisko-policji-i-kuratorium","status":"publish","type":"post","link":"https:\/\/lifevery.biz.ua\/?p=2199","title":{"rendered":"Brutalne pobicie 10-latka w koszali\u0144skiej podstaw\u00f3wce. Mamy stanowisko policji i kuratorium"},"content":{"rendered":"\n<p>Do aktu przemocy r\u00f3wie\u015bniczej dosz\u0142o w Szkole Podstawowej nr 3 w Koszalinie. Ofiar\u0105 napa\u015bci pad\u0142 10-letni ucze\u0144, kt\u00f3ry zosta\u0142 dotkliwie pobity przez starszych koleg\u00f3w. Ch\u0142opiec z powa\u017cnymi obra\u017ceniami zosta\u0142 przetransportowany do szpitala.<\/p>\n\n\n\n<p>Atak na szkolnym korytarzu<br>Wed\u0142ug relacji \u015bwiadk\u00f3w i zaniepokojonych rodzic\u00f3w, do zdarzenia dosz\u0142o w miniony pi\u0105tek na szkolnym korytarzu. Grupa uczni\u00f3w z klas sz\u00f3stych zaatakowa\u0142a m\u0142odszego ch\u0142opca. Agresja by\u0142a na tyle silna, \u017ce konieczna by\u0142a natychmiastowa interwencja medyczna \u2013 nieoficjalne doniesienia m\u00f3wi\u0105 o podejrzeniu z\u0142amania \u017ceber i og\u00f3lnych pot\u0142uczeniach. Na teren plac\u00f3wki wezwano r\u00f3wnie\u017c patrol policji.<\/p>\n\n\n\n<p>Rzecznik Komendy Miejskiej Policji w Koszalinie Aspirant Izabela Sreberska poinformowa\u0142a:<\/p>\n\n\n\n<p>-13-latek i dw\u00f3ch 12-latk\u00f3w zacz\u0119\u0142o szarpa\u0107, popycha\u0107 i uderza\u0107 po ca\u0142ym ciele 10-latka, kt\u00f3ry r\u00f3wnie\u017c by\u0142 uczniem Szko\u0142y Podstawowej im. Jana Twardowskiego nr 3 w Koszalinie. 10-latek zosta\u0142 przetransportowany do Szpitala Wojew\u00f3dzkiego. Po rozmowie z pedagogiem, funkcjonariusze dowiedzieli si\u0119, \u017ce ju\u017c wcze\u015bniej, zar\u00f3wno z 12-latkami jak i 13-latkiem by\u0142y problemy wychowance. Zebrano dokumentacje, kt\u00f3r\u0105 przekazano do s\u0105du rodzinnego, i to s\u0105 rodzinny zadecyduje o tym czy zastosowa\u0107, a je\u017celi tak to jaki \u015brodek wychowawczy.\u00a0<br><\/p>\n\n\n\n<p>S\u0105d rodzinny i gniew rodzic\u00f3w<br>Rodzice uczni\u00f3w SP3 alarmuj\u0105, \u017ce to nie pierwszy taki przypadek w tej plac\u00f3wce. Zaledwie kilka miesi\u0119cy wcze\u015bniej g\u0142o\u015bno by\u0142o o sprawie n\u0119kania innej uczennicy.&nbsp;<\/p>\n\n\n\n<p>Rzecznik Kuratorium O\u015bwiaty w Szczecinie Agnieszka Lisowska informuje:<\/p>\n\n\n\n<p>\u2013 Zachodniopomorski kurator zleci\u0142 ju\u017c kontrole dora\u017an\u0105, czyli tak\u0105, kt\u00f3ra jest przeprowadzona bez wcze\u015bniejszego planowania, w momencie gdy dzieje si\u0119 cos niepokoj\u0105cego. Wizytatorzy b\u0119d\u0105 na miejscu i zapoznaj\u0105 si\u0119 z dokumentacj\u0105. Decyzja co dalej, b\u0119dzie podj\u0119ta dopiero po zako\u0144czeniu kontroli.<\/p>\n\n\n\n<p>Rodzice w rozpaczy<br>Opiekunowie domagaj\u0105 si\u0119 od dyrekcji szko\u0142y zdecydowanych dzia\u0142a\u0144 prewencyjnych oraz surowych konsekwencji dla sprawc\u00f3w przemocy, obawiaj\u0105c si\u0119 o bezpiecze\u0144stwo swoich dzieci.\u00a0<br><\/p>\n","protected":false},"excerpt":{"rendered":"Do aktu przemocy r\u00f3wie\u015bniczej dosz\u0142o w Szkole Podstawowej nr 3 w Koszalinie. Ofiar\u0105 napa\u015bci pad\u0142 10-letni ucze\u0144, kt\u00f3ry zosta\u0142 dotkliwie pobity przez starszych \n<a class=\"moretag\" href=\"https:\/\/lifevery.biz.ua\/?p=2199\"> [...]<\/a>","protected":false},"author":1,"featured_media":2200,"comment_status":"open","ping_status":"open","sticky":false,"template":"","format":"standard","meta":{"footnotes":""},"categories":[1],"tags":[],"class_list":["post-2199","post","type-post","status-publish","format-standard","has-post-thumbnail","hentry","category-blog"],"_links":{"self":[{"href":"https:\/\/lifevery.biz.ua\/index.php?rest_route=\/wp\/v2\/posts\/2199","targetHints":{"allow":["GET"]}}],"collection":[{"href":"https:\/\/lifevery.biz.ua\/index.php?rest_route=\/wp\/v2\/posts"}],"about":[{"href":"https:\/\/lifevery.biz.ua\/index.php?rest_route=\/wp\/v2\/types\/post"}],"author":[{"embeddable":true,"href":"https:\/\/lifevery.biz.ua\/index.php?rest_route=\/wp\/v2\/users\/1"}],"replies":[{"embeddable":true,"href":"https:\/\/lifevery.biz.ua\/index.php?rest_route=%2Fwp%2Fv2%2Fcomments&post=2199"}],"version-history":[{"count":1,"href":"https:\/\/lifevery.biz.ua\/index.php?rest_route=\/wp\/v2\/posts\/2199\/revisions"}],"predecessor-version":[{"id":2201,"href":"https:\/\/lifevery.biz.ua\/index.php?rest_route=\/wp\/v2\/posts\/2199\/revisions\/2201"}],"wp:featuredmedia":[{"embeddable":true,"href":"https:\/\/lifevery.biz.ua\/index.php?rest_route=\/wp\/v2\/media\/2200"}],"wp:attachment":[{"href":"https:\/\/lifevery.biz.ua\/index.php?rest_route=%2Fwp%2Fv2%2Fmedia&parent=2199"}],"wp:term":[{"taxonomy":"category","embeddable":true,"href":"https:\/\/lifevery.biz.ua\/index.php?rest_route=%2Fwp%2Fv2%2Fcategories&post=2199"},{"taxonomy":"post_tag","embeddable":true,"href":"https:\/\/lifevery.biz.ua\/index.php?rest_route=%2Fwp%2Fv2%2Ftags&post=2199"}],"curies":[{"name":"wp","href":"https:\/\/api.w.org\/{rel}","templated":true}]}}