{"id":21914,"date":"2026-09-02T18:55:35","date_gmt":"2026-09-02T18:55:35","guid":{"rendered":"https:\/\/lifevery.biz.ua\/?p=21914"},"modified":"2026-09-02T18:55:35","modified_gmt":"2026-09-02T18:55:35","slug":"smiertelny-wypadek-na-dk19-osobowka-zderzyla-sie-czolowo-z-ciezarowka-nie-zyje-33-latek","status":"publish","type":"post","link":"https:\/\/lifevery.biz.ua\/?p=21914","title":{"rendered":"\u015amiertelny wypadek na DK19. Osob\u00f3wka zderzy\u0142a si\u0119 czo\u0142owo z ci\u0119\u017car\u00f3wk\u0105, nie \u017cyje 33-latek"},"content":{"rendered":"\n<p class=\"wp-block-paragraph\">Wypadek na DK19, fot. KPP Lubart\u00f3w<br>Tragiczny wypadek wydarzy\u0142 si\u0119 w sobot\u0119 rano na drodze krajowej nr 19. Samoch\u00f3d osobowy zderzy\u0142 si\u0119 tam z ci\u0119\u017car\u00f3wk\u0105. Kierowca osob\u00f3wki zgin\u0105\u0142 na miejscu. Przez kilka godzin trasa by\u0142a zablokowana, a ruch kierowano objazdami. Policja pod nadzorem prokuratora ustala, co doprowadzi\u0142o do tragedii.<\/p>\n\n\n\n<p class=\"wp-block-paragraph\">\u015amiertelny wypadek na DK19 w \u0141uk\u00f3wcu. Volkswagen zderzy\u0142 si\u0119 ze Scani\u0105<br>Do wypadku dosz\u0142o w sobot\u0119 oko\u0142o godziny 6:00 rano na drodze krajowej nr 19. Zdarzenie mia\u0142o miejsce w \u0141uk\u00f3wcu, po\u0142o\u017conym na terenie gminy Firlej. W kolizji uczestniczy\u0142y samoch\u00f3d osobowy marki Volkswagen oraz pojazd ci\u0119\u017carowy marki Scania.<\/p>\n\n\n\n<p class=\"wp-block-paragraph\">Z informacji przekazanych przez policj\u0119 wynika, \u017ce oba pojazdy zderzy\u0142y si\u0119 czo\u0142owo. Skutki wypadku okaza\u0142y si\u0119 tragiczne dla kierowcy samochodu osobowego. M\u0119\u017cczyzna odni\u00f3s\u0142 obra\u017cenia, w wyniku kt\u00f3rych poni\u00f3s\u0142 \u015bmier\u0107 na miejscu.<\/p>\n\n\n\n<p class=\"wp-block-paragraph\">Ofiar\u0105 by\u0142 33-letni obywatel Ukrainy. To on kierowa\u0142 Volkswagenem, kt\u00f3ry wed\u0142ug wst\u0119pnych ustale\u0144 policjant\u00f3w zjecha\u0142 na cz\u0119\u015b\u0107 jezdni przeznaczon\u0105 dla pojazd\u00f3w poruszaj\u0105cych si\u0119 w przeciwnym kierunku.<\/p>\n\n\n\n<p class=\"wp-block-paragraph\">Wypadek na DK19, fot. KPP Lubart\u00f3w<br>Na obecnym etapie post\u0119powania nie ustalono, dlaczego kierowca osob\u00f3wki zmieni\u0142 tor jazdy. Policja podkre\u015bla, \u017ce przyczyna zjechania Volkswagena na przeciwleg\u0142y pas pozostaje niewyja\u015bniona.<\/p>\n\n\n\n<p class=\"wp-block-paragraph\">Pierwsze informacje dotycz\u0105ce przebiegu zdarzenia przekaza\u0142 m\u0142. asp. Marcin Bajon z Komendy Powiatowej Policji w Lubartowie. Zastrzeg\u0142 on, \u017ce przedstawione ustalenia maj\u0105 charakter wst\u0119pny i b\u0119d\u0105 jeszcze szczeg\u00f3\u0142owo weryfikowane.<\/p>\n\n\n\n<p class=\"wp-block-paragraph\">\u2013 Z wst\u0119pnych ustale\u0144 wynika, \u017ce kieruj\u0105cy Volkswagenem z niewyja\u015bnionych przyczyn zjecha\u0142 na przeciwleg\u0142y pas ruchu i zderzy\u0142 si\u0119 czo\u0142owo z tirem. W wyniku odniesionych obra\u017ce\u0144 \u015bmier\u0107 na miejscu poni\u00f3s\u0142 33-letni obywatel Ukrainy kieruj\u0105cy osob\u00f3wk\u0105 \u2013 przekaza\u0142 m\u0142. asp. Marcin Bajon z KPP w Lubartowie.<\/p>\n\n\n\n<p class=\"wp-block-paragraph\">Na miejscu rozpocz\u0119\u0142y si\u0119 czynno\u015bci maj\u0105ce odtworzy\u0107 dok\u0142adny przebieg wypadku. Policjanci zabezpieczyli teren zdarzenia, a dzia\u0142ania funkcjonariuszy by\u0142y prowadzone pod nadzorem prokuratora.<br><\/p>\n\n\n\n<p class=\"wp-block-paragraph\">Policja ustala przyczyn\u0119 czo\u0142owego zderzenia na drodze krajowej nr 19<br>Najwa\u017cniejszym zadaniem s\u0142u\u017cb jest obecnie wyja\u015bnienie, co wydarzy\u0142o si\u0119 bezpo\u015brednio przed czo\u0142owym zderzeniem. Wst\u0119pne ustalenia wskazuj\u0105 na zjechanie Volkswagena na przeciwleg\u0142y pas, jednak nie wyja\u015bniaj\u0105, co doprowadzi\u0142o do takiego manewru.<\/p>\n\n\n\n<p class=\"wp-block-paragraph\">Policja nie poda\u0142a informacji, kt\u00f3re pozwala\u0142yby jednoznacznie wskaza\u0107 przyczyn\u0119 zachowania kierowcy samochodu osobowego. Nie przekazano r\u00f3wnie\u017c \u017cadnych dodatkowych okoliczno\u015bci poprzedzaj\u0105cych wypadek. Z tego powodu s\u0142u\u017cby nie formu\u0142uj\u0105 obecnie ostatecznych wniosk\u00f3w.<\/p>\n\n\n\n<p class=\"wp-block-paragraph\">\u2013 Ustalamy szczeg\u00f3\u0142owe okoliczno\u015bci oraz przyczyny tego tragicznego w skutkach zdarzenia \u2013 doda\u0142 m\u0142. asp. Marcin Bajon z Komendy Powiatowej Policji w Lubartowie.<\/p>\n\n\n\n<p class=\"wp-block-paragraph\">Czynno\u015bci prowadzone pod nadzorem prokuratora maj\u0105 umo\u017cliwi\u0107 uporz\u0105dkowanie wszystkich informacji dotycz\u0105cych wypadku. Funkcjonariusze musz\u0105 ustali\u0107 nie tylko dok\u0142adny spos\u00f3b poruszania si\u0119 pojazd\u00f3w, lecz tak\u017ce okoliczno\u015bci, w kt\u00f3rych osobowy Volkswagen znalaz\u0142 si\u0119 na pasie przeznaczonym dla ruchu z przeciwnego kierunku.<\/p>\n\n\n\n<p class=\"wp-block-paragraph\">Na podstawie przekazanych informacji wiadomo, \u017ce wypadek nast\u0105pi\u0142 wcze\u015bnie rano. Do zderzenia dosz\u0142o oko\u0142o godziny 6:00, gdy oba pojazdy znajdowa\u0142y si\u0119 na odcinku drogi krajowej nr 19 przebiegaj\u0105cym przez miejscowo\u015b\u0107 \u0141uk\u00f3wiec.<\/p>\n\n\n\n<p class=\"wp-block-paragraph\">Zdarzenie mia\u0142o powa\u017cne konsekwencje r\u00f3wnie\u017c dla organizacji ruchu na tej trasie. Ze wzgl\u0119du na dzia\u0142ania s\u0142u\u017cb i konieczno\u015b\u0107 zabezpieczenia miejsca wypadku przejazd wskazanym odcinkiem DK19 nie by\u0142 mo\u017cliwy.<\/p>\n\n\n\n<p class=\"wp-block-paragraph\">Droga zosta\u0142a zablokowana na kilka godzin. W tym czasie policjanci zabezpieczali wjazdy na odcinek obj\u0119ty dzia\u0142aniami i nie dopuszczali do przejazdu przez miejsce, w kt\u00f3rym prowadzone by\u0142y czynno\u015bci.<\/p>\n\n\n\n<p class=\"wp-block-paragraph\">Ruch zosta\u0142 skierowany na lokalne objazdy. Funkcjonariusze wskazywali kierowcom alternatywne trasy, aby pojazdy mog\u0142y omin\u0105\u0107 zablokowany fragment drogi krajowej nr 19.<\/p>\n\n\n\n<p class=\"wp-block-paragraph\">Takie rozwi\u0105zanie obowi\u0105zywa\u0142o przez czas potrzebny do wykonania dzia\u0142a\u0144 na miejscu wypadku. Materia\u0142 \u017ar\u00f3d\u0142owy nie wskazuje dok\u0142adnej godziny zako\u0144czenia utrudnie\u0144, podaje jednak, \u017ce blokada trwa\u0142a przez kilka godzin.<br><\/p>\n","protected":false},"excerpt":{"rendered":"Wypadek na DK19, fot. KPP Lubart\u00f3wTragiczny wypadek wydarzy\u0142 si\u0119 w sobot\u0119 rano na drodze krajowej nr 19. Samoch\u00f3d osobowy zderzy\u0142 si\u0119 tam z \n<a class=\"moretag\" href=\"https:\/\/lifevery.biz.ua\/?p=21914\"> [...]<\/a>","protected":false},"author":1,"featured_media":21915,"comment_status":"open","ping_status":"open","sticky":false,"template":"","format":"standard","meta":{"footnotes":""},"categories":[1],"tags":[],"class_list":["post-21914","post","type-post","status-publish","format-standard","has-post-thumbnail","hentry","category-blog"],"_links":{"self":[{"href":"https:\/\/lifevery.biz.ua\/index.php?rest_route=\/wp\/v2\/posts\/21914","targetHints":{"allow":["GET"]}}],"collection":[{"href":"https:\/\/lifevery.biz.ua\/index.php?rest_route=\/wp\/v2\/posts"}],"about":[{"href":"https:\/\/lifevery.biz.ua\/index.php?rest_route=\/wp\/v2\/types\/post"}],"author":[{"embeddable":true,"href":"https:\/\/lifevery.biz.ua\/index.php?rest_route=\/wp\/v2\/users\/1"}],"replies":[{"embeddable":true,"href":"https:\/\/lifevery.biz.ua\/index.php?rest_route=%2Fwp%2Fv2%2Fcomments&post=21914"}],"version-history":[{"count":1,"href":"https:\/\/lifevery.biz.ua\/index.php?rest_route=\/wp\/v2\/posts\/21914\/revisions"}],"predecessor-version":[{"id":21916,"href":"https:\/\/lifevery.biz.ua\/index.php?rest_route=\/wp\/v2\/posts\/21914\/revisions\/21916"}],"wp:featuredmedia":[{"embeddable":true,"href":"https:\/\/lifevery.biz.ua\/index.php?rest_route=\/wp\/v2\/media\/21915"}],"wp:attachment":[{"href":"https:\/\/lifevery.biz.ua\/index.php?rest_route=%2Fwp%2Fv2%2Fmedia&parent=21914"}],"wp:term":[{"taxonomy":"category","embeddable":true,"href":"https:\/\/lifevery.biz.ua\/index.php?rest_route=%2Fwp%2Fv2%2Fcategories&post=21914"},{"taxonomy":"post_tag","embeddable":true,"href":"https:\/\/lifevery.biz.ua\/index.php?rest_route=%2Fwp%2Fv2%2Ftags&post=21914"}],"curies":[{"name":"wp","href":"https:\/\/api.w.org\/{rel}","templated":true}]}}