{"id":2188,"date":"2026-02-05T19:08:07","date_gmt":"2026-02-05T19:08:07","guid":{"rendered":"https:\/\/lifevery.biz.ua\/?p=2188"},"modified":"2026-02-05T19:08:07","modified_gmt":"2026-02-05T19:08:07","slug":"przelom-w-sprawie-iwony-wieczorek-nowe-ustalenia-prokuratury","status":"publish","type":"post","link":"https:\/\/lifevery.biz.ua\/?p=2188","title":{"rendered":"Prze\u0142om w sprawie Iwony Wieczorek: Nowe ustalenia prokuratury"},"content":{"rendered":"\n<p>Wieloletnie \u015bledztwo w sprawie jednej z najbardziej tajemniczych zagadek kryminalnych w Polsce wkroczy\u0142o w now\u0105, dynamiczn\u0105 faz\u0119. Jak wynika z najnowszych doniesie\u0144 portali Onet, RMF24 oraz informacji przekazanych przez kana\u0142 \u201eS\u0142u\u017cby w akcji\u201d, \u015bledczy dysponuj\u0105 nowymi dowodami, kt\u00f3re mog\u0105 doprowadzi\u0107 do prze\u0142omu.<\/p>\n\n\n\n<p>Intensywne dzia\u0142ania prokuratury w Sopocie<br>Kluczowy w\u0105tek bia\u0142ego Fiata Cinquecento<br>Niesp\u00f3jne zeznania i nowa hipoteza<br>Tajemnica \u015bledztwa i nadzieja na prze\u0142om<br>Intensywne dzia\u0142ania prokuratury w Sopocie<br>Prokuratura Krajowa oficjalnie potwierdzi\u0142a, \u017ce w sprawie zagini\u0119cia Iwony Wieczorek nast\u0105pi\u0142 istotny zwrot, poparty nowymi ustaleniami procesowymi. W ubieg\u0142ym tygodniu funkcjonariusze policji przeprowadzili zakrojone na szerok\u0105 skal\u0119 dzia\u0142ania przy ulicy Polnej w Sopocie. Na miejscu pracowali technicy w bia\u0142ych kombinezonach, korzystaj\u0105cy ze specjalistycznego sprz\u0119tu pod os\u0142on\u0105 niebieskiego namiotu. Cho\u0107 \u015bledczy nie ujawniaj\u0105 precyzyjnie natury tych prac, teren ten by\u0142 w 2010 roku miejscem przebywania os\u00f3b z bliskiego kr\u0119gu znajomych zaginionej. Obecna aktywno\u015b\u0107 s\u0142u\u017cb sugeruje, \u017ce odnaleziono tam \u015blady, kt\u00f3re wcze\u015bniej mog\u0142y zosta\u0107 przeoczone.<br><\/p>\n\n\n\n<p>Kluczowy w\u0105tek bia\u0142ego Fiata Cinquecento<br>Centralnym punktem obecnego etapu \u015bledztwa jest ponowna, niezwykle szczeg\u00f3\u0142owa analiza trasy przejazdu bia\u0142ego Fiata Cinquecento. Samoch\u00f3d ten zosta\u0142 zarejestrowany przez kamery monitoringu 17 lipca 2010 roku nad ranem w okolicach gda\u0144skiego Parku Reagana. Wed\u0142ug policji pojazd przemieszcza\u0142 si\u0119 nast\u0119pnie przez Sopot, Gdyni\u0119 i Red\u0119, kieruj\u0105c si\u0119 ostatecznie w stron\u0119 Pucka. S\u0142u\u017cby apeluj\u0105 do opinii publicznej o pomoc w identyfikacji kierowcy, kt\u00f3ry mo\u017ce posiada\u0107 wiedz\u0119 o losach Iwony. \u015aledczy zak\u0142adaj\u0105, \u017ce osoba prowadz\u0105ca ten konkretny samoch\u00f3d mo\u017ce mie\u0107 bezpo\u015bredni zwi\u0105zek z wydarzeniami tamtej nocy.<br><\/p>\n\n\n\n<p>Niesp\u00f3jne zeznania i nowa hipoteza<br>Nowe \u015bwiat\u0142o na spraw\u0119 rzuca hipoteza, wed\u0142ug kt\u00f3rej Iwona Wieczorek wcale nie zamierza\u0142a wraca\u0107 tamtej nocy bezpo\u015brednio do swojego domu. Istniej\u0105 podejrzenia, \u017ce 19-latka planowa\u0142a do\u0142\u0105czy\u0107 do grupy znajomych, kt\u00f3rzy w tamtym czasie organizowali ognisko w Parku Reagana. Uczestnicy tej zabawy byli wielokrotnie przes\u0142uchiwani, jednak ich relacje budz\u0105 powa\u017cne zastrze\u017cenia organ\u00f3w \u015bcigania. Wed\u0142ug doniesie\u0144, zeznania te s\u0105 wzajemnie sprzeczne i mog\u0105 nie oddawa\u0107 rzeczywistego przebiegu zdarze\u0144. Policja ponownie analizuje kontakty towarzyskie dziewczyny, pr\u00f3buj\u0105c wyeliminowa\u0107 k\u0142amstwa i ustali\u0107 faktyczny cel jej nocnej w\u0119dr\u00f3wki.<\/p>\n\n\n\n<p>Tajemnica \u015bledztwa i nadzieja na prze\u0142om<br>Pomimo du\u017cej aktywno\u015bci w terenie, Prokuratura Krajowa zachowuje \u015bcis\u0142\u0105 dyskrecj\u0119 w kwestii szczeg\u00f3\u0142\u00f3w najnowszych dowod\u00f3w. Prok. Katarzyna Cal\u00f3w-Jaszewska wyja\u015bni\u0142a, \u017ce brak szczeg\u00f3\u0142owych komunikat\u00f3w podyktowany jest trosk\u0105 o dobro tocz\u0105cego si\u0119 post\u0119powania. Niemniej jednak, po\u0142\u0105czenie dzia\u0142a\u0144 terenowych w Sopocie z intensywnym poszukiwaniem kierowcy bia\u0142ego Fiata sugeruje, \u017ce sprawa jest bli\u017cej wyja\u015bnienia ni\u017c kiedykolwiek wcze\u015bniej. Po ponad pi\u0119tnastu latach od znikni\u0119cia nastolatki, \u015bledczy maj\u0105 nadziej\u0119, \u017ce nowoczesne techniki i nowe tropy pozwol\u0105 w ko\u0144cu odpowiedzie\u0107 na pytanie, co sta\u0142o si\u0119 z Iwon\u0105.<br><\/p>\n","protected":false},"excerpt":{"rendered":"Wieloletnie \u015bledztwo w sprawie jednej z najbardziej tajemniczych zagadek kryminalnych w Polsce wkroczy\u0142o w now\u0105, dynamiczn\u0105 faz\u0119. Jak wynika z najnowszych doniesie\u0144 portali \n<a class=\"moretag\" href=\"https:\/\/lifevery.biz.ua\/?p=2188\"> [...]<\/a>","protected":false},"author":1,"featured_media":2189,"comment_status":"open","ping_status":"open","sticky":false,"template":"","format":"standard","meta":{"footnotes":""},"categories":[1],"tags":[],"class_list":["post-2188","post","type-post","status-publish","format-standard","has-post-thumbnail","hentry","category-blog"],"_links":{"self":[{"href":"https:\/\/lifevery.biz.ua\/index.php?rest_route=\/wp\/v2\/posts\/2188","targetHints":{"allow":["GET"]}}],"collection":[{"href":"https:\/\/lifevery.biz.ua\/index.php?rest_route=\/wp\/v2\/posts"}],"about":[{"href":"https:\/\/lifevery.biz.ua\/index.php?rest_route=\/wp\/v2\/types\/post"}],"author":[{"embeddable":true,"href":"https:\/\/lifevery.biz.ua\/index.php?rest_route=\/wp\/v2\/users\/1"}],"replies":[{"embeddable":true,"href":"https:\/\/lifevery.biz.ua\/index.php?rest_route=%2Fwp%2Fv2%2Fcomments&post=2188"}],"version-history":[{"count":1,"href":"https:\/\/lifevery.biz.ua\/index.php?rest_route=\/wp\/v2\/posts\/2188\/revisions"}],"predecessor-version":[{"id":2190,"href":"https:\/\/lifevery.biz.ua\/index.php?rest_route=\/wp\/v2\/posts\/2188\/revisions\/2190"}],"wp:featuredmedia":[{"embeddable":true,"href":"https:\/\/lifevery.biz.ua\/index.php?rest_route=\/wp\/v2\/media\/2189"}],"wp:attachment":[{"href":"https:\/\/lifevery.biz.ua\/index.php?rest_route=%2Fwp%2Fv2%2Fmedia&parent=2188"}],"wp:term":[{"taxonomy":"category","embeddable":true,"href":"https:\/\/lifevery.biz.ua\/index.php?rest_route=%2Fwp%2Fv2%2Fcategories&post=2188"},{"taxonomy":"post_tag","embeddable":true,"href":"https:\/\/lifevery.biz.ua\/index.php?rest_route=%2Fwp%2Fv2%2Ftags&post=2188"}],"curies":[{"name":"wp","href":"https:\/\/api.w.org\/{rel}","templated":true}]}}