{"id":21869,"date":"2026-09-01T21:32:23","date_gmt":"2026-09-01T21:32:23","guid":{"rendered":"https:\/\/lifevery.biz.ua\/?p=21869"},"modified":"2026-09-01T21:32:23","modified_gmt":"2026-09-01T21:32:23","slug":"smiertelny-wypadek-we-wsi-lubowiec-52-latek-przejechal-swojego-brata","status":"publish","type":"post","link":"https:\/\/lifevery.biz.ua\/?p=21869","title":{"rendered":"\u015amiertelny wypadek we wsi Lub\u00f3wiec. 52-latek przejecha\u0142 swojego brata"},"content":{"rendered":"\n<p class=\"wp-block-paragraph\">\u015amiertelny wypadek we wsi Lub\u00f3wiec. 52-latek przejecha\u0142 swojego brata<\/p>\n\n\n\n<p class=\"wp-block-paragraph\">Tragedia w Lub\u00f3wcu, fot. KP PSP w Lipnie<br>Rodzinna tragedia we wsi Lub\u00f3wiec w wojew\u00f3dztwie kujawsko-pomorskim. W niedzielne popo\u0142udnie kierowca Renault najecha\u0142 na le\u017c\u0105cego na ziemi m\u0119\u017cczyzn\u0119. Poszkodowany by\u0142 jego bratem. Mimo reanimacji nie uda\u0142o si\u0119 go uratowa\u0107. Policja i prokurator wyja\u015bniaj\u0105, jak dosz\u0142o do tego zdarzenia.<\/p>\n\n\n\n<p class=\"wp-block-paragraph\">Tragedia w Lub\u00f3wcu. Renault skr\u0119ca\u0142o w drog\u0119 do posesji<br>Do \u015bmiertelnego wypadku dosz\u0142o w niedziel\u0119, 26 lipca, oko\u0142o godz. 12.15. Zdarzenie mia\u0142o miejsce we wsi Lub\u00f3wiec, po\u0142o\u017conej w gminie Sk\u0119pe w powiecie lipnowskim.<\/p>\n\n\n\n<p class=\"wp-block-paragraph\">Jak wynika ze wst\u0119pnych informacji przekazanych przez policj\u0119, 52-letni mieszkaniec powiatu lipnowskiego kierowa\u0142 samochodem osobowym marki Renault. M\u0119\u017cczyzna wykonywa\u0142 manewr skr\u0119tu w prawo i wje\u017cd\u017ca\u0142 w drog\u0119 dojazdow\u0105 prowadz\u0105c\u0105 do prywatnej posesji.<\/p>\n\n\n\n<p class=\"wp-block-paragraph\">W\u0142a\u015bnie podczas tego manewru samoch\u00f3d najecha\u0142 na 67-letniego m\u0119\u017cczyzn\u0119, kt\u00f3ry le\u017ca\u0142 na ziemi. Poszkodowany by\u0142 bratem kierowcy Renault. Okoliczno\u015bci wskazuj\u0105ce, w jaki spos\u00f3b znalaz\u0142 si\u0119 w tym miejscu, nie zosta\u0142y dot\u0105d wyja\u015bnione.<\/p>\n\n\n\n<p class=\"wp-block-paragraph\">Informacje o przebiegu zdarzenia przekaza\u0142a \u201eFaktowi\u201d asp. Agnieszka Roma\u0144ska z Komendy Powiatowej Policji w Lipnie. Policjantka zaznaczy\u0142a, \u017ce ustalenia dotycz\u0105ce samego momentu wypadku maj\u0105 na obecnym etapie charakter wst\u0119pny.<\/p>\n\n\n\n<p class=\"wp-block-paragraph\">Na miejsce skierowano zesp\u00f3\u0142 ratownictwa medycznego. Ratownicy podj\u0119li reanimacj\u0119 67-latka, jednak jego obra\u017cenia okaza\u0142y si\u0119 \u015bmiertelne. Pomimo przeprowadzonych dzia\u0142a\u0144 \u017cycia m\u0119\u017cczyzny nie uda\u0142o si\u0119 uratowa\u0107.<\/p>\n\n\n\n<p class=\"wp-block-paragraph\">Policja sprawdzi\u0142a tak\u017ce stan trze\u017awo\u015bci kierowcy. Badanie wykaza\u0142o, \u017ce 52-latek nie znajdowa\u0142 si\u0119 pod wp\u0142ywem alkoholu. Jest to jedna z potwierdzonych informacji zabezpieczonych podczas czynno\u015bci prowadzonych po wypadku.<br><\/p>\n","protected":false},"excerpt":{"rendered":"\u015amiertelny wypadek we wsi Lub\u00f3wiec. 52-latek przejecha\u0142 swojego brata Tragedia w Lub\u00f3wcu, fot. KP PSP w LipnieRodzinna tragedia we wsi Lub\u00f3wiec w wojew\u00f3dztwie \n<a class=\"moretag\" href=\"https:\/\/lifevery.biz.ua\/?p=21869\"> [...]<\/a>","protected":false},"author":1,"featured_media":21870,"comment_status":"open","ping_status":"open","sticky":false,"template":"","format":"standard","meta":{"footnotes":""},"categories":[1],"tags":[],"class_list":["post-21869","post","type-post","status-publish","format-standard","has-post-thumbnail","hentry","category-blog"],"_links":{"self":[{"href":"https:\/\/lifevery.biz.ua\/index.php?rest_route=\/wp\/v2\/posts\/21869","targetHints":{"allow":["GET"]}}],"collection":[{"href":"https:\/\/lifevery.biz.ua\/index.php?rest_route=\/wp\/v2\/posts"}],"about":[{"href":"https:\/\/lifevery.biz.ua\/index.php?rest_route=\/wp\/v2\/types\/post"}],"author":[{"embeddable":true,"href":"https:\/\/lifevery.biz.ua\/index.php?rest_route=\/wp\/v2\/users\/1"}],"replies":[{"embeddable":true,"href":"https:\/\/lifevery.biz.ua\/index.php?rest_route=%2Fwp%2Fv2%2Fcomments&post=21869"}],"version-history":[{"count":1,"href":"https:\/\/lifevery.biz.ua\/index.php?rest_route=\/wp\/v2\/posts\/21869\/revisions"}],"predecessor-version":[{"id":21871,"href":"https:\/\/lifevery.biz.ua\/index.php?rest_route=\/wp\/v2\/posts\/21869\/revisions\/21871"}],"wp:featuredmedia":[{"embeddable":true,"href":"https:\/\/lifevery.biz.ua\/index.php?rest_route=\/wp\/v2\/media\/21870"}],"wp:attachment":[{"href":"https:\/\/lifevery.biz.ua\/index.php?rest_route=%2Fwp%2Fv2%2Fmedia&parent=21869"}],"wp:term":[{"taxonomy":"category","embeddable":true,"href":"https:\/\/lifevery.biz.ua\/index.php?rest_route=%2Fwp%2Fv2%2Fcategories&post=21869"},{"taxonomy":"post_tag","embeddable":true,"href":"https:\/\/lifevery.biz.ua\/index.php?rest_route=%2Fwp%2Fv2%2Ftags&post=21869"}],"curies":[{"name":"wp","href":"https:\/\/api.w.org\/{rel}","templated":true}]}}