{"id":21863,"date":"2026-09-01T20:48:42","date_gmt":"2026-09-01T20:48:42","guid":{"rendered":"https:\/\/lifevery.biz.ua\/?p=21863"},"modified":"2026-09-01T20:48:42","modified_gmt":"2026-09-01T20:48:42","slug":"wypadek-na-dk20-pod-klobuczynem-dostawczy-opel-wypadl-z-drogi-i-dachowal","status":"publish","type":"post","link":"https:\/\/lifevery.biz.ua\/?p=21863","title":{"rendered":"Wypadek na DK20 pod K\u0142obuczynem. Dostawczy opel wypad\u0142 z drogi i dachowa\u0142"},"content":{"rendered":"\n<p class=\"wp-block-paragraph\">Wypadek na DK20 pod K\u0142obuczynem. Dostawczy opel wypad\u0142 z drogi i dachowa\u0142<\/p>\n\n\n\n<p class=\"wp-block-paragraph\">Fot. KPP w Ko\u015bcierzynie \/ gov.pl<br>We wtorek 28 lipca 2026 roku na drodze krajowej nr 20 w rejonie K\u0142obuczyna dosz\u0142o do gro\u017anie wygl\u0105daj\u0105cego wypadku. Samoch\u00f3d dostawczy zjecha\u0142 z jezdni i przewr\u00f3ci\u0142 si\u0119 na poboczu. Ranna zosta\u0142a kieruj\u0105ca, jedyna osoba, kt\u00f3ra ucierpia\u0142a w tym zdarzeniu. &nbsp;<\/p>\n\n\n\n<p class=\"wp-block-paragraph\">W wypadku bra\u0142 udzia\u0142 tylko jeden pojazd. Za kierownic\u0105 opla vivaro siedzia\u0142a 42-letnia mieszkanka powiatu ko\u015bcierskiego, kt\u00f3ra z nieznanych powod\u00f3w zjecha\u0142a na prawe pobocze.<\/p>\n\n\n\n<p class=\"wp-block-paragraph\">Ranna trafi\u0142a pod opiek\u0119 lekarzy<br>Zg\u0142oszenie o wypadku wp\u0142yn\u0119\u0142o do ko\u015bcierskiej komendy o godzinie 10:30, a na miejsce natychmiast skierowano patrol policji oraz s\u0142u\u017cby ratunkowe. Zesp\u00f3\u0142 ratownictwa medycznego udzieli\u0142 poszkodowanej pomocy, a nast\u0119pnie przewi\u00f3z\u0142 j\u0105 do najbli\u017cszego szpitala na szczeg\u00f3\u0142owe badania. Na szcz\u0119\u015bcie w zdarzeniu ucierpia\u0142a wy\u0142\u0105cznie kieruj\u0105ca dostawczym oplem, a jej \u017cyciu nie zagra\u017ca\u0142o niebezpiecze\u0144stwo.&nbsp;<\/p>\n\n\n\n<p class=\"wp-block-paragraph\">Ruch na tym odcinku DK20 przez pewien czas odbywa\u0142 si\u0119 z utrudnieniami, zanim uprz\u0105tni\u0119to miejsce zdarzenia.<\/p>\n\n\n\n<p class=\"wp-block-paragraph\"><\/p>\n\n\n\n<p class=\"wp-block-paragraph\">\u015aledczy badaj\u0105, co zawiod\u0142o<br>Funkcjonariusze zabezpieczyli teren i przyst\u0105pili do czynno\u015bci wyja\u015bniaj\u0105cych.&nbsp;<\/p>\n\n\n\n<p class=\"wp-block-paragraph\">\u201eFunkcjonariusze zabezpieczyli miejsce zdarzenia, wykonali ogl\u0119dziny, sporz\u0105dzili szkic oraz dokumentacj\u0119 fotograficzn\u0105, a tak\u017ce przes\u0142uchali \u015bwiadk\u00f3w. Ze wst\u0119pnych ustale\u0144 policjant\u00f3w wynika, \u017ce 42-letnia mieszkanka powiatu ko\u015bcierskiego, kieruj\u0105c samochodem marki Opel Vivaro, z niewyja\u015bnionych dot\u0105d przyczyn zjecha\u0142a na prawe pobocze, w wyniku czego pojazd przewr\u00f3ci\u0142 si\u0119\u201d \u2212 m\u00f3wi Piotr Kwidzi\u0144ski, oficer prasowy ko\u015bcierskiej komendy.<\/p>\n\n\n\n<p class=\"wp-block-paragraph\">Policjanci sprawdzili te\u017c stan trze\u017awo\u015bci kieruj\u0105cej.&nbsp;<\/p>\n\n\n\n<p class=\"wp-block-paragraph\">\u201eBadanie stanu trze\u017awo\u015bci wykaza\u0142o, \u017ce kobieta by\u0142a trze\u017awa. Dok\u0142adne okoliczno\u015bci i przyczyny zdarzenia wyja\u015bniaj\u0105 policjanci\u201d \u2212 dodaje Kwidzi\u0144ski.<br><\/p>\n\n\n\n<p class=\"wp-block-paragraph\">\u201eApelujemy do wszystkich uczestnik\u00f3w ruchu drogowego o zachowanie szczeg\u00f3lnej ostro\u017cno\u015bci. Chwila nieuwagi, zm\u0119czenie lub niedostosowanie pr\u0119dko\u015bci do warunk\u00f3w panuj\u0105cych na drodze mog\u0105 doprowadzi\u0107 do gro\u017anych zdarze\u0144. Zachowujmy koncentracj\u0119 za kierownic\u0105 i pami\u0119tajmy, \u017ce bezpiecze\u0144stwo na drodze zale\u017cy od odpowiedzialnych decyzji ka\u017cdego uczestnika ruchu&#8221; \u2013 podkre\u015bla Piotr Kwidzi\u0144ski.<\/p>\n\n\n\n<p class=\"wp-block-paragraph\"><\/p>\n","protected":false},"excerpt":{"rendered":"Wypadek na DK20 pod K\u0142obuczynem. Dostawczy opel wypad\u0142 z drogi i dachowa\u0142 Fot. KPP w Ko\u015bcierzynie \/ gov.plWe wtorek 28 lipca 2026 roku \n<a class=\"moretag\" href=\"https:\/\/lifevery.biz.ua\/?p=21863\"> [...]<\/a>","protected":false},"author":1,"featured_media":21864,"comment_status":"open","ping_status":"open","sticky":false,"template":"","format":"standard","meta":{"footnotes":""},"categories":[1],"tags":[],"class_list":["post-21863","post","type-post","status-publish","format-standard","has-post-thumbnail","hentry","category-blog"],"_links":{"self":[{"href":"https:\/\/lifevery.biz.ua\/index.php?rest_route=\/wp\/v2\/posts\/21863","targetHints":{"allow":["GET"]}}],"collection":[{"href":"https:\/\/lifevery.biz.ua\/index.php?rest_route=\/wp\/v2\/posts"}],"about":[{"href":"https:\/\/lifevery.biz.ua\/index.php?rest_route=\/wp\/v2\/types\/post"}],"author":[{"embeddable":true,"href":"https:\/\/lifevery.biz.ua\/index.php?rest_route=\/wp\/v2\/users\/1"}],"replies":[{"embeddable":true,"href":"https:\/\/lifevery.biz.ua\/index.php?rest_route=%2Fwp%2Fv2%2Fcomments&post=21863"}],"version-history":[{"count":1,"href":"https:\/\/lifevery.biz.ua\/index.php?rest_route=\/wp\/v2\/posts\/21863\/revisions"}],"predecessor-version":[{"id":21865,"href":"https:\/\/lifevery.biz.ua\/index.php?rest_route=\/wp\/v2\/posts\/21863\/revisions\/21865"}],"wp:featuredmedia":[{"embeddable":true,"href":"https:\/\/lifevery.biz.ua\/index.php?rest_route=\/wp\/v2\/media\/21864"}],"wp:attachment":[{"href":"https:\/\/lifevery.biz.ua\/index.php?rest_route=%2Fwp%2Fv2%2Fmedia&parent=21863"}],"wp:term":[{"taxonomy":"category","embeddable":true,"href":"https:\/\/lifevery.biz.ua\/index.php?rest_route=%2Fwp%2Fv2%2Fcategories&post=21863"},{"taxonomy":"post_tag","embeddable":true,"href":"https:\/\/lifevery.biz.ua\/index.php?rest_route=%2Fwp%2Fv2%2Ftags&post=21863"}],"curies":[{"name":"wp","href":"https:\/\/api.w.org\/{rel}","templated":true}]}}