{"id":21857,"date":"2026-09-01T20:08:52","date_gmt":"2026-09-01T20:08:52","guid":{"rendered":"https:\/\/lifevery.biz.ua\/?p=21857"},"modified":"2026-09-01T20:08:52","modified_gmt":"2026-09-01T20:08:52","slug":"rodzinna-tragedia-w-sosnowcu-nie-zyja-dwie-osoby-trwa-sledztwo","status":"publish","type":"post","link":"https:\/\/lifevery.biz.ua\/?p=21857","title":{"rendered":"Rodzinna tragedia w Sosnowcu. Nie \u017cyj\u0105 dwie osoby, trwa \u015bledztwo"},"content":{"rendered":"\n<p class=\"wp-block-paragraph\">Rodzinna tragedia w Sosnowcu. Nie \u017cyj\u0105 dwie osoby, trwa \u015bledztwo<\/p>\n\n\n\n<p class=\"wp-block-paragraph\">Policja (zdj. ilustracyjne), fot. Piotr Front\/Shutterstock<br>Rodzinny dramat rozegra\u0142 si\u0119 we wtorek 28 lipca na jednym z osiedli w Sosnowcu. Wed\u0142ug \u015bledczych 36-latek zaatakowa\u0142 tam swoich rodzic\u00f3w. Zgin\u0119li 56-letnia kobieta oraz jej syn. Prokuratura bada kilka hipotez dotycz\u0105cych t\u0142a tragedii.<\/p>\n\n\n\n<p class=\"wp-block-paragraph\">S\u0142u\u017cby zosta\u0142y powiadomione o zdarzeniu w poniedzia\u0142ek 28 lipca oko\u0142o godz. 10.20. Ranny i zakrwawiony 59-latek zdo\u0142a\u0142 wydosta\u0107 si\u0119 z mieszkania oraz schroni\u0107 u s\u0105siad\u00f3w. To stamt\u0105d zosta\u0142a wezwana pomoc. Po wej\u015bciu do lokalu policjanci znale\u017ali cia\u0142a dw\u00f3ch os\u00f3b.<\/p>\n\n\n\n<p class=\"wp-block-paragraph\">Rodzinny dramat w Sosnowcu. 36-latek zaatakowa\u0142 swoich rodzic\u00f3w<br>Do tragicznych wydarze\u0144 dosz\u0142o w jednym z mieszka\u0144 w dzielnicy Juliusz w Sosnowcu. Jak poinformowa\u0142a reporterka RMF FM Anna Kropaczek, ze wst\u0119pnych ustale\u0144 wynika, \u017ce 36-letni m\u0119\u017cczyzna zaatakowa\u0142 swoich rodzic\u00f3w, a nast\u0119pnie odebra\u0142 sobie \u017cycie.<\/p>\n\n\n\n<p class=\"wp-block-paragraph\">Wed\u0142ug informacji przekazanych przez \u015bledczych napastnik mia\u0142 pos\u0142ugiwa\u0107 si\u0119 no\u017cami kuchennymi. Najpierw mia\u0142 zaatakowa\u0107 swoj\u0105 56-letni\u0105 matk\u0119. Zadane kobiecie ciosy okaza\u0142y si\u0119 \u015bmiertelne i nie uda\u0142o si\u0119 jej uratowa\u0107.<\/p>\n\n\n\n<p class=\"wp-block-paragraph\">Nast\u0119pnie 36-latek mia\u0142 zaatakowa\u0107 59-letniego ojca. M\u0119\u017cczyzna pr\u00f3bowa\u0142 obezw\u0142adni\u0107 syna, jednak sam zosta\u0142 ranny. Pomimo odniesionych obra\u017ce\u0144 zdo\u0142a\u0142 opu\u015bci\u0107 mieszkanie i dotrze\u0107 do s\u0105siad\u00f3w.<\/p>\n\n\n\n<p class=\"wp-block-paragraph\">59-latek ukry\u0142 si\u0119 w s\u0105siednim lokalu, sk\u0105d powiadomiono s\u0142u\u017cby ratunkowe. Zosta\u0142 nast\u0119pnie przewieziony do szpitala. Prokuratura nie mog\u0142a go jeszcze przes\u0142ucha\u0107 ze wzgl\u0119du na jego stan zdrowia.<\/p>\n\n\n\n<p class=\"wp-block-paragraph\">Po wej\u015bciu do mieszkania funkcjonariusze natrafili na cia\u0142a 36-latka i jego matki.<\/p>\n\n\n\n<p class=\"wp-block-paragraph\">\u2013 W mieszkaniu policjanci znale\u017ali zw\u0142oki 36-letniego m\u0119\u017cczyzny i 56-letniej kobiety \u2013 poinformowa\u0142 prokurator Bartosz Kilian, rzecznik Prokuratury Okr\u0119gowej w Sosnowcu, w rozmowie z \u201eFaktem\u201d.<br><\/p>\n\n\n\n<p class=\"wp-block-paragraph\">Ojciec uciek\u0142 do s\u0105siad\u00f3w. W mieszkaniu znaleziono no\u017ce<br>Z dotychczasowych ustale\u0144 wynika, \u017ce po ucieczce rannego 59-latka jego syn mia\u0142 zada\u0107 sobie \u015bmiertelne ciosy. Na miejscu tragedii \u015bledczy zabezpieczyli no\u017ce, kt\u00f3rymi 36-latek mia\u0142 wcze\u015bniej zaatakowa\u0107 rodzic\u00f3w.<\/p>\n\n\n\n<p class=\"wp-block-paragraph\">Dok\u0142adny przebieg zdarzenia nadal jest wyja\u015bniany. Wa\u017cnym elementem post\u0119powania b\u0119dzie przes\u0142uchanie rannego ojca, kt\u00f3ry znajdowa\u0142 si\u0119 w mieszkaniu w chwili ataku. Na razie czynno\u015b\u0107 ta nie zosta\u0142a przeprowadzona z powodu stanu zdrowia pokrzywdzonego.<\/p>\n\n\n\n<p class=\"wp-block-paragraph\">Policja i prokuratura analizuj\u0105 r\u00f3wnie\u017c zabezpieczone \u015blady oraz okoliczno\u015bci poprzedzaj\u0105ce tragedi\u0119. \u015aledczy musz\u0105 ustali\u0107 mi\u0119dzy innymi, co dzia\u0142o si\u0119 w mieszkaniu bezpo\u015brednio przed atakiem i w jakiej kolejno\u015bci dosz\u0142o do poszczeg\u00f3lnych wydarze\u0144.<\/p>\n\n\n\n<p class=\"wp-block-paragraph\">W rozmowie z RMF FM prokurator Bartosz Kilian przekaza\u0142, \u017ce w zwi\u0105zku ze spraw\u0105 wszcz\u0119to dwa oddzielne \u015bledztwa. Pierwsze dotyczy zab\u00f3jstwa 56-letniej kobiety oraz usi\u0142owania zab\u00f3jstwa 59-letniego m\u0119\u017cczyzny. Drugie post\u0119powanie dotyczy samob\u00f3jstwa 36-latka.<\/p>\n\n\n\n<p class=\"wp-block-paragraph\">Rozdzielenie sprawy na dwa \u015bledztwa ma pozwoli\u0107 na szczeg\u00f3\u0142owe wyja\u015bnienie zar\u00f3wno ataku na rodzic\u00f3w, jak i okoliczno\u015bci \u015bmierci ich syna. Na obecnym etapie post\u0119powania prokuratura opiera si\u0119 na wst\u0119pnych ustaleniach z miejsca zdarzenia.<br><\/p>\n","protected":false},"excerpt":{"rendered":"Rodzinna tragedia w Sosnowcu. Nie \u017cyj\u0105 dwie osoby, trwa \u015bledztwo Policja (zdj. ilustracyjne), fot. Piotr Front\/ShutterstockRodzinny dramat rozegra\u0142 si\u0119 we wtorek 28 lipca \n<a class=\"moretag\" href=\"https:\/\/lifevery.biz.ua\/?p=21857\"> [...]<\/a>","protected":false},"author":1,"featured_media":21858,"comment_status":"open","ping_status":"open","sticky":false,"template":"","format":"standard","meta":{"footnotes":""},"categories":[1],"tags":[],"class_list":["post-21857","post","type-post","status-publish","format-standard","has-post-thumbnail","hentry","category-blog"],"_links":{"self":[{"href":"https:\/\/lifevery.biz.ua\/index.php?rest_route=\/wp\/v2\/posts\/21857","targetHints":{"allow":["GET"]}}],"collection":[{"href":"https:\/\/lifevery.biz.ua\/index.php?rest_route=\/wp\/v2\/posts"}],"about":[{"href":"https:\/\/lifevery.biz.ua\/index.php?rest_route=\/wp\/v2\/types\/post"}],"author":[{"embeddable":true,"href":"https:\/\/lifevery.biz.ua\/index.php?rest_route=\/wp\/v2\/users\/1"}],"replies":[{"embeddable":true,"href":"https:\/\/lifevery.biz.ua\/index.php?rest_route=%2Fwp%2Fv2%2Fcomments&post=21857"}],"version-history":[{"count":1,"href":"https:\/\/lifevery.biz.ua\/index.php?rest_route=\/wp\/v2\/posts\/21857\/revisions"}],"predecessor-version":[{"id":21859,"href":"https:\/\/lifevery.biz.ua\/index.php?rest_route=\/wp\/v2\/posts\/21857\/revisions\/21859"}],"wp:featuredmedia":[{"embeddable":true,"href":"https:\/\/lifevery.biz.ua\/index.php?rest_route=\/wp\/v2\/media\/21858"}],"wp:attachment":[{"href":"https:\/\/lifevery.biz.ua\/index.php?rest_route=%2Fwp%2Fv2%2Fmedia&parent=21857"}],"wp:term":[{"taxonomy":"category","embeddable":true,"href":"https:\/\/lifevery.biz.ua\/index.php?rest_route=%2Fwp%2Fv2%2Fcategories&post=21857"},{"taxonomy":"post_tag","embeddable":true,"href":"https:\/\/lifevery.biz.ua\/index.php?rest_route=%2Fwp%2Fv2%2Ftags&post=21857"}],"curies":[{"name":"wp","href":"https:\/\/api.w.org\/{rel}","templated":true}]}}