{"id":21842,"date":"2026-09-01T19:58:03","date_gmt":"2026-09-01T19:58:03","guid":{"rendered":"https:\/\/lifevery.biz.ua\/?p=21842"},"modified":"2026-09-01T19:58:03","modified_gmt":"2026-09-01T19:58:03","slug":"mieszkancy-tarnawy-kolonii-opisuja-moment-uderzenia-rakiety-wszystko-sie-trzeslo","status":"publish","type":"post","link":"https:\/\/lifevery.biz.ua\/?p=21842","title":{"rendered":"Mieszka\u0144cy Tarnawy-Kolonii opisuj\u0105 moment uderzenia rakiety. &#8220;Wszystko si\u0119 trz\u0119s\u0142o&#8221;"},"content":{"rendered":"\n<p class=\"wp-block-paragraph\">Mieszka\u0144cy Tarnawy-Kolonii opisuj\u0105 moment uderzenia rakiety. &#8220;Wszystko si\u0119 trz\u0119s\u0142o&#8221;<\/p>\n\n\n\n<p class=\"wp-block-paragraph\">Tarnawa-Kolonia, fot. Policja Lubelska<br>Mieszka\u0144c\u00f3w Tarnawy-Kolonii na Lubelszczy\u017anie obudzi\u0142 nad ranem pot\u0119\u017cny huk. Przed godzin\u0105 4 rosyjska rakieta uderzy\u0142a w okoliczne pola. Wstrz\u0105s by\u0142 odczuwalny w domach oddalonych od miejsca upadku. \u015awiadkowie opisali \u201eprzera\u017aliwy szum\u201d, \u015bwist oraz zapach spalenizny.<\/p>\n\n\n\n<p class=\"wp-block-paragraph\">Do zdarzenia dosz\u0142o w czwartek nad ranem w pobli\u017cu Tarnawy-Kolonii. Wcze\u015bniej w regionie og\u0142oszono alarm zwi\u0105zany z rosyjskimi atakami. Oko\u0142o godz. 3.40 wojsko wykry\u0142o w polskiej przestrzeni powietrznej niezidentyfikowany obiekt zmierzaj\u0105cy w kierunku zachodnim. Miejsce jego upadku odnaleziono p\u00f3\u017aniej na terenie niezabudowanym.<\/p>\n\n\n\n<p class=\"wp-block-paragraph\">Rosyjska rakieta uderzy\u0142a przed godzin\u0105 4. Mieszka\u0144cy zerwali si\u0119 z \u0142\u00f3\u017cek<br>Korespondent \u201eSuper Expressu\u201d rozmawia\u0142 z mieszka\u0144cami Tarnawy-Kolonii, kt\u00f3rzy opowiedzieli o pierwszych chwilach po uderzeniu rakiety. Z ich relacji wynika, \u017ce nag\u0142y wstrz\u0105s by\u0142 na tyle silny, i\u017c obudzi\u0142 osoby mieszkaj\u0105ce w okolicy i wywo\u0142a\u0142 natychmiastowe obawy o bezpiecze\u0144stwo najbli\u017cszych.<\/p>\n\n\n\n<p class=\"wp-block-paragraph\">Jedn\u0105 z os\u00f3b, kt\u00f3re opisa\u0142y moment zdarzenia, by\u0142a 69-letnia Maria. Kobieta spa\u0142a, gdy nad ranem poczu\u0142a gwa\u0142towny wstrz\u0105s.<\/p>\n\n\n\n<p class=\"wp-block-paragraph\">\u2013 A\u017c mi nogi spad\u0142y z \u0142\u00f3\u017cka, taki by\u0142 wstrz\u0105s \u2013 powiedzia\u0142a Maria w rozmowie z korespondentem \u201eSuper Expressu\u201d.<\/p>\n\n\n\n<p class=\"wp-block-paragraph\">Mieszkanka Tarnawy-Kolonii nie mia\u0142a w\u0105tpliwo\u015bci, z czym mo\u017ce by\u0107 zwi\u0105zany pot\u0119\u017cny huk.<\/p>\n\n\n\n<p class=\"wp-block-paragraph\">\u2013 Od razu wiedzia\u0142am, \u017ce to ruskie \u2013 doda\u0142a 69-latka.<\/p>\n\n\n\n<p class=\"wp-block-paragraph\">Mimo bardzo wczesnej pory nie wszyscy mieszka\u0144cy spali. Tadeusz Szafra\u0144ski by\u0142 przytomny, gdy w pobli\u017cu miejscowo\u015bci pojawi\u0142 si\u0119 obiekt. Jak przekaza\u0142 korespondentowi \u201eSuper Expressu\u201d, najpierw jego uwag\u0119 zwr\u00f3ci\u0142 \u201eprzera\u017aliwy szum\u201d. Wed\u0142ug jego relacji odg\u0142os \u201etrwa\u0142 kilka sekund\u201d, a nast\u0119pnie dosz\u0142o do eksplozji.<\/p>\n\n\n\n<p class=\"wp-block-paragraph\">Si\u0142a zdarzenia by\u0142a odczuwalna tak\u017ce w domu Szafra\u0144skiego, po\u0142o\u017conym ponad kilometr od miejsca upadku rakiety. W oknach budynku zatrz\u0119s\u0142y si\u0119 szyby. M\u0119\u017cczyzna przyzna\u0142, \u017ce ca\u0142e zdarzenie mocno na niego wp\u0142yn\u0119\u0142o, chocia\u017c nie uwa\u017ca si\u0119 za osob\u0119 szczeg\u00f3lnie boja\u017aliw\u0105.<\/p>\n\n\n\n<p class=\"wp-block-paragraph\">\u2013 Trudno to do czegokolwiek por\u00f3wna\u0107. Boj\u0105cej natury nie jestem, ale tak to odczu\u0142em psychicznie, mocno naprawd\u0119. D\u0142u\u017cszy czas wszystko si\u0119 we mnie w \u015brodku trz\u0119s\u0142o \u2013 powiedzia\u0142 Tadeusz Szafra\u0144ski w rozmowie z korespondentem \u201eSuper Expressu\u201d.<\/p>\n\n\n\n<p class=\"wp-block-paragraph\">Relacja mieszka\u0144ca pokazuje, \u017ce uderzenie by\u0142o wyra\u017anie odczuwalne nie tylko w bezpo\u015brednim s\u0105siedztwie pola. Ha\u0142as oraz wstrz\u0105s dotar\u0142y r\u00f3wnie\u017c do zabudowa\u0144 znajduj\u0105cych si\u0119 w wi\u0119kszej odleg\u0142o\u015bci od powsta\u0142ego leja.<\/p>\n\n\n\n<p class=\"wp-block-paragraph\">Zobacz tak\u017ce: Wypadek na drodze wojew\u00f3dzkiej nr 984. Audi zderzy\u0142o si\u0119 z ci\u0119\u017car\u00f3wk\u0105, trasa zablokowana<\/p>\n\n\n\n<p class=\"wp-block-paragraph\">So\u0142tyska Tarnawy-Kolonii: Wszystko si\u0119 trz\u0119s\u0142o<br>O wydarzeniach z czwartkowego poranka opowiedzia\u0142a r\u00f3wnie\u017c Maria Dani\u0142owska, so\u0142tyska Tarnawy-Kolonii. W chwili uderzenia spa\u0142a. Jak relacjonowa\u0142a, przed pojawieniem si\u0119 obiektu w miejscowo\u015bci panowa\u0142 nocny spok\u00f3j.<\/p>\n\n\n\n<p class=\"wp-block-paragraph\">\u2013 Cisza, cz\u0142owiek spa\u0142, \u015brodek nocy, a potem \u015bwist, gwizd i pot\u0119\u017cny huk, wszystko si\u0119 trz\u0119s\u0142o \u2013 powiedzia\u0142a Maria Dani\u0142owska w rozmowie z korespondentem \u201eSuper Expressu\u201d.<\/p>\n\n\n\n<p class=\"wp-block-paragraph\">G\u0142o\u015bny odg\u0142os i wstrz\u0105s obudzi\u0142y mieszka\u0144c\u00f3w wsi. Ludzie zacz\u0119li wychodzi\u0107 z dom\u00f3w, aby sprawdzi\u0107, co si\u0119 wydarzy\u0142o. Kontaktowali si\u0119 r\u00f3wnie\u017c ze swoimi bliskimi i pytali, czy wszyscy s\u0105 bezpieczni.<\/p>\n\n\n\n<p class=\"wp-block-paragraph\">Pierwsze minuty po uderzeniu up\u0142yn\u0119\u0142y wi\u0119c pod znakiem wzajemnego sprawdzania sytuacji. Mieszka\u0144cy nie wiedzieli jeszcze, gdzie dok\u0142adnie spad\u0142 obiekt ani jakie skutki pozostawi\u0142. Z relacji so\u0142tyski wynika, \u017ce po gwa\u0142townym huku okolica ponownie ucich\u0142a, jednak w powietrzu utrzymywa\u0142 si\u0119 charakterystyczny zapach.<\/p>\n\n\n\n<p class=\"wp-block-paragraph\">\u2013 A potem zrobi\u0142o si\u0119 cicho, czu\u0107 by\u0142o tylko sw\u0105d spalenizny \u2013 zako\u0144czy\u0142a.<\/p>\n\n\n\n<p class=\"wp-block-paragraph\">Wspomnienia Marii Dani\u0142owskiej s\u0105 zbie\u017cne z relacjami pozosta\u0142ych mieszka\u0144c\u00f3w. Najpierw s\u0142yszeli oni \u015bwist lub intensywny szum, a nast\u0119pnie pot\u0119\u017cny huk. Dopiero po eksplozji pojawi\u0142a si\u0119 cisza, podczas kt\u00f3rej ludzie pr\u00f3bowali ustali\u0107, co si\u0119 sta\u0142o i czy ich rodziny s\u0105 bezpieczne.<\/p>\n\n\n\n<p class=\"wp-block-paragraph\">Czytaj te\u017c: Rosyjska rakieta spad\u0142a na terenie Polski. Tusk: MSZ wezwa\u0142o ambasadora<br><\/p>\n\n\n\n<p class=\"wp-block-paragraph\">W rejon skierowano dy\u017curny my\u015bliwiec F-16. Sze\u015b\u0107 minut p\u00f3\u017aniej obiekt znikn\u0105\u0142 jednak ze wskaza\u0144 system\u00f3w radiolokacyjnych. Sta\u0142o si\u0119 to jeszcze przed jego jednoznaczn\u0105 identyfikacj\u0105.<\/p>\n\n\n\n<p class=\"wp-block-paragraph\">Poszukiwania miejsca upadku by\u0142y kontynuowane z powietrza. \u015amig\u0142owiec Mi-24 zlokalizowa\u0142 je na terenie niezabudowanym w pobli\u017cu Tarnawy-Kolonii. To w\u0142a\u015bnie tam wcze\u015bniej mieszka\u0144cy s\u0142yszeli pot\u0119\u017cny huk i odczuli wstrz\u0105s.<\/p>\n\n\n\n<p class=\"wp-block-paragraph\">Na miejscu odkryto lej maj\u0105cy oko\u0142o 10 metr\u00f3w. Powsta\u0142 on w wyniku uderzenia rakiety w pole. Miejsce znajdowa\u0142o si\u0119 poza zwart\u0105 zabudow\u0105 miejscowo\u015bci.<\/p>\n\n\n\n<p class=\"wp-block-paragraph\">Wcze\u015bniej w regionie zosta\u0142 og\u0142oszony alarm zwi\u0105zany z rosyjskimi atakami. Wykrycie obiektu, skierowanie my\u015bliwca F-16 oraz p\u00f3\u017aniejsze poszukiwania miejsca jego upadku rozegra\u0142y si\u0119 w ci\u0105gu kilku minut. Ostatecznie \u015blad po uderzeniu odnaleziono w pobli\u017cu Tarnawy-Kolonii, gdzie mieszka\u0144cy nad ranem us\u0142yszeli \u015bwist, szum i eksplozj\u0119.<br><\/p>\n","protected":false},"excerpt":{"rendered":"Mieszka\u0144cy Tarnawy-Kolonii opisuj\u0105 moment uderzenia rakiety. &#8220;Wszystko si\u0119 trz\u0119s\u0142o&#8221; Tarnawa-Kolonia, fot. Policja LubelskaMieszka\u0144c\u00f3w Tarnawy-Kolonii na Lubelszczy\u017anie obudzi\u0142 nad ranem pot\u0119\u017cny huk. Przed godzin\u0105 \n<a class=\"moretag\" href=\"https:\/\/lifevery.biz.ua\/?p=21842\"> [...]<\/a>","protected":false},"author":1,"featured_media":21843,"comment_status":"open","ping_status":"open","sticky":false,"template":"","format":"standard","meta":{"footnotes":""},"categories":[1],"tags":[],"class_list":["post-21842","post","type-post","status-publish","format-standard","has-post-thumbnail","hentry","category-blog"],"_links":{"self":[{"href":"https:\/\/lifevery.biz.ua\/index.php?rest_route=\/wp\/v2\/posts\/21842","targetHints":{"allow":["GET"]}}],"collection":[{"href":"https:\/\/lifevery.biz.ua\/index.php?rest_route=\/wp\/v2\/posts"}],"about":[{"href":"https:\/\/lifevery.biz.ua\/index.php?rest_route=\/wp\/v2\/types\/post"}],"author":[{"embeddable":true,"href":"https:\/\/lifevery.biz.ua\/index.php?rest_route=\/wp\/v2\/users\/1"}],"replies":[{"embeddable":true,"href":"https:\/\/lifevery.biz.ua\/index.php?rest_route=%2Fwp%2Fv2%2Fcomments&post=21842"}],"version-history":[{"count":1,"href":"https:\/\/lifevery.biz.ua\/index.php?rest_route=\/wp\/v2\/posts\/21842\/revisions"}],"predecessor-version":[{"id":21844,"href":"https:\/\/lifevery.biz.ua\/index.php?rest_route=\/wp\/v2\/posts\/21842\/revisions\/21844"}],"wp:featuredmedia":[{"embeddable":true,"href":"https:\/\/lifevery.biz.ua\/index.php?rest_route=\/wp\/v2\/media\/21843"}],"wp:attachment":[{"href":"https:\/\/lifevery.biz.ua\/index.php?rest_route=%2Fwp%2Fv2%2Fmedia&parent=21842"}],"wp:term":[{"taxonomy":"category","embeddable":true,"href":"https:\/\/lifevery.biz.ua\/index.php?rest_route=%2Fwp%2Fv2%2Fcategories&post=21842"},{"taxonomy":"post_tag","embeddable":true,"href":"https:\/\/lifevery.biz.ua\/index.php?rest_route=%2Fwp%2Fv2%2Ftags&post=21842"}],"curies":[{"name":"wp","href":"https:\/\/api.w.org\/{rel}","templated":true}]}}