{"id":21839,"date":"2026-09-01T19:55:56","date_gmt":"2026-09-01T19:55:56","guid":{"rendered":"https:\/\/lifevery.biz.ua\/?p=21839"},"modified":"2026-09-01T19:55:56","modified_gmt":"2026-09-01T19:55:56","slug":"powazny-wypadek-na-trasie-wroclaw-jelenia-gora-auto-roztrzaskalo-sie-o-drzewo-sa-ranni-2","status":"publish","type":"post","link":"https:\/\/lifevery.biz.ua\/?p=21839","title":{"rendered":"Powa\u017cny wypadek na trasie Wroc\u0142aw-Jelenia G\u00f3ra. Auto roztrzaska\u0142o si\u0119 o drzewo, s\u0105 ranni"},"content":{"rendered":"\n<p class=\"wp-block-paragraph\">Powa\u017cny wypadek na trasie Wroc\u0142aw-Jelenia G\u00f3ra. Auto roztrzaska\u0142o si\u0119 o drzewo, s\u0105 ranni<\/p>\n\n\n\n<p class=\"wp-block-paragraph\">Fot. st.asp. Marcin Kucharski \/ OSP Mys\u0142\u00f3w \/ KP PSP w Jaworze \/ Facebook<br>Na drodze krajowej nr 5 w Mys\u0142owie, na trasie Wroc\u0142aw\u2013Jelenia G\u00f3ra, dosz\u0142o rano do bardzo gro\u017anego wypadku. Samoch\u00f3d osobowy z niewyja\u015bnionych przyczyn zjecha\u0142 z jezdni i z ogromn\u0105 si\u0142\u0105 uderzy\u0142 w przydro\u017cne drzewo. Dwie osoby zosta\u0142y ci\u0119\u017cko ranne i z licznymi obra\u017ceniami trafi\u0142y do szpitala.<\/p>\n\n\n\n<p class=\"wp-block-paragraph\">Do zdarzenia dosz\u0142o w sobot\u0119, 1 sierpnia, oko\u0142o godziny 6.00 w miejscowo\u015bci Mys\u0142\u00f3w w powiecie jaworskim. Ze wst\u0119pnych ustale\u0144 wynika, \u017ce kieruj\u0105cy z nieustalonych dot\u0105d powod\u00f3w straci\u0142 panowanie nad pojazdem. Auto zjecha\u0142o z drogi i z impetem wbi\u0142o si\u0119 w drzewo, a si\u0142a zderzenia by\u0142a tak du\u017ca, \u017ce przednia cz\u0119\u015b\u0107 samochodu zosta\u0142a niemal ca\u0142kowicie zniszczona.<\/p>\n\n\n\n<p class=\"wp-block-paragraph\">Auto samo wezwa\u0142o pomoc. Trudna akcja ratunkowa<br>O wypadku s\u0142u\u017cby dowiedzia\u0142y si\u0119 bardzo szybko, cho\u0107 o tak wczesnej porze na drodze nie by\u0142o wielu \u015bwiadk\u00f3w. Kluczow\u0105 rol\u0119 odegra\u0142 system eCall, w kt\u00f3ry wyposa\u017cony by\u0142 pojazd. Zaraz po zderzeniu automatycznie po\u0142\u0105czy\u0142 si\u0119 z numerem alarmowym i wezwa\u0142 pomoc, przekazuj\u0105c s\u0142u\u017cbom lokalizacj\u0119.&nbsp;<\/p>\n\n\n\n<p class=\"wp-block-paragraph\">To, co zasta\u0142y na miejscu pierwsze jednostki, opisa\u0142 przedstawiciel stra\u017cy.<\/p>\n\n\n\n<p class=\"wp-block-paragraph\">\u201ePo przybyciu na miejsce pierwszych s\u0142u\u017cb ratowniczych okaza\u0142o si\u0119, \u017ce samoch\u00f3d osobowy uderzy\u0142 w drzewo. W poje\u017adzie znajdowa\u0142y si\u0119 dwie osoby, kt\u00f3re zosta\u0142y uwi\u0119zione we wraku&#8221; \u2212 przekaza\u0142 kpt. Krzysztof Napiera\u0142a z Komendy Powiatowej PSP w Jaworze dla portalu TuWroc\u0142aw.<\/p>\n\n\n\n<p class=\"wp-block-paragraph\">Akcja ratunkowa ruszy\u0142a natychmiast po przyje\u017adzie s\u0142u\u017cb.\u00a0<br><\/p>\n\n\n\n<p class=\"wp-block-paragraph\">Dwie osoby z ci\u0119\u017ckimi obra\u017ceniami trafi\u0142y do szpitala<br>W samochodzie podr\u00f3\u017cowa\u0142y dwie osoby, kt\u00f3re zosta\u0142y uwi\u0119zione we wraku. W pierwszej kolejno\u015bci zaj\u0119li si\u0119 nimi ratownicy medyczni, a nast\u0119pnie do dzia\u0142ania przyst\u0105pili stra\u017cacy. Przy u\u017cyciu sprz\u0119tu hydraulicznego rozci\u0119li pojazd, dotarli do poszkodowanych i wydobyli ich na zewn\u0105trz.&nbsp;<\/p>\n\n\n\n<p class=\"wp-block-paragraph\">Oboje byli przytomni, ale odnie\u015bli bardzo powa\u017cne obra\u017cenia, w tym liczne z\u0142amania. Po udzieleniu pomocy na miejscu przewieziono ich do najbli\u017cszego szpitala w stanie ci\u0119\u017ckim.<br><\/p>\n\n\n\n<p class=\"wp-block-paragraph\">Na miejscu pracowa\u0142y liczne zast\u0119py stra\u017cy i policja<br>W akcji ratunkowej bra\u0142y udzia\u0142 jednostki JRG Jawor, OSP Mys\u0142\u00f3w i OSP Kaczor\u00f3w oraz zespo\u0142y ratownictwa medycznego. Miejsce zdarzenia zabezpieczyli funkcjonariusze z Komendy Powiatowej Policji w Jaworze, kt\u00f3rzy kierowali te\u017c ruchem w rejonie wypadku.\u00a0<br><\/p>\n","protected":false},"excerpt":{"rendered":"Powa\u017cny wypadek na trasie Wroc\u0142aw-Jelenia G\u00f3ra. Auto roztrzaska\u0142o si\u0119 o drzewo, s\u0105 ranni Fot. st.asp. Marcin Kucharski \/ OSP Mys\u0142\u00f3w \/ KP PSP \n<a class=\"moretag\" href=\"https:\/\/lifevery.biz.ua\/?p=21839\"> [...]<\/a>","protected":false},"author":1,"featured_media":21840,"comment_status":"open","ping_status":"open","sticky":false,"template":"","format":"standard","meta":{"footnotes":""},"categories":[1],"tags":[],"class_list":["post-21839","post","type-post","status-publish","format-standard","has-post-thumbnail","hentry","category-blog"],"_links":{"self":[{"href":"https:\/\/lifevery.biz.ua\/index.php?rest_route=\/wp\/v2\/posts\/21839","targetHints":{"allow":["GET"]}}],"collection":[{"href":"https:\/\/lifevery.biz.ua\/index.php?rest_route=\/wp\/v2\/posts"}],"about":[{"href":"https:\/\/lifevery.biz.ua\/index.php?rest_route=\/wp\/v2\/types\/post"}],"author":[{"embeddable":true,"href":"https:\/\/lifevery.biz.ua\/index.php?rest_route=\/wp\/v2\/users\/1"}],"replies":[{"embeddable":true,"href":"https:\/\/lifevery.biz.ua\/index.php?rest_route=%2Fwp%2Fv2%2Fcomments&post=21839"}],"version-history":[{"count":1,"href":"https:\/\/lifevery.biz.ua\/index.php?rest_route=\/wp\/v2\/posts\/21839\/revisions"}],"predecessor-version":[{"id":21841,"href":"https:\/\/lifevery.biz.ua\/index.php?rest_route=\/wp\/v2\/posts\/21839\/revisions\/21841"}],"wp:featuredmedia":[{"embeddable":true,"href":"https:\/\/lifevery.biz.ua\/index.php?rest_route=\/wp\/v2\/media\/21840"}],"wp:attachment":[{"href":"https:\/\/lifevery.biz.ua\/index.php?rest_route=%2Fwp%2Fv2%2Fmedia&parent=21839"}],"wp:term":[{"taxonomy":"category","embeddable":true,"href":"https:\/\/lifevery.biz.ua\/index.php?rest_route=%2Fwp%2Fv2%2Fcategories&post=21839"},{"taxonomy":"post_tag","embeddable":true,"href":"https:\/\/lifevery.biz.ua\/index.php?rest_route=%2Fwp%2Fv2%2Ftags&post=21839"}],"curies":[{"name":"wp","href":"https:\/\/api.w.org\/{rel}","templated":true}]}}