{"id":21833,"date":"2026-09-01T19:44:19","date_gmt":"2026-09-01T19:44:19","guid":{"rendered":"https:\/\/lifevery.biz.ua\/?p=21833"},"modified":"2026-09-01T19:44:19","modified_gmt":"2026-09-01T19:44:19","slug":"smierc-na-stacji-w-tluszczu-mezczyzna-zginal-pod-kolami-pociagu","status":"publish","type":"post","link":"https:\/\/lifevery.biz.ua\/?p=21833","title":{"rendered":"\u015amier\u0107 na stacji w T\u0142uszczu. M\u0119\u017cczyzna zgin\u0105\u0142 pod ko\u0142ami poci\u0105gu"},"content":{"rendered":"\n<p class=\"wp-block-paragraph\">\u015amier\u0107 na stacji w T\u0142uszczu. M\u0119\u017cczyzna zgin\u0105\u0142 pod ko\u0142ami poci\u0105gu<\/p>\n\n\n\n<p class=\"wp-block-paragraph\">Bart Bourdon \/ Shutterstock, KP PSP w Wo\u0142ominie \/ Facebook<br>Do tragicznego wypadku dosz\u0142o na stacji kolejowej w T\u0142uszczu w powiecie wo\u0142omi\u0144skim. Jak poinformowa\u0142y s\u0142u\u017cby ratunkowe i policja, w zdarzeniu z udzia\u0142em poci\u0105gu osobowego zgin\u0105\u0142 oko\u0142o 60-letni m\u0119\u017cczyzna. \u015aledczy ustalaj\u0105 dok\u0142adny przebieg i przyczyny tragedii.<\/p>\n\n\n\n<p class=\"wp-block-paragraph\">Do wypadku dosz\u0142o w sobot\u0119, 1 sierpnia 2026 roku, tu\u017c przed godzin\u0105 22.40. Po zg\u0142oszeniu o potr\u0105ceniu na torowisku na miejsce skierowano patrol policji, zespo\u0142y ratownictwa medycznego, funkcjonariuszy Stra\u017cy Ochrony Kolei oraz stra\u017cak\u00f3w z Pa\u0144stwowej i Ochotniczej Stra\u017cy Po\u017carnej. &nbsp;<\/p>\n\n\n\n<p class=\"wp-block-paragraph\">M\u0119\u017cczyzna spad\u0142 z peronu pod poci\u0105g<br>Z ustale\u0144 policji wynika, \u017ce oko\u0142o 60-letni m\u0119\u017cczyzna sta\u0142 na peronie, gdy w pewnym momencie straci\u0142 r\u00f3wnowag\u0119 i spad\u0142 na tory wprost pod nadje\u017cd\u017caj\u0105cy poci\u0105g relacji T\u0142uszcz\u2013Ostro\u0142\u0119ka.&nbsp;<\/p>\n\n\n\n<p class=\"wp-block-paragraph\">\u201ePolicjanci ustalili, \u017ce m\u0119\u017cczyzna w wieku oko\u0142o 60 lat straci\u0142 r\u00f3wnowag\u0119 na peronie i spad\u0142 z niego pod jad\u0105cy poci\u0105g osobowy relacji T\u0142uszcz-Ostro\u0142\u0119ka\u201d \u2013 przekaza\u0142 w rozmowie z TVN Warszawa m\u0142odszy aspirant Jakub Gontarek z Komendy Sto\u0142ecznej Policji.<\/p>\n\n\n\n<p class=\"wp-block-paragraph\">Jak doda\u0142 policjant, dla m\u0119\u017cczyzny nie by\u0142o ju\u017c ratunku.&nbsp;<\/p>\n\n\n\n<p class=\"wp-block-paragraph\">\u201eM\u0119\u017cczyzna poni\u00f3s\u0142 \u015bmier\u0107 na miejscu\u201d \u2013 zaznaczy\u0142.<\/p>\n\n\n\n<p class=\"wp-block-paragraph\">Wypadek spowodowa\u0142 wstrzymanie ruchu poci\u0105g\u00f3w.<br><\/p>\n\n\n\n<p class=\"wp-block-paragraph\">Ewakuacja pasa\u017cer\u00f3w<br>Ze wzgl\u0119du na trwaj\u0105c\u0105 akcj\u0119 s\u0142u\u017cb konieczna by\u0142a ewakuacja os\u00f3b podr\u00f3\u017cuj\u0105cych sk\u0142adem.&nbsp;<\/p>\n\n\n\n<p class=\"wp-block-paragraph\">\u201ePoci\u0105giem podr\u00f3\u017cowa\u0142o 12 pasa\u017cer\u00f3w oraz troje pracownik\u00f3w obs\u0142ugi. Wszyscy zostali ewakuowani ze sk\u0142adu na czas akcji s\u0142u\u017cb\u201d \u2013 przekaza\u0142 kapitan Jan Sobk\u00f3w z Komendy Powiatowej Pa\u0144stwowej Stra\u017cy Po\u017carnej w Wo\u0142ominie.&nbsp;<\/p>\n\n\n\n<p class=\"wp-block-paragraph\">Ewakuacj\u0119 przeprowadzili stra\u017cacy z posterunku w T\u0142uszczu oraz druhowie z OSP T\u0142uszcz.&nbsp;<\/p>\n\n\n\n<p class=\"wp-block-paragraph\">Nikt z podr\u00f3\u017cnych ani pracownik\u00f3w kolei nie odni\u00f3s\u0142 obra\u017ce\u0144, a ratownicy zabezpieczyli i o\u015bwietlili miejsce zdarzenia.<br><\/p>\n","protected":false},"excerpt":{"rendered":"\u015amier\u0107 na stacji w T\u0142uszczu. M\u0119\u017cczyzna zgin\u0105\u0142 pod ko\u0142ami poci\u0105gu Bart Bourdon \/ Shutterstock, KP PSP w Wo\u0142ominie \/ FacebookDo tragicznego wypadku dosz\u0142o \n<a class=\"moretag\" href=\"https:\/\/lifevery.biz.ua\/?p=21833\"> [...]<\/a>","protected":false},"author":1,"featured_media":21834,"comment_status":"open","ping_status":"open","sticky":false,"template":"","format":"standard","meta":{"footnotes":""},"categories":[1],"tags":[],"class_list":["post-21833","post","type-post","status-publish","format-standard","has-post-thumbnail","hentry","category-blog"],"_links":{"self":[{"href":"https:\/\/lifevery.biz.ua\/index.php?rest_route=\/wp\/v2\/posts\/21833","targetHints":{"allow":["GET"]}}],"collection":[{"href":"https:\/\/lifevery.biz.ua\/index.php?rest_route=\/wp\/v2\/posts"}],"about":[{"href":"https:\/\/lifevery.biz.ua\/index.php?rest_route=\/wp\/v2\/types\/post"}],"author":[{"embeddable":true,"href":"https:\/\/lifevery.biz.ua\/index.php?rest_route=\/wp\/v2\/users\/1"}],"replies":[{"embeddable":true,"href":"https:\/\/lifevery.biz.ua\/index.php?rest_route=%2Fwp%2Fv2%2Fcomments&post=21833"}],"version-history":[{"count":1,"href":"https:\/\/lifevery.biz.ua\/index.php?rest_route=\/wp\/v2\/posts\/21833\/revisions"}],"predecessor-version":[{"id":21835,"href":"https:\/\/lifevery.biz.ua\/index.php?rest_route=\/wp\/v2\/posts\/21833\/revisions\/21835"}],"wp:featuredmedia":[{"embeddable":true,"href":"https:\/\/lifevery.biz.ua\/index.php?rest_route=\/wp\/v2\/media\/21834"}],"wp:attachment":[{"href":"https:\/\/lifevery.biz.ua\/index.php?rest_route=%2Fwp%2Fv2%2Fmedia&parent=21833"}],"wp:term":[{"taxonomy":"category","embeddable":true,"href":"https:\/\/lifevery.biz.ua\/index.php?rest_route=%2Fwp%2Fv2%2Fcategories&post=21833"},{"taxonomy":"post_tag","embeddable":true,"href":"https:\/\/lifevery.biz.ua\/index.php?rest_route=%2Fwp%2Fv2%2Ftags&post=21833"}],"curies":[{"name":"wp","href":"https:\/\/api.w.org\/{rel}","templated":true}]}}