{"id":21827,"date":"2026-09-01T19:37:03","date_gmt":"2026-09-01T19:37:03","guid":{"rendered":"https:\/\/lifevery.biz.ua\/?p=21827"},"modified":"2026-09-01T19:37:03","modified_gmt":"2026-09-01T19:37:03","slug":"tragiczne-odkrycie-na-mazowszu-spacerowicze-znalezli-cialo-trwa-sledztwo","status":"publish","type":"post","link":"https:\/\/lifevery.biz.ua\/?p=21827","title":{"rendered":"Tragiczne odkrycie na Mazowszu. Spacerowicze znale\u017ali cia\u0142o, trwa \u015bledztwo"},"content":{"rendered":"\n<p class=\"wp-block-paragraph\">Tragiczne odkrycie na Mazowszu. Spacerowicze znale\u017ali cia\u0142o, trwa \u015bledztwo<\/p>\n\n\n\n<p class=\"wp-block-paragraph\">Fot. FotoDax \/ Shutterstock<br>Policja i prokuratura wyja\u015bniaj\u0105 okoliczno\u015bci makabrycznego odkrycia na obrze\u017cach Ciechanowa. Jak informuj\u0105 lokalne media oraz Polska Agencja Prasowa, \u015bledczy wst\u0119pnie ustalili czas zgonu m\u0119\u017cczyzny i wykluczyli udzia\u0142 os\u00f3b trzecich.<\/p>\n\n\n\n<p class=\"wp-block-paragraph\">Wszystko zacz\u0119\u0142o si\u0119 w sobot\u0119, 1 sierpnia, przy ulicy P\u0142ockiej, w rejonie ronda Le\u015bnik\u00f3w. Spaceruj\u0105ca z psem para zauwa\u017cy\u0142a przy ogrodzeniu jednej z posesji fragment ludzkiej d\u0142oni w stanie rozk\u0142adu. To w\u0142a\u015bnie czworon\u00f3g natrafi\u0142 na makabryczne znalezisko. Mieszka\u0144cy natychmiast powiadomili policj\u0119, a wezwani funkcjonariusze rozpocz\u0119li poszukiwania, kt\u00f3re wkr\u00f3tce doprowadzi\u0142y do odnalezienia pozosta\u0142ych szcz\u0105tk\u00f3w na pograniczu Ciechanowa i P\u0119chcina.<\/p>\n\n\n\n<p class=\"wp-block-paragraph\">Najpierw znaleziono ludzk\u0105 d\u0142o\u0144<br>Zg\u0142oszenie o znalezieniu fragmentu cia\u0142a wp\u0142yn\u0119\u0142o do dy\u017curnego komendy w sobot\u0119 oko\u0142o godziny 19:00.&nbsp;<\/p>\n\n\n\n<p class=\"wp-block-paragraph\">\u201eW sobot\u0119 oko\u0142o godziny 19:00 dy\u017curny Komendy Powiatowej Policji w Ciechanowie otrzyma\u0142 zg\u0142oszenie od mieszka\u0144c\u00f3w Ciechanowa, kt\u00f3rzy spacerowali ulic\u0105 P\u0142ock\u0105, \u017ce znale\u017ali fragment ludzkiego cia\u0142a&#8221; \u2014 zrelacjonowa\u0142a nadkom. Jolanta Bym w rozmowie z portalem Ciechan\u00f3wInaczej.<\/p>\n\n\n\n<p class=\"wp-block-paragraph\">Na miejsce od razu skierowano funkcjonariuszy, kt\u00f3rzy zabezpieczyli teren i pod nadzorem prokuratora rozpocz\u0119li czynno\u015bci procesowe. Jak doda\u0142a, zabezpieczono w\u00f3wczas d\u0142o\u0144 w znacznym stanie rozk\u0142adu, a dzia\u0142ania prowadzono do p\u00f3\u017anych godzin wieczornych.<br><\/p>\n\n\n\n<p class=\"wp-block-paragraph\">Prze\u0142om z udzia\u0142em ps\u00f3w tropi\u0105cych<br>Poszukiwania kontynuowano od niedzielnego ranka, tym razem z udzia\u0142em ps\u00f3w s\u0142u\u017cbowych. Ich wsparcie potwierdzi\u0142a w rozmowie z serwisem ciechanow.cozadzien.pl podkom. Magda Sakowska. Prze\u0142om przynios\u0142o niedzielne popo\u0142udnie, gdy tropi\u0105cy pies naprowadzi\u0142 funkcjonariuszy na ukryte w zaro\u015blach cia\u0142o.<\/p>\n\n\n\n<p class=\"wp-block-paragraph\">Policja poinformowa\u0142a o tym przed godzin\u0105 21:00.&nbsp;<\/p>\n\n\n\n<p class=\"wp-block-paragraph\">\u201eFunkcjonariusze z wykorzystaniem ps\u00f3w s\u0142u\u017cbowych wyspecjalizowanych do odnalezienia zw\u0142ok znale\u017ali szcz\u0105tki ludzkie, kt\u00f3re zosta\u0142y zabezpieczone. Te szcz\u0105tki ludzkie by\u0142y z elementami odzie\u017cy&#8221;\u2014 relacjonowa\u0142a portalowi Ciechan\u00f3wInaczej nadkom. Bym.<\/p>\n\n\n\n<p class=\"wp-block-paragraph\">Cia\u0142o le\u017ca\u0142o w zaro\u015blach, w trudno dost\u0119pnym miejscu, oko\u0142o 600 metr\u00f3w od miejsca, gdzie znaleziono d\u0142o\u0144.<br><\/p>\n\n\n\n<p class=\"wp-block-paragraph\">\u201eW ma\u0142o ucz\u0119szczanym terenie odkryte zosta\u0142y ubrane, zeszkieletowane szcz\u0105tki ludzkie m\u0119\u017cczyzny, kt\u00f3rego zgon m\u00f3g\u0142 nast\u0105pi\u0107 zim\u0105, na co wskazuje znaleziona odzie\u017c&#8221; \u2014 przekaza\u0142 PAP rzecznik Prokuratury Okr\u0119gowej w P\u0142ocku Bartosz Maliszewski.&nbsp;<\/p>\n\n\n\n<p class=\"wp-block-paragraph\">Kompletny zimowy str\u00f3j sugeruje, \u017ce do \u015bmierci mog\u0142o doj\u015b\u0107 kilka miesi\u0119cy temu, w okresie jesienno-zimowym.<\/p>\n\n\n\n<p class=\"wp-block-paragraph\">Przy szcz\u0105tkach nie by\u0142o dokument\u00f3w to\u017csamo\u015bci, ale zabezpieczono telefon kom\u00f3rkowy oraz notatnik.&nbsp;<\/p>\n\n\n\n<p class=\"wp-block-paragraph\">\u201eBy\u0107 mo\u017ce pomog\u0105 one w ustaleniu to\u017csamo\u015bci m\u0119\u017cczyzny&#8221; \u2014 zaznaczy\u0142 prokurator.&nbsp;<\/p>\n\n\n\n<p class=\"wp-block-paragraph\">Oba przedmioty trafi\u0105 do szczeg\u00f3\u0142owej analizy bieg\u0142ych.<\/p>\n\n\n\n<p class=\"wp-block-paragraph\">Brak \u015blad\u00f3w obra\u017ce\u0144 i kwestia od\u0142\u0105czonej d\u0142oni<br>Ogl\u0119dziny nie wykaza\u0142y obra\u017ce\u0144, kt\u00f3re mog\u0142yby wskazywa\u0107 na przest\u0119pstwo czy wypadek drogowy. \u015aledczy wyja\u015bnili te\u017c, sk\u0105d wzi\u0119\u0142a si\u0119 oddzielona od cia\u0142a d\u0142o\u0144.&nbsp;<\/p>\n\n\n\n<p class=\"wp-block-paragraph\">\u201eNajprawdopodobniej w tym przypadku mamy do czynienia z dzia\u0142aniem zwierz\u0105t&#8221; \u2014 wskaza\u0142 prokurator Maliszewski.<\/p>\n\n\n\n<p class=\"wp-block-paragraph\">W charakterze \u015bwiadk\u00f3w przes\u0142uchano par\u0119 spacerowicz\u00f3w, kt\u00f3ra natrafi\u0142a na fragment cia\u0142a. Nadz\u00f3r nad spraw\u0105 sprawuje Prokuratura Rejonowa w Ciechanowie, a post\u0119powanie toczy si\u0119 w kierunku art. 155 Kodeksu karnego, czyli nieumy\u015blnego spowodowania \u015bmierci. \u015aledczy zastrzegaj\u0105, \u017ce w toku post\u0119powania kwalifikacja czynu mo\u017ce si\u0119 jeszcze zmieni\u0107.&nbsp;<\/p>\n\n\n\n<p class=\"wp-block-paragraph\">\u201ePolicjanci d\u0105\u017c\u0105 do ustalenia to\u017csamo\u015bci m\u0119\u017cczyzny, a prowadzone post\u0119powanie b\u0119dzie mia\u0142o za zadanie wyja\u015bnienie wszelkich okoliczno\u015bci tego zdarzenia&#8221; \u2014 podkre\u015bli\u0142a nadkom. Jolanta Bym.&nbsp;<\/p>\n\n\n\n<p class=\"wp-block-paragraph\">Cia\u0142o zabezpieczono do sekcji zw\u0142ok oraz pobrania pr\u00f3bek DNA.<br><\/p>\n","protected":false},"excerpt":{"rendered":"Tragiczne odkrycie na Mazowszu. Spacerowicze znale\u017ali cia\u0142o, trwa \u015bledztwo Fot. FotoDax \/ ShutterstockPolicja i prokuratura wyja\u015bniaj\u0105 okoliczno\u015bci makabrycznego odkrycia na obrze\u017cach Ciechanowa. Jak \n<a class=\"moretag\" href=\"https:\/\/lifevery.biz.ua\/?p=21827\"> [...]<\/a>","protected":false},"author":1,"featured_media":21828,"comment_status":"open","ping_status":"open","sticky":false,"template":"","format":"standard","meta":{"footnotes":""},"categories":[1],"tags":[],"class_list":["post-21827","post","type-post","status-publish","format-standard","has-post-thumbnail","hentry","category-blog"],"_links":{"self":[{"href":"https:\/\/lifevery.biz.ua\/index.php?rest_route=\/wp\/v2\/posts\/21827","targetHints":{"allow":["GET"]}}],"collection":[{"href":"https:\/\/lifevery.biz.ua\/index.php?rest_route=\/wp\/v2\/posts"}],"about":[{"href":"https:\/\/lifevery.biz.ua\/index.php?rest_route=\/wp\/v2\/types\/post"}],"author":[{"embeddable":true,"href":"https:\/\/lifevery.biz.ua\/index.php?rest_route=\/wp\/v2\/users\/1"}],"replies":[{"embeddable":true,"href":"https:\/\/lifevery.biz.ua\/index.php?rest_route=%2Fwp%2Fv2%2Fcomments&post=21827"}],"version-history":[{"count":1,"href":"https:\/\/lifevery.biz.ua\/index.php?rest_route=\/wp\/v2\/posts\/21827\/revisions"}],"predecessor-version":[{"id":21829,"href":"https:\/\/lifevery.biz.ua\/index.php?rest_route=\/wp\/v2\/posts\/21827\/revisions\/21829"}],"wp:featuredmedia":[{"embeddable":true,"href":"https:\/\/lifevery.biz.ua\/index.php?rest_route=\/wp\/v2\/media\/21828"}],"wp:attachment":[{"href":"https:\/\/lifevery.biz.ua\/index.php?rest_route=%2Fwp%2Fv2%2Fmedia&parent=21827"}],"wp:term":[{"taxonomy":"category","embeddable":true,"href":"https:\/\/lifevery.biz.ua\/index.php?rest_route=%2Fwp%2Fv2%2Fcategories&post=21827"},{"taxonomy":"post_tag","embeddable":true,"href":"https:\/\/lifevery.biz.ua\/index.php?rest_route=%2Fwp%2Fv2%2Ftags&post=21827"}],"curies":[{"name":"wp","href":"https:\/\/api.w.org\/{rel}","templated":true}]}}