{"id":21812,"date":"2026-09-01T19:17:19","date_gmt":"2026-09-01T19:17:19","guid":{"rendered":"https:\/\/lifevery.biz.ua\/?p=21812"},"modified":"2026-09-01T19:17:19","modified_gmt":"2026-09-01T19:17:19","slug":"dramatyczny-wypadek-na-dk11-w-piatkowy-poranek-osobowka-wbila-sie-w-ciezarowke-2","status":"publish","type":"post","link":"https:\/\/lifevery.biz.ua\/?p=21812","title":{"rendered":"Dramatyczny wypadek na DK11 w pi\u0105tkowy poranek. Osob\u00f3wka wbi\u0142a si\u0119 w ci\u0119\u017car\u00f3wk\u0119"},"content":{"rendered":"\n<p class=\"wp-block-paragraph\">Dramatyczny wypadek na DK11 w pi\u0105tkowy poranek. Osob\u00f3wka wbi\u0142a si\u0119 w ci\u0119\u017car\u00f3wk\u0119<\/p>\n\n\n\n<p class=\"wp-block-paragraph\">Fot. Komenda Powiatowa Policji w Obornikach<br>Do tragicznie wygl\u0105daj\u0105cego wypadku dosz\u0142o w pi\u0105tek 7 sierpnia tu\u017c przed po\u0142udniem na drodze krajowej nr 11. Oko\u0142o godziny 11:45 samoch\u00f3d osobowy z impetem wbi\u0142 si\u0119 w ci\u0119\u017car\u00f3wk\u0119. Zniszczenia pojazdu s\u0105 ogromne, a na miejscu bardzo zaroi\u0142o si\u0119 od s\u0142u\u017cb. Zdj\u0119cia z miejscu dramatu pokazuj\u0105 impet zderzenia.<\/p>\n\n\n\n<p class=\"wp-block-paragraph\">Na miejscu szybko pojawi\u0142y si\u0119 s\u0142u\u017cby ratunkowe. Jak przekazano, dwie osoby zosta\u0142y poszkodowane. Policja wyja\u015bnia dok\u0142adne okoliczno\u015bci wypadku.<\/p>\n\n\n\n<p class=\"wp-block-paragraph\">Osob\u00f3wka zmia\u017cd\u017cona po zderzeniu z ci\u0119\u017car\u00f3wk\u0105. S\u0142u\u017cby na miejscu<br>Do zdarzenia dosz\u0142o w pi\u0105tek 7 sierpnia na drodze krajowej nr 11 w miejscowo\u015bci Garbatka w powiecie obornickim. Ze wst\u0119pnych ustale\u0144 wynika, \u017ce samoch\u00f3d osobowy uderzy\u0142 w ty\u0142 ci\u0119\u017car\u00f3wki. Si\u0142a zderzenia by\u0142a tak du\u017ca, \u017ce osob\u00f3wka zosta\u0142a powa\u017cnie zniszczona.<\/p>\n\n\n\n<ul class=\"wp-block-list\">\n<li>O godzinie 11.25 do Stanowiska Kierowania KP PSP w Obornikach wp\u0142yn\u0119\u0142o zg\u0142oszenie o wypadku dw\u00f3ch samochod\u00f3w ci\u0119\u017carowych i jednego samochodu osobowego w miejscowo\u015bci Garbatka na DK11. Dwie osoby poszkodowane. Wszyscy podr\u00f3\u017cuj\u0105cy opu\u015bcili pojazdy przed przybyciem s\u0142u\u017cb. Do zdarzenia zadysponowano 2 zast\u0119py JRG Oborniki, OSP Rogo\u017ano, OSP Parkowo i OSP Go\u015bciejewo. Policja i pogotowie ratunkowe na miejscu zdarzenia &#8211; przekaza\u0142a portalowi o2.pl m\u0142. asp. Agata Kami\u0144ska z KP PSP w Obornikach.<br><\/li>\n<\/ul>\n\n\n\n<p class=\"wp-block-paragraph\">Na temat stanu poszkodowanych wypowiedzia\u0142a si\u0119 r\u00f3wnie\u017c policja. Jak przekaza\u0142 m\u0142. asp. Krzysztof Polzin z miejscowej komendy, dwie osoby uczestnicz\u0105ce w zdarzeniu zosta\u0142y przetransportowane do szpitala. Funkcjonariusz poinformowa\u0142, \u017ce ich \u017cyciu nie zagra\u017ca niebezpiecze\u0144stwo.<\/p>\n\n\n\n<p class=\"wp-block-paragraph\">Po zako\u0144czeniu dzia\u0142a\u0144 ratunkowych policjanci skupili si\u0119 na zabezpieczeniu miejsca zdarzenia oraz ustaleniu dok\u0142adnego przebiegu wypadku. Funkcjonariusze pracuj\u0105 nad przywr\u00f3ceniem przejazdu i wprowadzeniem ruchu wahad\u0142owego. Obecnie odcinek drogi krajowej nr 11 pozostaje ca\u0142kowicie zablokowany.<br><\/p>\n\n\n\n<ul class=\"wp-block-list\">\n<li>Kierowcy powinni zachowa\u0107 szczeg\u00f3ln\u0105 ostro\u017cno\u015b\u0107 oraz, je\u015bli to mo\u017cliwe, wybiera\u0107 alternatywne trasy &#8211; podaje policja w komunikacie.<\/li>\n<\/ul>\n\n\n\n<p class=\"wp-block-paragraph\">Mundurowi prowadz\u0105 czynno\u015bci maj\u0105ce wyja\u015bni\u0107, jak dosz\u0142o do zderzenia samochodu osobowego z pojazdem ci\u0119\u017carowym.<br><\/p>\n","protected":false},"excerpt":{"rendered":"Dramatyczny wypadek na DK11 w pi\u0105tkowy poranek. Osob\u00f3wka wbi\u0142a si\u0119 w ci\u0119\u017car\u00f3wk\u0119 Fot. Komenda Powiatowa Policji w ObornikachDo tragicznie wygl\u0105daj\u0105cego wypadku dosz\u0142o w \n<a class=\"moretag\" href=\"https:\/\/lifevery.biz.ua\/?p=21812\"> [...]<\/a>","protected":false},"author":1,"featured_media":21813,"comment_status":"open","ping_status":"open","sticky":false,"template":"","format":"standard","meta":{"footnotes":""},"categories":[1],"tags":[],"class_list":["post-21812","post","type-post","status-publish","format-standard","has-post-thumbnail","hentry","category-blog"],"_links":{"self":[{"href":"https:\/\/lifevery.biz.ua\/index.php?rest_route=\/wp\/v2\/posts\/21812","targetHints":{"allow":["GET"]}}],"collection":[{"href":"https:\/\/lifevery.biz.ua\/index.php?rest_route=\/wp\/v2\/posts"}],"about":[{"href":"https:\/\/lifevery.biz.ua\/index.php?rest_route=\/wp\/v2\/types\/post"}],"author":[{"embeddable":true,"href":"https:\/\/lifevery.biz.ua\/index.php?rest_route=\/wp\/v2\/users\/1"}],"replies":[{"embeddable":true,"href":"https:\/\/lifevery.biz.ua\/index.php?rest_route=%2Fwp%2Fv2%2Fcomments&post=21812"}],"version-history":[{"count":1,"href":"https:\/\/lifevery.biz.ua\/index.php?rest_route=\/wp\/v2\/posts\/21812\/revisions"}],"predecessor-version":[{"id":21814,"href":"https:\/\/lifevery.biz.ua\/index.php?rest_route=\/wp\/v2\/posts\/21812\/revisions\/21814"}],"wp:featuredmedia":[{"embeddable":true,"href":"https:\/\/lifevery.biz.ua\/index.php?rest_route=\/wp\/v2\/media\/21813"}],"wp:attachment":[{"href":"https:\/\/lifevery.biz.ua\/index.php?rest_route=%2Fwp%2Fv2%2Fmedia&parent=21812"}],"wp:term":[{"taxonomy":"category","embeddable":true,"href":"https:\/\/lifevery.biz.ua\/index.php?rest_route=%2Fwp%2Fv2%2Fcategories&post=21812"},{"taxonomy":"post_tag","embeddable":true,"href":"https:\/\/lifevery.biz.ua\/index.php?rest_route=%2Fwp%2Fv2%2Ftags&post=21812"}],"curies":[{"name":"wp","href":"https:\/\/api.w.org\/{rel}","templated":true}]}}