{"id":21803,"date":"2026-09-01T19:06:27","date_gmt":"2026-09-01T19:06:27","guid":{"rendered":"https:\/\/lifevery.biz.ua\/?p=21803"},"modified":"2026-09-01T19:06:27","modified_gmt":"2026-09-01T19:06:27","slug":"smiertelny-wypadek-w-jaworku-samochod-zderzyl-sie-z-motocyklem-51-latek-nie-zyje","status":"publish","type":"post","link":"https:\/\/lifevery.biz.ua\/?p=21803","title":{"rendered":"\u015amiertelny wypadek w Jaworku. Samoch\u00f3d zderzy\u0142 si\u0119 z motocyklem, 51-latek nie \u017cyje"},"content":{"rendered":"\n<p class=\"wp-block-paragraph\">\u015amiertelny wypadek w Jaworku. Samoch\u00f3d zderzy\u0142 si\u0119 z motocyklem, 51-latek nie \u017cyje<\/p>\n\n\n\n<p class=\"wp-block-paragraph\">Fot. Alarmowy \u0141owicz\/Facebook, zdj\u0119cie pogl\u0105dowe<br>Tragicznie zako\u0144czy\u0142a si\u0119 podr\u00f3\u017c ma\u0142\u017ce\u0144stwa wracaj\u0105cego z wakacyjnego wyjazdu. Na drodze dosz\u0142o do zderzenia samochodu osobowego z motocyklem. 51-letniego kierowcy jedno\u015bladu nie uda\u0142o si\u0119 uratowa\u0107. Jego \u017cona w ci\u0119\u017ckim stanie zosta\u0142a przetransportowana do szpitala.<\/p>\n\n\n\n<p class=\"wp-block-paragraph\">To mia\u0142a by\u0107 droga powrotna do domu po wakacyjnym wyje\u017adzie. Zamiast bezpiecznego zako\u0144czenia podr\u00f3\u017cy dosz\u0142o jednak do tragedii. Motocyklem podr\u00f3\u017cowa\u0142o ma\u0142\u017ce\u0144stwo, mieszka\u0144cy powiatu wielu\u0144skiego w wojew\u00f3dztwie \u0142\u00f3dzkim. W wyniku wypadku m\u0119\u017cczyzna zgin\u0105\u0142, a jego \u017cona zosta\u0142a ci\u0119\u017cko ranna. Dok\u0142adne okoliczno\u015bci zdarzenia s\u0105 obecnie ustalane przez policj\u0119 pod nadzorem prokuratury.<\/p>\n\n\n\n<p class=\"wp-block-paragraph\">Tragiczne zderzenie na drodze krajowej nr 43<br>Do wypadku dosz\u0142o w pi\u0105tek 7 sierpnia na drodze krajowej nr 43 w miejscowo\u015bci Jaworek, w okolicach Olesna. Jak wynika ze wst\u0119pnych ustale\u0144 funkcjonariuszy, samoch\u00f3d osobowy zderzy\u0142 si\u0119 z motocyklem, kt\u00f3rym podr\u00f3\u017cowa\u0142y dwie osoby. Zg\u0142oszenie dotycz\u0105ce wypadku s\u0142u\u017cby ratunkowe otrzyma\u0142y oko\u0142o godziny 13:59. Na miejsce skierowano odpowiednie s\u0142u\u017cby, kt\u00f3re rozpocz\u0119\u0142y akcj\u0119 ratunkow\u0105.<\/p>\n\n\n\n<p class=\"wp-block-paragraph\">Na razie nie s\u0105 znane szczeg\u00f3\u0142owe przyczyny ani dok\u0142adny przebieg zderzenia. Policjanci b\u0119d\u0105 wyja\u015bnia\u0107, w jaki spos\u00f3b dosz\u0142o do wypadku i co doprowadzi\u0142o do kolizji samochodu z jedno\u015bladem. Wiadomo natomiast, \u017ce skutki zdarzenia okaza\u0142y si\u0119 tragiczne. Kieruj\u0105cy motocyklem 51-letni m\u0119\u017cczyzna odni\u00f3s\u0142 obra\u017cenia, kt\u00f3re okaza\u0142y si\u0119 \u015bmiertelne. Lekarz stwierdzi\u0142 jego zgon pomimo podj\u0119tej przez s\u0142u\u017cby akcji ratunkowej. Pasa\u017cerka jedno\u015bladu r\u00f3wnie\u017c zosta\u0142a powa\u017cnie poszkodowana.<br>Ratownicy walczyli o \u017cycie poszkodowanych<br>Po otrzymaniu zg\u0142oszenia na miejsce wypadku ruszy\u0142y s\u0142u\u017cby ratunkowe. Pomimo podj\u0119tych dzia\u0142a\u0144 nie uda\u0142o si\u0119 uratowa\u0107 \u017cycia kieruj\u0105cego motocyklem. Lekarz stwierdzi\u0142 zgon 51-letniego m\u0119\u017cczyzny. W przypadku jego pasa\u017cerki konieczna by\u0142a natomiast pilna pomoc medyczna ze wzgl\u0119du na bardzo powa\u017cne obra\u017cenia, kt\u00f3rych dozna\u0142a w wyniku wypadku.<\/p>\n\n\n\n<p class=\"wp-block-paragraph\">Kobieta zosta\u0142a przetransportowana do szpitala \u015bmig\u0142owcem Lotniczego Pogotowia Ratunkowego. Jej stan zosta\u0142 okre\u015blony jako ci\u0119\u017cki. Wypadek wymaga\u0142 wi\u0119c zdecydowanej reakcji s\u0142u\u017cb i szybkiego przewiezienia poszkodowanej do plac\u00f3wki medycznej. Jednocze\u015bnie na miejscu prowadzone by\u0142y czynno\u015bci zwi\u0105zane z zabezpieczeniem zdarzenia i ustaleniem jego przebiegu. Policjanci z Komendy Powiatowej Policji w Ole\u015bnie zajm\u0105 si\u0119 wyja\u015bnieniem dok\u0142adnych okoliczno\u015bci oraz przyczyn tragedii. Post\u0119powanie prowadzone jest pod nadzorem prokuratury.<br>Nie \u017cyje 51-letni motocyklista<br>Ofiar\u0105 wypadku jest 51-letni m\u0119\u017cczyzna, kt\u00f3ry kierowa\u0142 motocyklem. Pomimo przeprowadzonej akcji ratunkowej jego \u017cycia nie uda\u0142o si\u0119 uratowa\u0107. Jak podaje o2, powo\u0142uj\u0105c si\u0119 na serwis \u201eProsto z Opolskiego\u201d, lekarz stwierdzi\u0142 zgon m\u0119\u017cczyzny. Pasa\u017cerk\u0105 motocykla by\u0142a jego \u017cona. Kobieta prze\u017cy\u0142a, jednak dozna\u0142a bardzo powa\u017cnych obra\u017ce\u0144 i w ci\u0119\u017ckim stanie trafi\u0142a do szpitala<br><\/p>\n","protected":false},"excerpt":{"rendered":"\u015amiertelny wypadek w Jaworku. Samoch\u00f3d zderzy\u0142 si\u0119 z motocyklem, 51-latek nie \u017cyje Fot. Alarmowy \u0141owicz\/Facebook, zdj\u0119cie pogl\u0105doweTragicznie zako\u0144czy\u0142a si\u0119 podr\u00f3\u017c ma\u0142\u017ce\u0144stwa wracaj\u0105cego z \n<a class=\"moretag\" href=\"https:\/\/lifevery.biz.ua\/?p=21803\"> [...]<\/a>","protected":false},"author":1,"featured_media":21804,"comment_status":"open","ping_status":"open","sticky":false,"template":"","format":"standard","meta":{"footnotes":""},"categories":[1],"tags":[],"class_list":["post-21803","post","type-post","status-publish","format-standard","has-post-thumbnail","hentry","category-blog"],"_links":{"self":[{"href":"https:\/\/lifevery.biz.ua\/index.php?rest_route=\/wp\/v2\/posts\/21803","targetHints":{"allow":["GET"]}}],"collection":[{"href":"https:\/\/lifevery.biz.ua\/index.php?rest_route=\/wp\/v2\/posts"}],"about":[{"href":"https:\/\/lifevery.biz.ua\/index.php?rest_route=\/wp\/v2\/types\/post"}],"author":[{"embeddable":true,"href":"https:\/\/lifevery.biz.ua\/index.php?rest_route=\/wp\/v2\/users\/1"}],"replies":[{"embeddable":true,"href":"https:\/\/lifevery.biz.ua\/index.php?rest_route=%2Fwp%2Fv2%2Fcomments&post=21803"}],"version-history":[{"count":1,"href":"https:\/\/lifevery.biz.ua\/index.php?rest_route=\/wp\/v2\/posts\/21803\/revisions"}],"predecessor-version":[{"id":21805,"href":"https:\/\/lifevery.biz.ua\/index.php?rest_route=\/wp\/v2\/posts\/21803\/revisions\/21805"}],"wp:featuredmedia":[{"embeddable":true,"href":"https:\/\/lifevery.biz.ua\/index.php?rest_route=\/wp\/v2\/media\/21804"}],"wp:attachment":[{"href":"https:\/\/lifevery.biz.ua\/index.php?rest_route=%2Fwp%2Fv2%2Fmedia&parent=21803"}],"wp:term":[{"taxonomy":"category","embeddable":true,"href":"https:\/\/lifevery.biz.ua\/index.php?rest_route=%2Fwp%2Fv2%2Fcategories&post=21803"},{"taxonomy":"post_tag","embeddable":true,"href":"https:\/\/lifevery.biz.ua\/index.php?rest_route=%2Fwp%2Fv2%2Ftags&post=21803"}],"curies":[{"name":"wp","href":"https:\/\/api.w.org\/{rel}","templated":true}]}}