{"id":21800,"date":"2026-09-01T19:00:46","date_gmt":"2026-09-01T19:00:46","guid":{"rendered":"https:\/\/lifevery.biz.ua\/?p=21800"},"modified":"2026-09-01T19:00:46","modified_gmt":"2026-09-01T19:00:46","slug":"tragiczny-wypadek-w-woj-kujawsko-pomorskim-w-akcji-smiglowiec-lpr-dramatyczna-akcja-sluzb-2","status":"publish","type":"post","link":"https:\/\/lifevery.biz.ua\/?p=21800","title":{"rendered":"Tragiczny wypadek w woj. kujawsko-pomorskim. W akcji \u015bmig\u0142owiec LPR, dramatyczna akcja s\u0142u\u017cb"},"content":{"rendered":"\n<p class=\"wp-block-paragraph\">Tragiczny wypadek w woj. kujawsko-pomorskim. W akcji \u015bmig\u0142owiec LPR, dramatyczna akcja s\u0142u\u017cb<\/p>\n\n\n\n<p class=\"wp-block-paragraph\">Fot. KM PSP Bydgoszcz<br>Chwile grozy w polskiej miejscowo\u015bci na sam start weekendu. Samoch\u00f3d osobowy z du\u017c\u0105 si\u0142\u0105 uderzy\u0142 w drzewo, a skutki zderzenia okaza\u0142y si\u0119 bardzo powa\u017cne. Dwie osoby wypad\u0142y przez przedni\u0105 szyb\u0119. Na miejsce wezwano \u015bmig\u0142owiec Lotniczego Pogotowia Ratunkowego. W sobotni poranek przekazano tragiczne informacje.<\/p>\n\n\n\n<p class=\"wp-block-paragraph\">Na miejscu natychmiast pojawi\u0142y si\u0119 s\u0142u\u017cby ratunkowe, kt\u00f3re zabezpieczy\u0142y teren i rozpocz\u0119\u0142y akcj\u0119 ratunkow\u0105. Okoliczno\u015bci wypadku s\u0105 ustalane przez policj\u0119. Wiadomo ju\u017c, co wydarzy\u0142o si\u0119 na drodze w Bor\u00f3wnie i w jakim stanie s\u0105 poszkodowani.<\/p>\n\n\n\n<p class=\"wp-block-paragraph\">Samoch\u00f3d uderzy\u0142 w drzewo. Policja ustali\u0142a wst\u0119pny przebieg wypadku<br>Do gro\u017anego wypadku dosz\u0142o w pi\u0105tkowy wiecz\u00f3r w Bor\u00f3wnie pod Bydgoszcz\u0105. Na miejscu szybko pojawi\u0142y si\u0119 s\u0142u\u017cby, a policjanci rozpocz\u0119li ustalanie okoliczno\u015bci wypadku. Funkcjonariusze przedstawili ju\u017c wst\u0119pne informacje dotycz\u0105ce jego przebiegu.<\/p>\n\n\n\n<ul class=\"wp-block-list\">\n<li>W pi\u0105tek o godz. 19:15 otrzymali\u015bmy zg\u0142oszenie o zdarzeniu drogowym z udzia\u0142em jednego pojazdu w Bor\u00f3wnie przy ul. Gda\u0144skiej. Policjanci wst\u0119pnie ustalili, \u017ce osoba kieruj\u0105ca Mitsubishi &#8211; z nieznanej przyczyny &#8211; utraci\u0142a panowanie pojazdem, przez co uderzy\u0142a w przydro\u017cne drzewo &#8211; przekaza\u0142 portalowi o2.pl m\u0142. asp. Jakub Skrzypek z zespo\u0142u komunikacji spo\u0142ecznej Komendy Miejskiej Policji w Bydgoszczy.<\/li>\n<\/ul>\n\n\n\n<p class=\"wp-block-paragraph\">Si\u0142a uderzenia wyrzuci\u0142a pasa\u017cer\u00f3w z auta<br>Zderzenie mia\u0142o powa\u017cne konsekwencje dla os\u00f3b podr\u00f3\u017cuj\u0105cych samochodem. Si\u0142a uderzenia by\u0142a tak du\u017ca, \u017ce oboje wypadli z pojazdu przez przedni\u0105 szyb\u0119 i znale\u017ali si\u0119 na poboczu. Poszkodowani wymagali pomocy medycznej i zostali przewiezieni do szpitala.<\/p>\n\n\n\n<ul class=\"wp-block-list\">\n<li>Na skutek tego uderzenia kobieta i m\u0119\u017cczyzna znajduj\u0105cy si\u0119 w poje\u017adzie wypadli z niego przez przedni\u0105 szyb\u0119. 31-latek i 36-latka z obra\u017ceniami zostali przetransportowani do szpitala &#8211; doda\u0142 m\u0142. asp. Skrzypek.<\/li>\n<\/ul>\n\n\n\n<p class=\"wp-block-paragraph\">Na tym etapie nie jest jeszcze jasne, kto siedzia\u0142 za kierownic\u0105 Mitsubishi ani dlaczego samoch\u00f3d zjecha\u0142 z drogi. Policjanci b\u0119d\u0105 teraz szczeg\u00f3\u0142owo wyja\u015bnia\u0107 przebieg zdarzenia.<\/p>\n\n\n\n<ul class=\"wp-block-list\">\n<li>W tej sprawie b\u0119dzie prowadzone post\u0119powanie, kt\u00f3re wyja\u015bni, kto kierowa\u0142 Mitsubishi i okoliczno\u015bci oraz przyczyn\u0119 zdarzenia &#8211; podsumowa\u0142.<br><\/li>\n<\/ul>\n\n\n\n<p class=\"wp-block-paragraph\">Dramatyczna akcja ratunkowa. Na miejsce wezwano LPR<br>Stan poszkodowanych wymaga\u0142 szybkiej pomocy medycznej. Kobieta po wypadku by\u0142a przytomna i zosta\u0142a zabrana do szpitala przez zesp\u00f3\u0142 ratownictwa medycznego. Znacznie powa\u017cniej wygl\u0105da\u0142a sytuacja drugiego poszkodowanego.<br><\/p>\n","protected":false},"excerpt":{"rendered":"Tragiczny wypadek w woj. kujawsko-pomorskim. W akcji \u015bmig\u0142owiec LPR, dramatyczna akcja s\u0142u\u017cb Fot. KM PSP BydgoszczChwile grozy w polskiej miejscowo\u015bci na sam start \n<a class=\"moretag\" href=\"https:\/\/lifevery.biz.ua\/?p=21800\"> [...]<\/a>","protected":false},"author":1,"featured_media":21801,"comment_status":"open","ping_status":"open","sticky":false,"template":"","format":"standard","meta":{"footnotes":""},"categories":[1],"tags":[],"class_list":["post-21800","post","type-post","status-publish","format-standard","has-post-thumbnail","hentry","category-blog"],"_links":{"self":[{"href":"https:\/\/lifevery.biz.ua\/index.php?rest_route=\/wp\/v2\/posts\/21800","targetHints":{"allow":["GET"]}}],"collection":[{"href":"https:\/\/lifevery.biz.ua\/index.php?rest_route=\/wp\/v2\/posts"}],"about":[{"href":"https:\/\/lifevery.biz.ua\/index.php?rest_route=\/wp\/v2\/types\/post"}],"author":[{"embeddable":true,"href":"https:\/\/lifevery.biz.ua\/index.php?rest_route=\/wp\/v2\/users\/1"}],"replies":[{"embeddable":true,"href":"https:\/\/lifevery.biz.ua\/index.php?rest_route=%2Fwp%2Fv2%2Fcomments&post=21800"}],"version-history":[{"count":1,"href":"https:\/\/lifevery.biz.ua\/index.php?rest_route=\/wp\/v2\/posts\/21800\/revisions"}],"predecessor-version":[{"id":21802,"href":"https:\/\/lifevery.biz.ua\/index.php?rest_route=\/wp\/v2\/posts\/21800\/revisions\/21802"}],"wp:featuredmedia":[{"embeddable":true,"href":"https:\/\/lifevery.biz.ua\/index.php?rest_route=\/wp\/v2\/media\/21801"}],"wp:attachment":[{"href":"https:\/\/lifevery.biz.ua\/index.php?rest_route=%2Fwp%2Fv2%2Fmedia&parent=21800"}],"wp:term":[{"taxonomy":"category","embeddable":true,"href":"https:\/\/lifevery.biz.ua\/index.php?rest_route=%2Fwp%2Fv2%2Fcategories&post=21800"},{"taxonomy":"post_tag","embeddable":true,"href":"https:\/\/lifevery.biz.ua\/index.php?rest_route=%2Fwp%2Fv2%2Ftags&post=21800"}],"curies":[{"name":"wp","href":"https:\/\/api.w.org\/{rel}","templated":true}]}}