{"id":21791,"date":"2026-09-01T18:44:06","date_gmt":"2026-09-01T18:44:06","guid":{"rendered":"https:\/\/lifevery.biz.ua\/?p=21791"},"modified":"2026-09-01T18:44:06","modified_gmt":"2026-09-01T18:44:06","slug":"tragiczny-wypadek-na-drodze-krajowej-nr-9-zginela-jedna-osoba-trasa-zablokowana","status":"publish","type":"post","link":"https:\/\/lifevery.biz.ua\/?p=21791","title":{"rendered":"Tragiczny wypadek na drodze krajowej nr 9. Zgin\u0119\u0142a jedna osoba, trasa zablokowana"},"content":{"rendered":"\n<p class=\"wp-block-paragraph\">Tragiczny wypadek na drodze krajowej nr 9. Zgin\u0119\u0142a jedna osoba, trasa zablokowana<\/p>\n\n\n\n<p class=\"wp-block-paragraph\">Fot. PSP Sandomierz<br>Tragiczny wypadek na drodze krajowej nr 9 w miejscowo\u015bci Jasienica w wojew\u00f3dztwie \u015bwi\u0119tokrzyskim. W poniedzia\u0142ek przed po\u0142udniem samoch\u00f3d osobowy zderzy\u0142 si\u0119 tam z ci\u0119\u017car\u00f3wk\u0105, na skutek czego jedna osoba zgin\u0119\u0142a. Trasa zosta\u0142a ca\u0142kowicie zablokowana.<\/p>\n\n\n\n<p class=\"wp-block-paragraph\">Na miejscu trwa akcja s\u0142u\u017cb, a kierowcy musz\u0105 liczy\u0107 si\u0119 z powa\u017cnymi utrudnieniami. Policjanci ustalaj\u0105 dok\u0142adne okoliczno\u015bci i przyczyny tragedii.<\/p>\n\n\n\n<p class=\"wp-block-paragraph\">Czo\u0142owe zderzenie osob\u00f3wki z ci\u0119\u017car\u00f3wk\u0105<br>Do wypadku dosz\u0142o w poniedzia\u0142ek 10 sierpnia oko\u0142o godziny 10:22 na trasie mi\u0119dzy Opatowem a Rzeszowem. Ze wst\u0119pnych informacji wynika, \u017ce samoch\u00f3d osobowy zderzy\u0142 si\u0119 czo\u0142owo z ci\u0119\u017car\u00f3wk\u0105. W pojazdach podr\u00f3\u017cowa\u0142y \u0142\u0105cznie dwie osoby.<\/p>\n\n\n\n<ul class=\"wp-block-list\">\n<li>Samoch\u00f3d osobowy zderzy\u0142 si\u0119 czo\u0142owo z samochodem ci\u0119\u017carowym. Samochodami podr\u00f3\u017cowa\u0142y \u0142\u0105cznie 2 osoby, kt\u00f3re znajdowa\u0142y si\u0119 pod opiek\u0105 za\u0142ogi ratownictwa medycznego &#8211; przekaza\u0142 m\u0142. kpt. Dominik G\u00f3recki z Pa\u0144stwowej Stra\u017cy Po\u017carnej w Sandomierzu.<br><\/li>\n<\/ul>\n\n\n\n<p class=\"wp-block-paragraph\">Jedna osoba nie \u017cyje. Kierowca ci\u0119\u017car\u00f3wki trafi\u0142 do szpitala<br>Niestety, mimo podj\u0119tych dzia\u0142a\u0144 ratunkowych \u017cycia jednej z os\u00f3b nie uda\u0142o si\u0119 uratowa\u0107. \u015amier\u0107 na miejscu poni\u00f3s\u0142 kierowca samochodu osobowego. Drugi uczestnik wypadku, kieruj\u0105cy ci\u0119\u017car\u00f3wk\u0105, zosta\u0142 ranny i trafi\u0142 do szpitala.<\/p>\n\n\n\n<ul class=\"wp-block-list\">\n<li>W wyniku zdarzenia \u015bmier\u0107 na miejscu poni\u00f3s\u0142 43-letni kieruj\u0105cy samochodem osobowym marki Toyota, natomiast 33-letni kieruj\u0105cy ci\u0119\u017car\u00f3wk\u0105 DAF z obra\u017ceniami zosta\u0142 przetransportowany do szpitala. Na miejscu policjanci prowadz\u0105 czynno\u015bci pod nadzorem prokuratora zmierzaj\u0105ce do ustalenia przyczyn i okoliczno\u015bci tego tragicznego w skutkach zdarzenia &#8211; powiedzia\u0142a asp. Iwona Paluch z Komendy Powiatowej Policji w Sandomierzu.<br><\/li>\n<\/ul>\n","protected":false},"excerpt":{"rendered":"Tragiczny wypadek na drodze krajowej nr 9. Zgin\u0119\u0142a jedna osoba, trasa zablokowana Fot. PSP SandomierzTragiczny wypadek na drodze krajowej nr 9 w miejscowo\u015bci \n<a class=\"moretag\" href=\"https:\/\/lifevery.biz.ua\/?p=21791\"> [...]<\/a>","protected":false},"author":1,"featured_media":21792,"comment_status":"open","ping_status":"open","sticky":false,"template":"","format":"standard","meta":{"footnotes":""},"categories":[1],"tags":[],"class_list":["post-21791","post","type-post","status-publish","format-standard","has-post-thumbnail","hentry","category-blog"],"_links":{"self":[{"href":"https:\/\/lifevery.biz.ua\/index.php?rest_route=\/wp\/v2\/posts\/21791","targetHints":{"allow":["GET"]}}],"collection":[{"href":"https:\/\/lifevery.biz.ua\/index.php?rest_route=\/wp\/v2\/posts"}],"about":[{"href":"https:\/\/lifevery.biz.ua\/index.php?rest_route=\/wp\/v2\/types\/post"}],"author":[{"embeddable":true,"href":"https:\/\/lifevery.biz.ua\/index.php?rest_route=\/wp\/v2\/users\/1"}],"replies":[{"embeddable":true,"href":"https:\/\/lifevery.biz.ua\/index.php?rest_route=%2Fwp%2Fv2%2Fcomments&post=21791"}],"version-history":[{"count":1,"href":"https:\/\/lifevery.biz.ua\/index.php?rest_route=\/wp\/v2\/posts\/21791\/revisions"}],"predecessor-version":[{"id":21793,"href":"https:\/\/lifevery.biz.ua\/index.php?rest_route=\/wp\/v2\/posts\/21791\/revisions\/21793"}],"wp:featuredmedia":[{"embeddable":true,"href":"https:\/\/lifevery.biz.ua\/index.php?rest_route=\/wp\/v2\/media\/21792"}],"wp:attachment":[{"href":"https:\/\/lifevery.biz.ua\/index.php?rest_route=%2Fwp%2Fv2%2Fmedia&parent=21791"}],"wp:term":[{"taxonomy":"category","embeddable":true,"href":"https:\/\/lifevery.biz.ua\/index.php?rest_route=%2Fwp%2Fv2%2Fcategories&post=21791"},{"taxonomy":"post_tag","embeddable":true,"href":"https:\/\/lifevery.biz.ua\/index.php?rest_route=%2Fwp%2Fv2%2Ftags&post=21791"}],"curies":[{"name":"wp","href":"https:\/\/api.w.org\/{rel}","templated":true}]}}