{"id":21783,"date":"2026-09-01T04:18:00","date_gmt":"2026-09-01T04:18:00","guid":{"rendered":"https:\/\/lifevery.biz.ua\/?p=21783"},"modified":"2026-09-01T04:18:00","modified_gmt":"2026-09-01T04:18:00","slug":"potezny-karambol-na-s3-zderzylo-sie-7-samochodow-droga-calkowicie-zablokowana-trwa-akcja-sluzb","status":"publish","type":"post","link":"https:\/\/lifevery.biz.ua\/?p=21783","title":{"rendered":"Pot\u0119\u017cny karambol na S3. Zderzy\u0142o si\u0119 7 samochod\u00f3w, droga ca\u0142kowicie zablokowana. Trwa akcja s\u0142u\u017cb"},"content":{"rendered":"\n<p class=\"wp-block-paragraph\">Pot\u0119\u017cny karambol na S3. Zderzy\u0142o si\u0119 7 samochod\u00f3w, droga ca\u0142kowicie zablokowana. Trwa akcja s\u0142u\u017cb<\/p>\n\n\n\n<p class=\"wp-block-paragraph\">deniska_ua\/shutterstock<br>Do gro\u017anego karambolu dosz\u0142o w poniedzia\u0142ek 10 sierpnia na jednej z kluczowych polskich tras. Zderzy\u0142o si\u0119 a\u017c 7 pojazd\u00f3w, a droga w miejscu zdarzenia jest ca\u0142kowicie zablokowana. Aktualnie trwa pilna akcja s\u0142u\u017cb, kt\u00f3re zabezpieczy\u0142y ten odcinek trasy, jak r\u00f3wnie\u017c ustalaj\u0105 szczeg\u00f3\u0142y tego zdarzenia. Niestety, ale kierowcy musz\u0105 uzbroi\u0107 si\u0119 w cierpliwo\u015b\u0107, poniewa\u017c wyst\u0119puj\u0105 powa\u017cne utrudnienia w ruchu, a korek ma ju\u017c ponad 13 kilometr\u00f3w.<\/p>\n\n\n\n<p class=\"wp-block-paragraph\">W poniedzia\u0142kowe popo\u0142udnie przekazano, \u017ce na trasie S3 w stron\u0119 Szczecina mi\u0119dzy obwodnic\u0105 Goleniowa, a w\u0119z\u0142em Kliniska dosz\u0142o do powa\u017cnego zderzenia a\u017c siedmiu pojazd\u00f3w. W wypadku bra\u0142o udzia\u0142 sze\u015b\u0107 osob\u00f3wek oraz bus.<\/p>\n\n\n\n<p class=\"wp-block-paragraph\">Powa\u017cny karambol na S3. Zderzy\u0142o si\u0119 a\u017c 7 samochod\u00f3w. Trwa akcja s\u0142u\u017cb<br>Chwila nieuwagi czy te\u017c brak odpowiedniego skupienia to jedne z najcz\u0119stszych b\u0142\u0119d\u00f3w prowadz\u0105cych do dramatycznych zdarze\u0144 drogowych. Do powa\u017cnego wypadku dosz\u0142o w poniedzia\u0142ek 10 sierpnia na jednym z odcink\u00f3w S3 w kierunku Szczecina.&nbsp;<\/p>\n\n\n\n<p class=\"wp-block-paragraph\">Do karambolu dosz\u0142o mi\u0119dzy obwodnic\u0105 Goleniowa a w\u0119z\u0142em Kliniska. Z informacji przekazanych przez RMF FM wynika, \u017ce po godzinie 13:00 zderzy\u0142o si\u0119 sze\u015b\u0107 aut osobowych oraz jeden bus.<\/p>\n\n\n\n<p class=\"wp-block-paragraph\">Kierowcy podr\u00f3\u017cuj\u0105cy tras\u0105 musz\u0105 uzbroi\u0107 si\u0119 w pot\u0119\u017cne nak\u0142ady cierpliwo\u015bci, poniewa\u017c korek ma ju\u017c niemal 13 kilometr\u00f3w. Samo pokonanie tego odcinka mo\u017ce zaj\u0105\u0107 a\u017c p\u00f3\u0142 godziny.<br><\/p>\n\n\n\n<p class=\"wp-block-paragraph\">Gro\u017any karambol na polskiej trasie. Trwa akcja s\u0142u\u017cb<br>Jak informuje portal RMF FM, na miejscu zdarzenia trwa pilna akcja s\u0142u\u017cb, kt\u00f3re zabezpieczaj\u0105 miejsce zdarzenia, a tak\u017ce ustalaj\u0105 szczeg\u00f3\u0142owe okoliczno\u015bci incydentu. Aktualnie nie ma informacji o poszkodowanych.&nbsp;<\/p>\n\n\n\n<p class=\"wp-block-paragraph\">Policjanci informuj\u0105, \u017ce ponadto utrudnienia zaczynaj\u0105 si\u0119 tworzy\u0107 na drodze w stron\u0119 Goleniowa. Kierowcy zwalniaj\u0105, aby zobaczy\u0107, co wydarzy\u0142o si\u0119 po drugiej stronie jezdni. Apeluj\u0105 tym samym o zachowanie szczeg\u00f3lnej ostro\u017cno\u015bci.<br>\u00a0<br><\/p>\n","protected":false},"excerpt":{"rendered":"Pot\u0119\u017cny karambol na S3. Zderzy\u0142o si\u0119 7 samochod\u00f3w, droga ca\u0142kowicie zablokowana. Trwa akcja s\u0142u\u017cb deniska_ua\/shutterstockDo gro\u017anego karambolu dosz\u0142o w poniedzia\u0142ek 10 sierpnia na \n<a class=\"moretag\" href=\"https:\/\/lifevery.biz.ua\/?p=21783\"> [...]<\/a>","protected":false},"author":1,"featured_media":21784,"comment_status":"open","ping_status":"open","sticky":false,"template":"","format":"standard","meta":{"footnotes":""},"categories":[1],"tags":[],"class_list":["post-21783","post","type-post","status-publish","format-standard","has-post-thumbnail","hentry","category-blog"],"_links":{"self":[{"href":"https:\/\/lifevery.biz.ua\/index.php?rest_route=\/wp\/v2\/posts\/21783","targetHints":{"allow":["GET"]}}],"collection":[{"href":"https:\/\/lifevery.biz.ua\/index.php?rest_route=\/wp\/v2\/posts"}],"about":[{"href":"https:\/\/lifevery.biz.ua\/index.php?rest_route=\/wp\/v2\/types\/post"}],"author":[{"embeddable":true,"href":"https:\/\/lifevery.biz.ua\/index.php?rest_route=\/wp\/v2\/users\/1"}],"replies":[{"embeddable":true,"href":"https:\/\/lifevery.biz.ua\/index.php?rest_route=%2Fwp%2Fv2%2Fcomments&post=21783"}],"version-history":[{"count":1,"href":"https:\/\/lifevery.biz.ua\/index.php?rest_route=\/wp\/v2\/posts\/21783\/revisions"}],"predecessor-version":[{"id":21785,"href":"https:\/\/lifevery.biz.ua\/index.php?rest_route=\/wp\/v2\/posts\/21783\/revisions\/21785"}],"wp:featuredmedia":[{"embeddable":true,"href":"https:\/\/lifevery.biz.ua\/index.php?rest_route=\/wp\/v2\/media\/21784"}],"wp:attachment":[{"href":"https:\/\/lifevery.biz.ua\/index.php?rest_route=%2Fwp%2Fv2%2Fmedia&parent=21783"}],"wp:term":[{"taxonomy":"category","embeddable":true,"href":"https:\/\/lifevery.biz.ua\/index.php?rest_route=%2Fwp%2Fv2%2Fcategories&post=21783"},{"taxonomy":"post_tag","embeddable":true,"href":"https:\/\/lifevery.biz.ua\/index.php?rest_route=%2Fwp%2Fv2%2Ftags&post=21783"}],"curies":[{"name":"wp","href":"https:\/\/api.w.org\/{rel}","templated":true}]}}