{"id":21780,"date":"2026-09-01T04:14:00","date_gmt":"2026-09-01T04:14:00","guid":{"rendered":"https:\/\/lifevery.biz.ua\/?p=21780"},"modified":"2026-09-01T04:14:00","modified_gmt":"2026-09-01T04:14:00","slug":"tragedia-na-plazy-nad-baltykiem-nie-zyje-mezczyzna-zaczal-tonac-na-oczach-towarzyszki","status":"publish","type":"post","link":"https:\/\/lifevery.biz.ua\/?p=21780","title":{"rendered":"Tragedia na pla\u017cy nad Ba\u0142tykiem. Nie \u017cyje m\u0119\u017cczyzna, zacz\u0105\u0142 ton\u0105\u0107 na oczach towarzyszki"},"content":{"rendered":"\n<p class=\"wp-block-paragraph\">Tragedia na pla\u017cy nad Ba\u0142tykiem. Nie \u017cyje m\u0119\u017cczyzna, zacz\u0105\u0142 ton\u0105\u0107 na oczach towarzyszki<\/p>\n\n\n\n<p class=\"wp-block-paragraph\">Policja (zdj. ilustracyjne), fot. Dawid Wolski\/East News<br>W poniedzia\u0142ek 10 sierpnia w godzinach porannych na jednej z polskich pla\u017c dosz\u0142o do tragicznego wypadku. Nie \u017cyje m\u0119\u017cczyzna, kt\u00f3ry nagle znikn\u0105\u0142 pod wod\u0105 i nie wyp\u0142yn\u0105\u0142 na powierzchni\u0119. M\u0119\u017cczyzna zacz\u0105\u0142 ton\u0105\u0107 podczas porannego p\u0142ywania blisko brzegu. Dramatyczn\u0105 akcj\u0119 ratunkow\u0105 rozpocz\u0119\u0142a jego towarzyszka.<\/p>\n\n\n\n<p class=\"wp-block-paragraph\">Do zdarzenia dosz\u0142o oko\u0142o godz. 5.00 rano w poniedzia\u0142ek, 10 sierpnia, w G\u0105skach w wojew\u00f3dztwie zachodniopomorskim. Jak opisuje portal twojeinfo24.pl, 67-latek wszed\u0142 do morza i p\u0142ywa\u0142 niedaleko brzegu. W pewnym momencie jego g\u0142owa znalaz\u0142a si\u0119 pod wod\u0105. Kobieta, kt\u00f3ra mu towarzyszy\u0142a, natychmiast zareagowa\u0142a.<\/p>\n\n\n\n<p class=\"wp-block-paragraph\">Tragedia na pla\u017cy w G\u0105skach. 67-latek nagle znalaz\u0142 si\u0119 pod wod\u0105<br>Poranny pobyt nad Ba\u0142tykiem zako\u0144czy\u0142 si\u0119 dramatem. Wed\u0142ug informacji przekazanych przez portal twojeinfo24.pl 67-letni m\u0119\u017cczyzna wszed\u0142 do morza w G\u0105skach i zacz\u0105\u0142 p\u0142ywa\u0107 blisko brzegu. Nic w przekazanym opisie nie wskazuje na to, aby wcze\u015bniej znajdowa\u0142 si\u0119 daleko od linii brzegowej.<\/p>\n\n\n\n<p class=\"wp-block-paragraph\">W pewnym momencie sytuacja gwa\u0142townie si\u0119 zmieni\u0142a. G\u0142owa 67-latka znalaz\u0142a si\u0119 pod wod\u0105. Towarzysz\u0105ca mu kobieta zauwa\u017cy\u0142a, co si\u0119 dzieje, i ruszy\u0142a na pomoc.<\/p>\n\n\n\n<p class=\"wp-block-paragraph\">Kobieta zdo\u0142a\u0142a wyci\u0105gn\u0105\u0107 m\u0119\u017cczyzn\u0119 z wody na brzeg. Nie czeka\u0142a na przyjazd s\u0142u\u017cb i od razu rozpocz\u0119\u0142a reanimacj\u0119. Do walki o \u017cycie 67-latka w\u0142\u0105czy\u0142y si\u0119 r\u00f3wnie\u017c inne osoby przebywaj\u0105ce o tej porze na pla\u017cy.<\/p>\n\n\n\n<p class=\"wp-block-paragraph\">Sytuacja rozgrywa\u0142a si\u0119 bardzo wcze\u015bnie rano, oko\u0142o godz. 5.00. Mimo tej pory na miejscu znale\u017ali si\u0119 \u015bwiadkowie, kt\u00f3rzy byli w stanie wesprze\u0107 kobiet\u0119 podczas prowadzenia czynno\u015bci ratunkowych. Jednocze\u015bnie na miejsce wezwano profesjonaln\u0105 pomoc medyczn\u0105.<br><\/p>\n\n\n\n<p class=\"wp-block-paragraph\">Towarzyszka rozpocz\u0119\u0142a reanimacj\u0119. Pomagali inni pla\u017cowicze<br>Akcja ratunkowa rozpocz\u0119\u0142a si\u0119 jeszcze przed przyjazdem zespo\u0142u ratownictwa medycznego. Najpierw dzia\u0142ania podj\u0119\u0142a kobieta towarzysz\u0105ca 67-latkowi. Po wydostaniu go z morza rozpocz\u0119\u0142a reanimacj\u0119, a nast\u0119pnie do pomocy do\u0142\u0105czyli inni \u015bwiadkowie zdarzenia.<\/p>\n\n\n\n<p class=\"wp-block-paragraph\">Informacje o przebiegu akcji przekaza\u0142a portalowi twojeinfo24.pl st. asp. Izabela Sreberska z Zespo\u0142u ds. Komunikacji Spo\u0142ecznej Komendy Miejskiej Policji w Koszalinie.<\/p>\n\n\n\n<p class=\"wp-block-paragraph\">\u2013 \u015awiadkowie pomagali w jej prowadzeniu do czasu przyjazdu zespo\u0142u ratownictwa medycznego \u2013 przekaza\u0142a portalowi twojeinfo24.pl st. asp. Izabela Sreberska z Zespo\u0142u ds. Komunikacji Spo\u0142ecznej KMP w Koszalinie.<\/p>\n\n\n\n<p class=\"wp-block-paragraph\">Po przyje\u017adzie zespo\u0142u ratownictwa medycznego dzia\u0142ania ratunkowe by\u0142y kontynuowane. Mimo udzielonej pomocy oraz wysi\u0142k\u00f3w podejmowanych w celu uratowania m\u0119\u017cczyzny nie uda\u0142o si\u0119 przywr\u00f3ci\u0107 mu funkcji \u017cyciowych. 67-latek zmar\u0142.<\/p>\n\n\n\n<p class=\"wp-block-paragraph\">Z przekazanych informacji nie wynika, co dok\u0142adnie spowodowa\u0142o, \u017ce m\u0119\u017cczyzna znalaz\u0142 si\u0119 pod wod\u0105. Nie podano r\u00f3wnie\u017c informacji o wcze\u015bniejszych problemach zdrowotnych ani innych okoliczno\u015bciach, kt\u00f3re mog\u0142yby wyja\u015bnia\u0107 przebieg zdarzenia. Wiadomo jedynie, \u017ce chwil\u0119 wcze\u015bniej m\u0119\u017cczyzna p\u0142ywa\u0142 blisko brzegu, a nast\u0119pnie jego g\u0142owa znalaz\u0142a si\u0119 pod powierzchni\u0105 wody.<br><\/p>\n\n\n\n<p class=\"wp-block-paragraph\">Jak przekazuje portal twojeinfo24.pl, po zapoznaniu si\u0119 z sytuacj\u0105 prokurator odst\u0105pi\u0142 od dalszych czynno\u015bci. W przekazanych materia\u0142ach nie wskazano dodatkowych dzia\u0142a\u0144, kt\u00f3re mia\u0142yby by\u0107 prowadzone w zwi\u0105zku z tragedi\u0105.<\/p>\n\n\n\n<p class=\"wp-block-paragraph\">Nie podano r\u00f3wnie\u017c, by w sprawie pojawi\u0142y si\u0119 informacje wskazuj\u0105ce na udzia\u0142 os\u00f3b trzecich. Materia\u0142 nie zawiera ustalonej przyczyny tego, dlaczego 67-latek podczas p\u0142ywania znalaz\u0142 si\u0119 pod wod\u0105. Ostatni\u0105 potwierdzon\u0105 informacj\u0105 jest decyzja prokuratora o odst\u0105pieniu od dalszych czynno\u015bci na miejscu zdarzenia.<br><\/p>\n","protected":false},"excerpt":{"rendered":"Tragedia na pla\u017cy nad Ba\u0142tykiem. Nie \u017cyje m\u0119\u017cczyzna, zacz\u0105\u0142 ton\u0105\u0107 na oczach towarzyszki Policja (zdj. ilustracyjne), fot. Dawid Wolski\/East NewsW poniedzia\u0142ek 10 sierpnia \n<a class=\"moretag\" href=\"https:\/\/lifevery.biz.ua\/?p=21780\"> [...]<\/a>","protected":false},"author":1,"featured_media":21781,"comment_status":"open","ping_status":"open","sticky":false,"template":"","format":"standard","meta":{"footnotes":""},"categories":[1],"tags":[],"class_list":["post-21780","post","type-post","status-publish","format-standard","has-post-thumbnail","hentry","category-blog"],"_links":{"self":[{"href":"https:\/\/lifevery.biz.ua\/index.php?rest_route=\/wp\/v2\/posts\/21780","targetHints":{"allow":["GET"]}}],"collection":[{"href":"https:\/\/lifevery.biz.ua\/index.php?rest_route=\/wp\/v2\/posts"}],"about":[{"href":"https:\/\/lifevery.biz.ua\/index.php?rest_route=\/wp\/v2\/types\/post"}],"author":[{"embeddable":true,"href":"https:\/\/lifevery.biz.ua\/index.php?rest_route=\/wp\/v2\/users\/1"}],"replies":[{"embeddable":true,"href":"https:\/\/lifevery.biz.ua\/index.php?rest_route=%2Fwp%2Fv2%2Fcomments&post=21780"}],"version-history":[{"count":1,"href":"https:\/\/lifevery.biz.ua\/index.php?rest_route=\/wp\/v2\/posts\/21780\/revisions"}],"predecessor-version":[{"id":21782,"href":"https:\/\/lifevery.biz.ua\/index.php?rest_route=\/wp\/v2\/posts\/21780\/revisions\/21782"}],"wp:featuredmedia":[{"embeddable":true,"href":"https:\/\/lifevery.biz.ua\/index.php?rest_route=\/wp\/v2\/media\/21781"}],"wp:attachment":[{"href":"https:\/\/lifevery.biz.ua\/index.php?rest_route=%2Fwp%2Fv2%2Fmedia&parent=21780"}],"wp:term":[{"taxonomy":"category","embeddable":true,"href":"https:\/\/lifevery.biz.ua\/index.php?rest_route=%2Fwp%2Fv2%2Fcategories&post=21780"},{"taxonomy":"post_tag","embeddable":true,"href":"https:\/\/lifevery.biz.ua\/index.php?rest_route=%2Fwp%2Fv2%2Ftags&post=21780"}],"curies":[{"name":"wp","href":"https:\/\/api.w.org\/{rel}","templated":true}]}}