{"id":21773,"date":"2026-08-31T21:13:17","date_gmt":"2026-08-31T21:13:17","guid":{"rendered":"https:\/\/lifevery.biz.ua\/?p=21773"},"modified":"2026-08-31T21:13:17","modified_gmt":"2026-08-31T21:13:17","slug":"6-latek-podpalil-zabawki-i-wybuchl-pozar-w-akcji-wszystkie-sluzby-w-takim-stanie-byla-matka","status":"publish","type":"post","link":"https:\/\/lifevery.biz.ua\/?p=21773","title":{"rendered":"6-latek podpali\u0142 zabawki i wybuch\u0142 po\u017car. W akcji wszystkie s\u0142u\u017cby, w takim stanie by\u0142a matka"},"content":{"rendered":"\n<p class=\"wp-block-paragraph\">6-latek podpali\u0142 zabawki i wybuch\u0142 po\u017car. W akcji wszystkie s\u0142u\u017cby, w takim stanie by\u0142a matka<\/p>\n\n\n\n<p class=\"wp-block-paragraph\">Stra\u017c po\u017carna (zdj. ilustracyjne), fot. Wojciech Olkusnik\/East News<br>Sze\u015bciolatek z Recza w wojew\u00f3dztwie zachodniopomorskim doprowadzi\u0142 do po\u017caru mieszkania. Ch\u0142opiec podpali\u0142 zabawki przy u\u017cyciu zapalniczki. Dwoje ma\u0142ych dzieci trafi\u0142o do szpitala po ewakuacji z zadymionego budynku. Policja zbada\u0142a tak\u017ce obecn\u0105 na miejscu matk\u0119 dzieci.<\/p>\n\n\n\n<p class=\"wp-block-paragraph\">Do po\u017caru dosz\u0142o w jednym z budynk\u00f3w mieszkalnych w Reczu. Jak podaje TVN24.pl, jeszcze przed przyjazdem stra\u017cak\u00f3w przechodnie wynie\u015bli z zadymionego budynku dzieci. Na miejsce skierowano cztery zast\u0119py stra\u017cy po\u017carnej. W dzia\u0142aniach uczestniczy\u0142o kilkunastu ratownik\u00f3w.<\/p>\n\n\n\n<p class=\"wp-block-paragraph\">Po\u017car mieszkania w Reczu. Sze\u015bciolatek podpali\u0142 zabawki<br>Z ustale\u0144 policji wynika, \u017ce \u017ar\u00f3d\u0142em po\u017caru by\u0142o zachowanie sze\u015bcioletniego ch\u0142opca. Dziecko mia\u0142o u\u017cy\u0107 zapalniczki i podpali\u0107 w\u0142asne zabawki. Ogie\u0144 pojawi\u0142 si\u0119 w mieszkaniu znajduj\u0105cym si\u0119 w budynku mieszkalnym w Reczu.<\/p>\n\n\n\n<p class=\"wp-block-paragraph\">Sytuacja by\u0142a ju\u017c powa\u017cna, gdy na miejsce zacz\u0119\u0142y dociera\u0107 s\u0142u\u017cby. Z komunikatu Ochotniczej Stra\u017cy Po\u017carnej w Reczu wynika, \u017ce przed przyjazdem ratownik\u00f3w po\u017car by\u0142 rozwini\u0119ty. Z budynku wydobywa\u0142 si\u0119 r\u00f3wnie\u017c dym.<\/p>\n\n\n\n<p class=\"wp-block-paragraph\">Najpilniejsz\u0105 kwesti\u0105 by\u0142o bezpiecze\u0144stwo os\u00f3b znajduj\u0105cych si\u0119 w \u015brodku. Dwoje ma\u0142ych dzieci zosta\u0142o jednak ewakuowanych jeszcze przed rozpocz\u0119ciem dzia\u0142a\u0144 stra\u017cy po\u017carnej. Jak poda\u0142 TVN24.pl, pomogli przypadkowi przechodnie, kt\u00f3rzy wynie\u015bli dzieci z zadymionego budynku.<\/p>\n\n\n\n<p class=\"wp-block-paragraph\">Oboje dzieci trafi\u0142o nast\u0119pnie do szpitala. W przekazanych informacjach nie podano szczeg\u00f3\u0142\u00f3w dotycz\u0105cych ich stanu zdrowia ani dalszego leczenia.<\/p>\n\n\n\n<p class=\"wp-block-paragraph\">Zobacz tak\u017ce: Dobre wie\u015bci dla senior\u00f3w. Przelew przyjdzie jeszcze przed weekendem<br><\/p>\n\n\n\n<p class=\"wp-block-paragraph\">Cztery zast\u0119py stra\u017cy po\u017carnej na miejscu. Mieszka\u0144cy zostali ewakuowani<br>Po dotarciu na miejsce stra\u017cacy rozpocz\u0119li akcj\u0119 ga\u015bnicz\u0105 oraz dalsz\u0105 ewakuacj\u0119 os\u00f3b przebywaj\u0105cych w budynku. W dzia\u0142aniach bra\u0142y udzia\u0142 cztery zast\u0119py stra\u017cy po\u017carnej.<\/p>\n\n\n\n<p class=\"wp-block-paragraph\">Druhowie z Ochotniczej Stra\u017cy Po\u017carnej w Reczu opisali sytuacj\u0119, kt\u00f3r\u0105 zastali po przyje\u017adzie. Z ich relacji wynika, \u017ce oznaki rozwini\u0119tego po\u017caru by\u0142y widoczne tak\u017ce z zewn\u0105trz.<\/p>\n\n\n\n<p class=\"wp-block-paragraph\">\u2013 Dym wydobywa\u0142 si\u0119 oknami. Dzieci ewakuowane zosta\u0142y wcze\u015bniej przez przechodni\u00f3w, my z miejsca zdarzenia ewakuowali\u015bmy pozosta\u0142ych mieszka\u0144c\u00f3w \u2013 zaraportowali druhowie z Ochotniczej Stra\u017cy Po\u017carnej w Reczu, cytowani przez TVN24.<\/p>\n\n\n\n<p class=\"wp-block-paragraph\">Stra\u017cacy zaj\u0119li si\u0119 wi\u0119c nie tylko gaszeniem ognia, ale r\u00f3wnie\u017c wyprowadzeniem pozosta\u0142ych mieszka\u0144c\u00f3w z zagro\u017conego budynku. Szymon \u015aliwa z choszcze\u0144skiej Pa\u0144stwowej Stra\u017cy Po\u017carnej przekaza\u0142, \u017ce ca\u0142a akcja trwa\u0142a oko\u0142o godziny.<\/p>\n\n\n\n<p class=\"wp-block-paragraph\">W dzia\u0142aniach uczestniczy\u0142o kilkunastu ratownik\u00f3w. Informacje przekazane przez s\u0142u\u017cby wskazuj\u0105, \u017ce szybka reakcja przechodni\u00f3w pozwoli\u0142a wynie\u015b\u0107 dzieci jeszcze przed przyjazdem pierwszych zast\u0119p\u00f3w.<br><\/p>\n","protected":false},"excerpt":{"rendered":"6-latek podpali\u0142 zabawki i wybuch\u0142 po\u017car. W akcji wszystkie s\u0142u\u017cby, w takim stanie by\u0142a matka Stra\u017c po\u017carna (zdj. ilustracyjne), fot. Wojciech Olkusnik\/East NewsSze\u015bciolatek \n<a class=\"moretag\" href=\"https:\/\/lifevery.biz.ua\/?p=21773\"> [...]<\/a>","protected":false},"author":1,"featured_media":21774,"comment_status":"open","ping_status":"open","sticky":false,"template":"","format":"standard","meta":{"footnotes":""},"categories":[1],"tags":[],"class_list":["post-21773","post","type-post","status-publish","format-standard","has-post-thumbnail","hentry","category-blog"],"_links":{"self":[{"href":"https:\/\/lifevery.biz.ua\/index.php?rest_route=\/wp\/v2\/posts\/21773","targetHints":{"allow":["GET"]}}],"collection":[{"href":"https:\/\/lifevery.biz.ua\/index.php?rest_route=\/wp\/v2\/posts"}],"about":[{"href":"https:\/\/lifevery.biz.ua\/index.php?rest_route=\/wp\/v2\/types\/post"}],"author":[{"embeddable":true,"href":"https:\/\/lifevery.biz.ua\/index.php?rest_route=\/wp\/v2\/users\/1"}],"replies":[{"embeddable":true,"href":"https:\/\/lifevery.biz.ua\/index.php?rest_route=%2Fwp%2Fv2%2Fcomments&post=21773"}],"version-history":[{"count":1,"href":"https:\/\/lifevery.biz.ua\/index.php?rest_route=\/wp\/v2\/posts\/21773\/revisions"}],"predecessor-version":[{"id":21775,"href":"https:\/\/lifevery.biz.ua\/index.php?rest_route=\/wp\/v2\/posts\/21773\/revisions\/21775"}],"wp:featuredmedia":[{"embeddable":true,"href":"https:\/\/lifevery.biz.ua\/index.php?rest_route=\/wp\/v2\/media\/21774"}],"wp:attachment":[{"href":"https:\/\/lifevery.biz.ua\/index.php?rest_route=%2Fwp%2Fv2%2Fmedia&parent=21773"}],"wp:term":[{"taxonomy":"category","embeddable":true,"href":"https:\/\/lifevery.biz.ua\/index.php?rest_route=%2Fwp%2Fv2%2Fcategories&post=21773"},{"taxonomy":"post_tag","embeddable":true,"href":"https:\/\/lifevery.biz.ua\/index.php?rest_route=%2Fwp%2Fv2%2Ftags&post=21773"}],"curies":[{"name":"wp","href":"https:\/\/api.w.org\/{rel}","templated":true}]}}